{"id":25088122,"date":"2017-12-11T11:45:11","date_gmt":"2017-12-11T11:45:11","guid":{"rendered":"https:\/\/www.upo.es\/diario\/?p=25088122"},"modified":"2017-12-12T07:41:41","modified_gmt":"2017-12-12T07:41:41","slug":"la-facultad-de-ciencias-sociales-celebra-hoy-su-tercer-encuentro-sobre-calidad-e-innovacion-docente","status":"publish","type":"post","link":"https:\/\/www.upo.es\/diario\/docencia-formacion\/2017\/12\/la-facultad-de-ciencias-sociales-celebra-hoy-su-tercer-encuentro-sobre-calidad-e-innovacion-docente\/","title":{"rendered":"La Facultad de Ciencias Sociales celebra su tercer encuentro sobre calidad e innovaci\u00f3n docente"},"content":{"rendered":"<figure id=\"attachment_25088450\" aria-describedby=\"caption-attachment-25088450\" style=\"width: 600px\" class=\"wp-caption aligncenter\"><a href=\"https:\/\/www.upo.es\/diario\/wp-content\/uploads\/2017\/12\/Jorn-Calidad-FCS__20171211.jpg\"><img loading=\"lazy\" decoding=\"async\" class=\"size-large wp-image-25088450\" alt=\"El Encuentro se celebra en la sala de grados de la Biblioteca\" src=\"https:\/\/www.upo.es\/diario\/wp-content\/uploads\/2017\/12\/Jorn-Calidad-FCS__20171211-600x337.jpg\" width=\"600\" height=\"337\" srcset=\"https:\/\/www.upo.es\/diario\/wp-content\/uploads\/2017\/12\/Jorn-Calidad-FCS__20171211-600x337.jpg 600w, https:\/\/www.upo.es\/diario\/wp-content\/uploads\/2017\/12\/Jorn-Calidad-FCS__20171211-320x179.jpg 320w\" sizes=\"auto, (max-width: 600px) 100vw, 600px\" \/><\/a><figcaption id=\"caption-attachment-25088450\" class=\"wp-caption-text\">El Encuentro se celebra en la sala de grados de la Biblioteca<\/figcaption><\/figure>\n<p>La Facultad de Ciencias Sociales de la Universidad Pablo de Olavide celebra hoy, desde las 9.30 horas en la sala de grados de la Biblioteca, su <strong><a href=\"https:\/\/www.upo.es\/export\/portal\/com\/bin\/portal\/fcs\/noticias\/III_Encuentro_Coordinacion_Calidad_Innovacion\/1512978574054_encuentro_academico_coordinacion_11-12-17.pdf\">III Encuentro Acad\u00e9mico Anual para la Coordinaci\u00f3n, Calidad e Innovaci\u00f3n Docente<\/a><\/strong>. Centrado este a\u00f1o en la innovaci\u00f3n y en la mejora de la docencia, el Encuentro tiene como objetivo llegar \u2013entre\u00a0 profesorado y alumnado de la Facultad\u2013 a un punto com\u00fan sobre la idea de innovaci\u00f3n docente para el aprendizaje en distintas disciplinas y debatir sobre las experiencias innovadoras puestas en marcha.<\/p>\n<p>As\u00ed, tras la apertura del Encuentro por la decana, Rosa D\u00edaz Jim\u00e9nez, durante la ma\u00f1ana de hoy tendr\u00e1n lugar las mesas redondas <b>\u2018Innovaci\u00f3n, aprendizaje y transformaci\u00f3n para la calidad. Aproximaciones desde diferentes disciplinas\u2019<\/b>, con participaci\u00f3n de profesorado de los departamentos que imparten docencia en la Facultad de Ciencias Sociales, y <b>\u2018Experiencias de aprendizajes que favorecen el cambio. La perspectiva del alumnado\u2019<\/b>, en la que participa el alumnado y que ha sido organizada por la Delegaci\u00f3n de Estudiantes de la Facultad. Ya por la tarde, habr\u00e1 una presentaci\u00f3n de experiencias docentes innovadoras llevadas a cabo en el centro; las diez ponencias han sido programadas con una duraci\u00f3n de diez minutos cada una, con dos debates, uno tras las cinco primeras y otro al final.<\/p>\n<p>La Facultad de Ciencias Sociales lleva celebrando estas jornadas desde el curso 2015\/2016, fruto de este primer encuentro result\u00f3 el Plan de Mejora del centro, cuyo seguimiento se llev\u00f3 a cabo en la segunda edici\u00f3n que tuvo lugar el curso pasado. Este III Encuentro estar\u00e1 centrado en c\u00f3mo contribuir a la calidad en la ense\u00f1anza y el aprendizaje con la innovaci\u00f3n como eje.<\/p>\n","protected":false},"excerpt":{"rendered":"<p>La Facultad de Ciencias Sociales de la Universidad Pablo de Olavide ha celebrado su III Encuentro Acad\u00e9mico Anual para la Coordinaci\u00f3n, Calidad e Innovaci\u00f3n Docente. Centrado este a\u00f1o en la innovaci\u00f3n y en la mejora de la docencia, el Encuentro tiene como objetivo llegar a un punto com\u00fan sobre la idea de innovaci\u00f3n docente para el aprendizaje en distintas disciplinas y debatir sobre las experiencias innovadoras puestas en marcha.  <\/p>\n","protected":false},"author":6,"featured_media":0,"comment_status":"closed","ping_status":"open","sticky":false,"template":"","format":"standard","meta":{"_monsterinsights_skip_tracking":false,"_monsterinsights_sitenote_active":false,"_monsterinsights_sitenote_note":"","_monsterinsights_sitenote_category":0,"footnotes":""},"categories":[2779],"tags":[1973,487,554,199],"class_list":["post-25088122","post","type-post","status-publish","format-standard","hentry","category-docencia-formacion","tag-docencia","tag-facultad-ciencias-sociales","tag-innovacion","tag-profesorado"],"_links":{"self":[{"href":"https:\/\/www.upo.es\/diario\/wp-json\/wp\/v2\/posts\/25088122","targetHints":{"allow":["GET"]}}],"collection":[{"href":"https:\/\/www.upo.es\/diario\/wp-json\/wp\/v2\/posts"}],"about":[{"href":"https:\/\/www.upo.es\/diario\/wp-json\/wp\/v2\/types\/post"}],"author":[{"embeddable":true,"href":"https:\/\/www.upo.es\/diario\/wp-json\/wp\/v2\/users\/6"}],"replies":[{"embeddable":true,"href":"https:\/\/www.upo.es\/diario\/wp-json\/wp\/v2\/comments?post=25088122"}],"version-history":[{"count":3,"href":"https:\/\/www.upo.es\/diario\/wp-json\/wp\/v2\/posts\/25088122\/revisions"}],"predecessor-version":[{"id":25088452,"href":"https:\/\/www.upo.es\/diario\/wp-json\/wp\/v2\/posts\/25088122\/revisions\/25088452"}],"wp:attachment":[{"href":"https:\/\/www.upo.es\/diario\/wp-json\/wp\/v2\/media?parent=25088122"}],"wp:term":[{"taxonomy":"category","embeddable":true,"href":"https:\/\/www.upo.es\/diario\/wp-json\/wp\/v2\/categories?post=25088122"},{"taxonomy":"post_tag","embeddable":true,"href":"https:\/\/www.upo.es\/diario\/wp-json\/wp\/v2\/tags?post=25088122"}],"curies":[{"name":"wp","href":"https:\/\/api.w.org\/{rel}","templated":true}]}}