{"id":25105188,"date":"2017-12-14T06:18:21","date_gmt":"2017-12-14T06:18:21","guid":{"rendered":"https:\/\/www.upo.es\/diario\/?p=25105188"},"modified":"2020-10-27T14:17:13","modified_gmt":"2020-10-27T13:17:13","slug":"duo-aryaga-cierra-en-2017-el-programa-cultura-minima-de-la-upo-con-un-concierto-de-guitarra-clasica","status":"publish","type":"post","link":"https:\/\/www.upo.es\/diario\/cultura\/2017\/12\/duo-aryaga-cierra-en-2017-el-programa-cultura-minima-de-la-upo-con-un-concierto-de-guitarra-clasica\/","title":{"rendered":"Duo Aryaga cierra en 2017 el Programa Cultura M\u00ednima de la UPO con un concierto de guitarra cl\u00e1sica"},"content":{"rendered":"<p><a href=\"https:\/\/www.upo.es\/diario\/wp-content\/uploads\/2017\/12\/Cartel-DuoAryaga.jpg_1106605325.jpg\"><img loading=\"lazy\" decoding=\"async\" class=\"alignright size-medium wp-image-25105189\" alt=\"Cartel-DuoAryaga.jpg_1106605325\" src=\"https:\/\/www.upo.es\/diario\/wp-content\/uploads\/2017\/12\/Cartel-DuoAryaga.jpg_1106605325-320x225.jpg\" width=\"320\" height=\"225\" \/><\/a>Hoy jueves 14 de diciembre a las 19:30 horas en el espacio sociocultural \u201cEl Entramado\u201d (edificio 42) de la Universidad Pablo de Olavide, se presenta el espect\u00e1culo <b>\u201c441 Hz\u201d<\/b>, un concierto de guitarra cl\u00e1sica de <b>Duo Aryaga<\/b> con un repertorio centrado en la m\u00fasica del siglo XX a trav\u00e9s de compositores como Manuel de Falla, Dusan Bogdanovic, Mario Castelnuevo-Tedesco o Isaac Alb\u00e9niz. Este concierto sirve para clausurar el <b>Programa Cultura M\u00ednima<\/b> de la UPO en 2017 y la entrada tiene un precio de 2 euros.<\/p>\n<p>Duo Aryaga, adem\u00e1s de proponer un concepto cl\u00e1sico, busca algo m\u00e1s intentando abrirse al mundo actual a trav\u00e9s de los medios audiovisuales, mezclando g\u00e9neros que van desde el flamenco a la m\u00fasica electr\u00f3nica. Esta idea tiene como objetivo la creaci\u00f3n de un concepto diferente, conectando la m\u00fasica, la imagen y el movimiento para compartir la personalidad de las artistas y su sentido art\u00edstico con el p\u00fablico.<\/p>\n<p><b>Arielle Krebs<\/b> y <b>Agathe Moreau<\/b> componen Duo Aryaga, que naci\u00f3 en 2013 de la m\u00fasica y la amistad durante sus licenciaturas como solistas en interpretaci\u00f3n de guitarra en el Conservatorio Superior Manuel Castillo de Sevilla. Posteriormente, para continuar su proyecto, las artistas cursaron un M\u00e1ster en Interpretaci\u00f3n de M\u00fasica de C\u00e1mara en el Conservatorio Superior del Liceo de Barcelona. Adem\u00e1s de sus estudios acad\u00e9micos, Krebs y Moreau han tenido la oportunidad de recibir clases magistrales de reconocidos guitarristas como Zoran Dukic, Antonio Duro, Judica\u00ebl Perroy, Lorenzo Micheli y Pablo M\u00e1rquez, entre otros. El d\u00fao est\u00e1 construyendo su propia identidad art\u00edstica realizando conciertos en Espa\u00f1a, Francia y Suiza.<\/p>\n<p>\u201cCultura M\u00ednima\u201d es un espacio para el arte y la cultura emergentes en la Universidad Pablo de Olavide puesto en marcha por el Vicerrectorado de Cultura y Compromiso Social a trav\u00e9s del Servicio de Extensi\u00f3n Cultural de la Unidad de Cultura y Participaci\u00f3n Social. De esta manera, el espacio sociocultural \u201cEl Entramado\u201d se consolida como el espacio estable de la programaci\u00f3n cultural de la Olavide, acogiendo propuestas art\u00edsticas de todas las disciplinas como teatro, danza, flamenco, recitales de poes\u00eda, presentaciones de libros o recitales en ac\u00fastico de agrupaciones musicales y solistas.<\/p>\n<p><b><a href=\"https:\/\/www.upo.es\/upsc\/extension_cultural\/cultura-minima\/\">Programa de Cultura M\u00ednima<\/a><\/b><\/p>\n<p><b>\u00a0<\/b><b><a href=\"https:\/\/www.upo.es\/upsc\/extension_cultural\/agenda\/\">Agenda Servicio de Extensi\u00f3n Cultural de la UPO<\/a><\/b><\/p>\n","protected":false},"excerpt":{"rendered":"<p>El Duo Aryaga presenta el espect\u00e1culo \u00ab441 Hz\u00bb, un concierto de guitarra cl\u00e1sica con un repertorio centrado en la m\u00fasica del siglo XX a trav\u00e9s de compositores como Manuel de Falla, Dusan Bogdanovic, Mario Castelnuevo-Tedesco o Isaac Alb\u00e9niz. Este concierto sirve para clausurar el Programa Cultura M\u00ednima de la UPO en 2017.<\/p>\n","protected":false},"author":14,"featured_media":0,"comment_status":"closed","ping_status":"open","sticky":false,"template":"","format":"standard","meta":{"_monsterinsights_skip_tracking":false,"_monsterinsights_sitenote_active":false,"_monsterinsights_sitenote_note":"","_monsterinsights_sitenote_category":0,"footnotes":""},"categories":[7],"tags":[403,3869,4608,3649,2666],"class_list":["post-25105188","post","type-post","status-publish","format-standard","hentry","category-cultura","tag-concierto","tag-cultura-minima","tag-duo-aryaga","tag-espacio-cultural-el-entramado","tag-guitarra-clasica"],"_links":{"self":[{"href":"https:\/\/www.upo.es\/diario\/wp-json\/wp\/v2\/posts\/25105188","targetHints":{"allow":["GET"]}}],"collection":[{"href":"https:\/\/www.upo.es\/diario\/wp-json\/wp\/v2\/posts"}],"about":[{"href":"https:\/\/www.upo.es\/diario\/wp-json\/wp\/v2\/types\/post"}],"author":[{"embeddable":true,"href":"https:\/\/www.upo.es\/diario\/wp-json\/wp\/v2\/users\/14"}],"replies":[{"embeddable":true,"href":"https:\/\/www.upo.es\/diario\/wp-json\/wp\/v2\/comments?post=25105188"}],"version-history":[{"count":5,"href":"https:\/\/www.upo.es\/diario\/wp-json\/wp\/v2\/posts\/25105188\/revisions"}],"predecessor-version":[{"id":30862333,"href":"https:\/\/www.upo.es\/diario\/wp-json\/wp\/v2\/posts\/25105188\/revisions\/30862333"}],"wp:attachment":[{"href":"https:\/\/www.upo.es\/diario\/wp-json\/wp\/v2\/media?parent=25105188"}],"wp:term":[{"taxonomy":"category","embeddable":true,"href":"https:\/\/www.upo.es\/diario\/wp-json\/wp\/v2\/categories?post=25105188"},{"taxonomy":"post_tag","embeddable":true,"href":"https:\/\/www.upo.es\/diario\/wp-json\/wp\/v2\/tags?post=25105188"}],"curies":[{"name":"wp","href":"https:\/\/api.w.org\/{rel}","templated":true}]}}