{"id":2510937,"date":"2014-01-10T00:57:57","date_gmt":"2014-01-10T00:57:57","guid":{"rendered":"https:\/\/www.upo.es\/diario\/?p=2510937"},"modified":"2014-01-13T13:18:55","modified_gmt":"2014-01-13T13:18:55","slug":"la-upo-acoge-el-lunes-una-jornada-sobre-seguridad-y-gestion-del-riesgo-en-la-industria-aeronautica","status":"publish","type":"post","link":"https:\/\/www.upo.es\/diario\/institucional\/2014\/01\/la-upo-acoge-el-lunes-una-jornada-sobre-seguridad-y-gestion-del-riesgo-en-la-industria-aeronautica\/","title":{"rendered":"La UPO acoge el lunes una jornada sobre seguridad y gesti\u00f3n del riesgo en la industria aeron\u00e1utica"},"content":{"rendered":"<figure id=\"attachment_2510938\" aria-describedby=\"caption-attachment-2510938\" style=\"width: 320px\" class=\"wp-caption alignleft\"><a href=\"https:\/\/www.upo.es\/diario\/wp-content\/uploads\/2014\/01\/JORNADAS-SEGURIDAD-AERONAUTICA.jpg\"><img loading=\"lazy\" decoding=\"async\" class=\"size-medium wp-image-2510938\" alt=\"La Jornada El evento est\u00e1 organizado por la Universidad Pablo de Olavide y Airbus Group\" src=\"https:\/\/www.upo.es\/diario\/wp-content\/uploads\/2014\/01\/JORNADAS-SEGURIDAD-AERONAUTICA-320x213.jpg\" width=\"320\" height=\"213\" srcset=\"https:\/\/www.upo.es\/diario\/wp-content\/uploads\/2014\/01\/JORNADAS-SEGURIDAD-AERONAUTICA-320x213.jpg 320w, https:\/\/www.upo.es\/diario\/wp-content\/uploads\/2014\/01\/JORNADAS-SEGURIDAD-AERONAUTICA-1024x682.jpg 1024w, https:\/\/www.upo.es\/diario\/wp-content\/uploads\/2014\/01\/JORNADAS-SEGURIDAD-AERONAUTICA-600x400.jpg 600w\" sizes=\"auto, (max-width: 320px) 100vw, 320px\" \/><\/a><figcaption id=\"caption-attachment-2510938\" class=\"wp-caption-text\">La Jornada El evento est\u00e1 organizado por la Universidad Pablo de Olavide y Airbus Group<\/figcaption><\/figure>\n<p>El pr\u00f3ximo lunes 13 de enero, a las 09:30 horas, en el sal\u00f3n de grados del edificio 7 de la Universidad Pablo de Olavide, tendr\u00e1 lugar la inauguraci\u00f3n de la Jornada sobre \u201cSeguridad integral y gesti\u00f3n del riesgo operativo en la industria aeron\u00e1utica\u201d, organizada por la Universidad Pablo de Olavide y Airbus Group, con la colaboraci\u00f3n de la Direcci\u00f3n General de Seguridad y Salud Laboral de la Junta de Andaluc\u00eda y la Asociaci\u00f3n Andaluza de Medicina y Salud en el Trabajo.<\/p>\n<p>Dicho acto estar\u00e1 presidido por <b>Laura L\u00f3pez de la Cruz<\/b>, vicepresidenta ejecutiva de la Fundaci\u00f3n Universidad-Sociedad de la UPO; <b>Francisco Javier Zambrana Arellano<\/b>, director general de Seguridad y Salud Laboral de la Junta de Andaluc\u00eda; <b>Jes\u00fas Espinosa Ruiz<\/b>, vicepresidente de Ingenier\u00eda de Fabricaci\u00f3n, Investigaci\u00f3n y Tecnolog\u00eda y director general de la planta de San Pablo de Airbus-Group y <b>Jos\u00e9 Manuel Le\u00f3n Asuero<\/b>, presidente de la Asociaci\u00f3n Andaluza de Medicina y Salud en el Trabajo.<\/p>\n<p>El riesgo operativo es inherente a los procesos industriales en general, y al aeron\u00e1utico en particular. Aunque no puede ser eliminado en su totalidad, ha de ser gestionado, controlado y, en determinados casos, mitigado. En este sentido, debido a que todo empleado de la organizaci\u00f3n implicado en un proceso industrial debe asumir, gestionar y controlar el riesgo, es necesario dotar a los responsables de equipos o de procesos de la formaci\u00f3n necesaria con el objetivo de garantizar el nivel de seguridad y calidad deseado.<\/p>\n<p>De esta manera, debido a la importancia de la seguridad y gesti\u00f3n del riesgo en dicho sector, la organizaci\u00f3n de esta jornada persigue un doble objetivo: Por un lado, exponer el estado actual de la prevenci\u00f3n de riesgos laborales en la industria aeron\u00e1utica y, por otro, se\u00f1alar los retos a los que se enfrentan los profesionales de la industria, vinculados a los riesgos derivados de los nuevos procesos y materiales de fabricaci\u00f3n.<\/p>\n<p>La asistencia al seminario es gratuita, e incluye diploma de asistencia. Para reservar plaza, es necesario enviar un correo electr\u00f3nico a la siguiente direcci\u00f3n: <a title=\"sigroaerospace@upo.es\" href=\"mailto:sigroaerospace@upo.es\" target=\"_blank\"><b>sigroaerospace@upo.es<\/b><\/a><\/p>\n<p>&gt;\u00a0<a title=\"Programa (pdf)\" href=\"http:\/\/www.upo.es\/upo_opencms\/export\/sites\/upo\/Galerias\/Descargas\/InfoEstudiantes\/Programa_Jornada_Seguridad_Aeronautica.pdf\">\u201cSeguridad integral y gesti\u00f3n del riesgo operativo en la industria aeron\u00e1utica\u201d &#8211; Programa (pdf)<\/a><\/p>\n","protected":false},"excerpt":{"rendered":"<p>El pr\u00f3ximo lunes 13 de enero, a las 09:30 horas, en el sal\u00f3n de grados del edificio 7 de la Universidad Pablo de Olavide, tendr\u00e1 lugar la inauguraci\u00f3n de la Jornada sobre \u201cSeguridad integral y gesti\u00f3n del riesgo operativo en la industria aeron\u00e1utica\u201d, organizada por la Universidad Pablo de Olavide y Airbus Group, con la colaboraci\u00f3n de la Direcci\u00f3n General de Seguridad y Salud Laboral de la Junta de Andaluc\u00eda y la Asociaci\u00f3n Andaluza de Medicina y Salud en el Trabajo. <\/p>\n","protected":false},"author":6,"featured_media":0,"comment_status":"closed","ping_status":"open","sticky":false,"template":"","format":"standard","meta":{"_monsterinsights_skip_tracking":false,"_monsterinsights_sitenote_active":false,"_monsterinsights_sitenote_note":"","_monsterinsights_sitenote_category":0,"footnotes":""},"categories":[6],"tags":[47,1073,514,347,348,218,483,437],"class_list":["post-2510937","post","type-post","status-publish","format-standard","hentry","category-institucional","tag-fundaciones","tag-industria","tag-jornada","tag-prevencion","tag-riesgos-laborales","tag-salud","tag-seguridad","tag-trabajo"],"_links":{"self":[{"href":"https:\/\/www.upo.es\/diario\/wp-json\/wp\/v2\/posts\/2510937","targetHints":{"allow":["GET"]}}],"collection":[{"href":"https:\/\/www.upo.es\/diario\/wp-json\/wp\/v2\/posts"}],"about":[{"href":"https:\/\/www.upo.es\/diario\/wp-json\/wp\/v2\/types\/post"}],"author":[{"embeddable":true,"href":"https:\/\/www.upo.es\/diario\/wp-json\/wp\/v2\/users\/6"}],"replies":[{"embeddable":true,"href":"https:\/\/www.upo.es\/diario\/wp-json\/wp\/v2\/comments?post=2510937"}],"version-history":[{"count":6,"href":"https:\/\/www.upo.es\/diario\/wp-json\/wp\/v2\/posts\/2510937\/revisions"}],"predecessor-version":[{"id":2538644,"href":"https:\/\/www.upo.es\/diario\/wp-json\/wp\/v2\/posts\/2510937\/revisions\/2538644"}],"wp:attachment":[{"href":"https:\/\/www.upo.es\/diario\/wp-json\/wp\/v2\/media?parent=2510937"}],"wp:term":[{"taxonomy":"category","embeddable":true,"href":"https:\/\/www.upo.es\/diario\/wp-json\/wp\/v2\/categories?post=2510937"},{"taxonomy":"post_tag","embeddable":true,"href":"https:\/\/www.upo.es\/diario\/wp-json\/wp\/v2\/tags?post=2510937"}],"curies":[{"name":"wp","href":"https:\/\/api.w.org\/{rel}","templated":true}]}}