{"id":2511327,"date":"2014-01-10T01:56:32","date_gmt":"2014-01-10T01:56:32","guid":{"rendered":"https:\/\/www.upo.es\/diario\/?p=2511327"},"modified":"2014-01-13T12:53:07","modified_gmt":"2014-01-13T12:53:07","slug":"zapatero-abre-con-una-conferencia-el-seminario-internacional-transiciones-democraticas-y-calidad-de-la-democracia","status":"publish","type":"post","link":"https:\/\/www.upo.es\/diario\/institucional\/2014\/01\/zapatero-abre-con-una-conferencia-el-seminario-internacional-transiciones-democraticas-y-calidad-de-la-democracia\/","title":{"rendered":"Zapatero abre con una conferencia el seminario internacional \u00abTransiciones democr\u00e1ticas y calidad de la democracia\u00bb"},"content":{"rendered":"<figure id=\"attachment_2511328\" aria-describedby=\"caption-attachment-2511328\" style=\"width: 320px\" class=\"wp-caption alignright\"><a href=\"https:\/\/www.upo.es\/diario\/wp-content\/uploads\/2014\/01\/300_3205484-W.jpg\"><img loading=\"lazy\" decoding=\"async\" class=\"size-medium wp-image-2511328\" alt=\"Jos\u00e9 Luis Rodr\u00edguez Zapatero impartir\u00e1 la conferencia inaugural &quot;Transici\u00f3n y memoria&quot;.  Cr\u00e9dito: Universal Image Group\" src=\"https:\/\/www.upo.es\/diario\/wp-content\/uploads\/2014\/01\/300_3205484-W-320x212.jpg\" width=\"320\" height=\"212\" srcset=\"https:\/\/www.upo.es\/diario\/wp-content\/uploads\/2014\/01\/300_3205484-W-320x212.jpg 320w, https:\/\/www.upo.es\/diario\/wp-content\/uploads\/2014\/01\/300_3205484-W-600x398.jpg 600w, https:\/\/www.upo.es\/diario\/wp-content\/uploads\/2014\/01\/300_3205484-W.jpg 800w\" sizes=\"auto, (max-width: 320px) 100vw, 320px\" \/><\/a><figcaption id=\"caption-attachment-2511328\" class=\"wp-caption-text\">Jos\u00e9 Luis Rodr\u00edguez Zapatero impartir\u00e1 la conferencia inaugural \u00abTransici\u00f3n y memoria\u00bb. Cr\u00e9dito: Universal Image Group<\/figcaption><\/figure>\n<p style=\"text-align: justify;\"><b><span style=\"text-decoration: underline;\">El pr\u00f3ximo lunes 13 de enero, a las 10.30 horas en el Paraninfo de la Universidad Pablo de Olavide<\/span><\/b>, Jos\u00e9 Luis Rodr\u00edguez Zapatero, ex presidente del Gobierno de Espa\u00f1a, impartir\u00e1 la conferencia inaugural \u201cTransici\u00f3n y memoria\u201d del <b>seminario internacional \u201cTransiciones democr\u00e1ticas y calidad de la democracia: perspectivas comparadas Brasil-Espa\u00f1a\u201d<\/b>, que se enmarca dentro del M\u00e1ster Universitario en Derechos Humanos, Interculturalidad y Desarrollo de la UPO-UNIA, dirigido por Vicente Guzm\u00e1n y Carol Proner.<\/p>\n<p style=\"text-align: justify;\"><span style=\"text-decoration: underline;\">Previamente, a las 10 horas<\/span>, el encuentro ser\u00e1 inaugurado porel rector de la Universidad Pablo de Olavide, Vicente Guzm\u00e1n; el rector de la Universidad Internacional de Andaluc\u00eda, Eugenio Dom\u00ednguez; el secretario nacional de Justicia de Brasil y presidente de la Comisi\u00f3n de Amnist\u00eda del Ministerio de Justicia de Brasil, Paulo Abr\u00e3o, y la presidenta del Consejo Social de la UPO, Amparo Rubiales.<\/p>\n<p style=\"text-align: justify;\">El seminario, que se desarrollar\u00e1 hasta el 15 de enero, tiene como objetivo propiciar una reflexi\u00f3n comparada entre los modelos de transici\u00f3n en Brasil y en Espa\u00f1a y sobre los desaf\u00edos y soluciones del porvenir en materia de memoria, justicia y reparaciones.<\/p>\n<figure id=\"attachment_2511329\" aria-describedby=\"caption-attachment-2511329\" style=\"width: 320px\" class=\"wp-caption alignright\"><a href=\"https:\/\/www.upo.es\/diario\/wp-content\/uploads\/2014\/01\/transiciones_democraticas_y_calidad_de_la_democracia.jpg\"><img loading=\"lazy\" decoding=\"async\" class=\"size-medium wp-image-2511329\" alt=\"El encuentro se celebrar\u00e1 del 13 al 15 de enero en la UPO\" src=\"https:\/\/www.upo.es\/diario\/wp-content\/uploads\/2014\/01\/transiciones_democraticas_y_calidad_de_la_democracia-320x217.jpg\" width=\"320\" height=\"217\" srcset=\"https:\/\/www.upo.es\/diario\/wp-content\/uploads\/2014\/01\/transiciones_democraticas_y_calidad_de_la_democracia-320x217.jpg 320w, https:\/\/www.upo.es\/diario\/wp-content\/uploads\/2014\/01\/transiciones_democraticas_y_calidad_de_la_democracia-1024x697.jpg 1024w, https:\/\/www.upo.es\/diario\/wp-content\/uploads\/2014\/01\/transiciones_democraticas_y_calidad_de_la_democracia-600x408.jpg 600w\" sizes=\"auto, (max-width: 320px) 100vw, 320px\" \/><\/a><figcaption id=\"caption-attachment-2511329\" class=\"wp-caption-text\">El encuentro se celebrar\u00e1 del 13 al 15 de enero en la UPO<\/figcaption><\/figure>\n<p style=\"text-align: justify;\">La Universidad Pablo de Olavide acoge as\u00ed durante tres d\u00edas este encuentro, que contar\u00e1 con la participaci\u00f3n de <b>Baltasar Garz\u00f3n<\/b>, juez espa\u00f1ol y director de la Fundaci\u00f3n Baltasar Garz\u00f3n; <b>Paulo Abr\u00e3o<\/b>, secretario nacional de Justicia de Brasil y presidente de la Comisi\u00f3n de Amnist\u00eda del Ministerio de Justicia de Brasil; <b>Luis Gabriel Naranjo<\/b>, director general de la Memoria Democr\u00e1tica de Andaluc\u00eda, y <b>Paqui Maqueda<\/b>, vicepresidenta de la Asociaci\u00f3n Andaluza de Memoria Hist\u00f3rica y Justicia, entre otros. Los ponentes participar\u00e1n en las distintas mesas organizadas con motivo del seminario en las que se abordar\u00e1n temas como la calidad de la democracia tras el legado autoritario; el derecho a la memoria, trauma y reparaci\u00f3n en Brasil y Espa\u00f1a; la afirmaci\u00f3n de los Derechos Humanos en el contexto Iberoamericano; la memoria hist\u00f3rica en Andaluc\u00eda, y la nueva agenda de la transici\u00f3n democr\u00e1tica en Brasil.<\/p>\n<p style=\"text-align: justify;\">El seminario Internacional \u201cTransiciones Democr\u00e1ticas y Calidad de la Democracia\u201d est\u00e1 organizado por el M\u00e1ster Universitario en Derechos Humanos, Interculturalidad y Desarrollo de la Universidad Pablo de Olavide y la Universidad Internacional de Andaluc\u00eda; el Ministerio de Justicia de Brasil; el programa de mestrado en Derechos Fundamentales y Democracia-UniBrasil; el Laboratorio de Derechos Humanos de la UFRJ-Brasil, y la Fundaci\u00f3n Baltasar Garz\u00f3n (FIGBAR).<\/p>\n<p style=\"text-align: justify;\"><a href=\"https:\/\/www.upo.es\/diario\/wp-content\/uploads\/2014\/01\/prog_stransicionesdemocraticas.pdf\">Programa del seminario internacional \u00abTransiciones democr\u00e1ticas y calidad de la democracia\u00bb<\/a><\/p>\n","protected":false},"excerpt":{"rendered":"<p>El pr\u00f3ximo lunes 13 de enero, a las 10.30 horas en el Paraninfo de la Universidad Pablo de Olavide, Jos\u00e9 Luis Rodr\u00edguez Zapatero, ex presidente del Gobierno de Espa\u00f1a, impartir\u00e1 la conferencia inaugural \u201cTransici\u00f3n y memoria\u201d del seminario internacional \u201cTransiciones democr\u00e1ticas y calidad de la democracia: perspectivas comparadas Brasil-Espa\u00f1a\u201d, que se enmarca dentro del M\u00e1ster Universitario en Derechos Humanos, Interculturalidad y Desarrollo de la UPO-UNIA, dirigido por Vicente Guzm\u00e1n y Carol Proner.<\/p>\n","protected":false},"author":4,"featured_media":0,"comment_status":"closed","ping_status":"open","sticky":false,"template":"","format":"standard","meta":{"_monsterinsights_skip_tracking":false,"_monsterinsights_sitenote_active":false,"_monsterinsights_sitenote_note":"","_monsterinsights_sitenote_category":0,"footnotes":""},"categories":[6],"tags":[154,744,92,118,76,82,78],"class_list":["post-2511327","post","type-post","status-publish","format-standard","hentry","category-institucional","tag-brasil","tag-democracia","tag-derechos-humanos","tag-master","tag-politica","tag-postgrado","tag-seminario"],"_links":{"self":[{"href":"https:\/\/www.upo.es\/diario\/wp-json\/wp\/v2\/posts\/2511327","targetHints":{"allow":["GET"]}}],"collection":[{"href":"https:\/\/www.upo.es\/diario\/wp-json\/wp\/v2\/posts"}],"about":[{"href":"https:\/\/www.upo.es\/diario\/wp-json\/wp\/v2\/types\/post"}],"author":[{"embeddable":true,"href":"https:\/\/www.upo.es\/diario\/wp-json\/wp\/v2\/users\/4"}],"replies":[{"embeddable":true,"href":"https:\/\/www.upo.es\/diario\/wp-json\/wp\/v2\/comments?post=2511327"}],"version-history":[{"count":7,"href":"https:\/\/www.upo.es\/diario\/wp-json\/wp\/v2\/posts\/2511327\/revisions"}],"predecessor-version":[{"id":2538631,"href":"https:\/\/www.upo.es\/diario\/wp-json\/wp\/v2\/posts\/2511327\/revisions\/2538631"}],"wp:attachment":[{"href":"https:\/\/www.upo.es\/diario\/wp-json\/wp\/v2\/media?parent=2511327"}],"wp:term":[{"taxonomy":"category","embeddable":true,"href":"https:\/\/www.upo.es\/diario\/wp-json\/wp\/v2\/categories?post=2511327"},{"taxonomy":"post_tag","embeddable":true,"href":"https:\/\/www.upo.es\/diario\/wp-json\/wp\/v2\/tags?post=2511327"}],"curies":[{"name":"wp","href":"https:\/\/api.w.org\/{rel}","templated":true}]}}