{"id":2538637,"date":"2014-01-13T06:16:00","date_gmt":"2014-01-13T06:16:00","guid":{"rendered":"https:\/\/www.upo.es\/diario\/?p=2538637"},"modified":"2014-01-14T07:11:54","modified_gmt":"2014-01-14T07:11:54","slug":"la-seguridad-y-prevencion-de-riesgos-laborales-en-la-industria-aeronautica-a-debate-en-la-upo","status":"publish","type":"post","link":"https:\/\/www.upo.es\/diario\/institucional\/2014\/01\/la-seguridad-y-prevencion-de-riesgos-laborales-en-la-industria-aeronautica-a-debate-en-la-upo\/","title":{"rendered":"La seguridad y prevenci\u00f3n de riesgos laborales en la industria aeron\u00e1utica, a debate en la UPO"},"content":{"rendered":"<figure id=\"attachment_2538638\" aria-describedby=\"caption-attachment-2538638\" style=\"width: 320px\" class=\"wp-caption alignright\"><a href=\"https:\/\/www.upo.es\/diario\/wp-content\/uploads\/2014\/01\/jairbus.jpg\"><img loading=\"lazy\" decoding=\"async\" class=\"size-medium wp-image-2538638\" alt=\"Mesa de inauguraci\u00f3n de las Jornadas: Desde la izquierda: Francisco Javier Zambrana, director general de Seguridad y Salud Laboral de la Junta de Andaluc\u00eda; Laura L\u00f3pez de la Cruz, vicepresidenta ejecutiva de la Fundaci\u00f3n Universidad-Sociedad de la UPO; Jes\u00fas Espinosa, director general de la planta de San Pablo de Airbus-Group, y Jos\u00e9 Manuel Le\u00f3n, presidente de la Asociaci\u00f3n Andaluza de Medicina y Salud en el Trabajo\" src=\"https:\/\/www.upo.es\/diario\/wp-content\/uploads\/2014\/01\/jairbus-320x183.jpg\" width=\"320\" height=\"183\" srcset=\"https:\/\/www.upo.es\/diario\/wp-content\/uploads\/2014\/01\/jairbus-320x183.jpg 320w, https:\/\/www.upo.es\/diario\/wp-content\/uploads\/2014\/01\/jairbus-1024x588.jpg 1024w, https:\/\/www.upo.es\/diario\/wp-content\/uploads\/2014\/01\/jairbus-600x344.jpg 600w\" sizes=\"auto, (max-width: 320px) 100vw, 320px\" \/><\/a><figcaption id=\"caption-attachment-2538638\" class=\"wp-caption-text\">Desde la izquierda: Francisco J. Zambrana, director general de Seguridad y Salud Laboral de la Junta de Andaluc\u00eda; Laura L\u00f3pez de la Cruz, vicepresidenta ejecutiva de la Fundaci\u00f3n Universidad-Sociedad de la UPO; Jes\u00fas Espinosa, director general de la planta de San Pablo de Airbus-Group, y Jos\u00e9 Manuel Le\u00f3n, presidente de la Asociaci\u00f3n Andaluza de Medicina y Salud en el Trabajo<\/figcaption><\/figure>\n<p>La Universidad Pablo de Olavide ha acogido hoy la inauguraci\u00f3n de la Jornada sobre \u201cSeguridad integral y gesti\u00f3n del riesgo operativo en la industria aeron\u00e1utica\u201d, organizada por la UPO y Airbus Group, con la colaboraci\u00f3n de la Direcci\u00f3n General de Seguridad y Salud Laboral de la Junta de Andaluc\u00eda y la Asociaci\u00f3n Andaluza de Medicina y Salud en el Trabajo.<\/p>\n<p>Dicho acto ha estado presidido por Laura L\u00f3pez de la Cruz, vicepresidenta ejecutiva de la Fundaci\u00f3n Universidad-Sociedad de la UPO; Francisco Javier Zambrana Arellano, director general de Seguridad y Salud Laboral de la Junta de Andaluc\u00eda; Jes\u00fas Espinosa Ruiz, vicepresidente de Ingenier\u00eda de Fabricaci\u00f3n, Investigaci\u00f3n y Tecnolog\u00eda y director general de la planta de San Pablo de Airbus-Group y Jos\u00e9 Manuel Le\u00f3n Asuero, presidente de la Asociaci\u00f3n Andaluza de Medicina y Salud en el Trabajo.<\/p>\n<p>Debido a la importancia de la seguridad y gesti\u00f3n del riesgo en dicho sector, la puesta en marcha de esta jornada persigue un doble objetivo: Por un lado, exponer el estado actual de la prevenci\u00f3n de riesgos laborales en la industria aeron\u00e1utica y, por otro, se\u00f1alar los retos a los que se enfrentan los profesionales de la industria, vinculados a los riesgos derivados de los nuevos procesos y materiales de fabricaci\u00f3n.<\/p>\n<p>Durante la inauguraci\u00f3n del evento, la vicepresidenta ejecutiva de la Fundaci\u00f3n Universidad-Sociedad de la UPO ha declarado que es un motivo de enorme satisfacci\u00f3n la celebraci\u00f3n de esta jornada, debido a la relevancia de su tem\u00e1tica. Y es que \u201ccuanto m\u00e1s complicado es el proceso productivo, como sucede en el caso de la industria aeron\u00e1utica, mayores riesgos asumen las personas. De ah\u00ed la importancia de crear una aut\u00e9ntica cultura de prevenci\u00f3n de riesgos laborales en las empresas\u201d.<\/p>\n<p>Aunque reconoce que se ha avanzando mucho en esta materia, Laura L\u00f3pez ha se\u00f1alado que la formaci\u00f3n sigue siendo un pilar fundamental a la hora de aplicar correctamente\u00a0 la normativa en prevenci\u00f3n de riesgos, de ah\u00ed que la celebraci\u00f3n de este tipo eventos sea una prioridad para la Universidad y la Fundaci\u00f3n.<\/p>\n<p>Por su parte, el director general de la planta de San Pablo de Airbus-Group ha declarado que m\u00e1s de 100 empresas que dan empleo a unas 11.000 personas componen el sector aeron\u00e1tico en Andaluc\u00eda, \u201cque crece cada a\u00f1o un 4,5 por ciento, generando trabajo y riqueza en nuestra comunidad aut\u00f3noma\u201d. De esta manera, Jes\u00fas Espinosa ha manifestado que \u201cel riesgo operativo es inherente a los procesos industriales en general, y al aeron\u00e1utico en particular, debido a los continuos cambios que experimenta. De ah\u00ed que en nuestra empresa se trabaje de manera muy importante la formaci\u00f3n y la prevenci\u00f3n, para evitar el mayor n\u00famero de riesgos\u201d.<\/p>\n<p>Por otro lado, el director general de Seguridad y Salud Laboral de la Junta de Andaluc\u00eda ha considerado que es fundamental descubrir nuevas pr\u00e1cticas en materia de cultura preventiva para que puedan extrapolarse a otras empresas. Asimismo, Francisco Javier Zambrana ha anunciado su intenci\u00f3n de relanzar la l\u00ednea de incentivos para pymes y aut\u00f3nomos en proyectos de prevenci\u00f3n de riesgos laborales.<\/p>\n<p>Por \u00faltimo, el presidente de la Asociaci\u00f3n Andaluza de Medicina y Salud en el Trabajo ha considerado que la labor del m\u00e9dico y del t\u00e9cnico de prevenci\u00f3n debe hacerse en el mismo centro de trabajo, \u201cpero el hecho de que la formaci\u00f3n se imparta en el \u00e1mbito universitario es esencial. La industria aeron\u00e1utica en Andaluc\u00eda es puntera en cuanto a desarrollo tecnol\u00f3gico, por ello debemos trabajar para que estos avances no degraden la salud de las personas, que pasan un tercio de su vida trabajando\u201d, seg\u00fan Jos\u00e9 Manuel Le\u00f3n.<\/p>\n<p>&nbsp;<\/p>\n","protected":false},"excerpt":{"rendered":"<p>La Universidad Pablo de Olavide ha acogido la inauguraci\u00f3n de la Jornada sobre \u201cSeguridad integral y gesti\u00f3n del riesgo operativo en la industria aeron\u00e1utica\u201d, organizada por la UPO y Airbus Group, con la colaboraci\u00f3n de la Direcci\u00f3n General de Seguridad y Salud Laboral de la Junta de Andaluc\u00eda y la Asociaci\u00f3n Andaluza de Medicina y Salud en el Trabajo. <\/p>\n","protected":false},"author":6,"featured_media":0,"comment_status":"closed","ping_status":"open","sticky":false,"template":"","format":"standard","meta":{"_monsterinsights_skip_tracking":false,"_monsterinsights_sitenote_active":false,"_monsterinsights_sitenote_note":"","_monsterinsights_sitenote_category":0,"footnotes":""},"categories":[6],"tags":[47,1073,84,347,348,218,483,437],"class_list":["post-2538637","post","type-post","status-publish","format-standard","hentry","category-institucional","tag-fundaciones","tag-industria","tag-jornadas","tag-prevencion","tag-riesgos-laborales","tag-salud","tag-seguridad","tag-trabajo"],"_links":{"self":[{"href":"https:\/\/www.upo.es\/diario\/wp-json\/wp\/v2\/posts\/2538637","targetHints":{"allow":["GET"]}}],"collection":[{"href":"https:\/\/www.upo.es\/diario\/wp-json\/wp\/v2\/posts"}],"about":[{"href":"https:\/\/www.upo.es\/diario\/wp-json\/wp\/v2\/types\/post"}],"author":[{"embeddable":true,"href":"https:\/\/www.upo.es\/diario\/wp-json\/wp\/v2\/users\/6"}],"replies":[{"embeddable":true,"href":"https:\/\/www.upo.es\/diario\/wp-json\/wp\/v2\/comments?post=2538637"}],"version-history":[{"count":5,"href":"https:\/\/www.upo.es\/diario\/wp-json\/wp\/v2\/posts\/2538637\/revisions"}],"predecessor-version":[{"id":2545565,"href":"https:\/\/www.upo.es\/diario\/wp-json\/wp\/v2\/posts\/2538637\/revisions\/2545565"}],"wp:attachment":[{"href":"https:\/\/www.upo.es\/diario\/wp-json\/wp\/v2\/media?parent=2538637"}],"wp:term":[{"taxonomy":"category","embeddable":true,"href":"https:\/\/www.upo.es\/diario\/wp-json\/wp\/v2\/categories?post=2538637"},{"taxonomy":"post_tag","embeddable":true,"href":"https:\/\/www.upo.es\/diario\/wp-json\/wp\/v2\/tags?post=2538637"}],"curies":[{"name":"wp","href":"https:\/\/api.w.org\/{rel}","templated":true}]}}