{"id":25432457,"date":"2018-01-23T00:58:36","date_gmt":"2018-01-22T23:58:36","guid":{"rendered":"https:\/\/www.upo.es\/diario\/?p=25432457"},"modified":"2020-10-27T15:20:45","modified_gmt":"2020-10-27T14:20:45","slug":"el-analisis-de-la-actualidad-del-trabajo-y-los-derechos-sociales-en-un-seminario-de-la-upo-y-la-unia","status":"publish","type":"post","link":"https:\/\/www.upo.es\/diario\/institucional\/2018\/01\/el-analisis-de-la-actualidad-del-trabajo-y-los-derechos-sociales-en-un-seminario-de-la-upo-y-la-unia\/","title":{"rendered":"El an\u00e1lisis de la actualidad del trabajo y los derechos sociales, en un seminario de la UPO y la UNIA"},"content":{"rendered":"<p><a href=\"https:\/\/www.upo.es\/diario\/wp-content\/uploads\/2018\/01\/cartel-seminario-el-mundo-del-trabajo.jpg\"><img loading=\"lazy\" decoding=\"async\" class=\"alignright size-medium wp-image-25432458\" alt=\"cartel-seminario-el-mundo-del-trabajo\" src=\"https:\/\/www.upo.es\/diario\/wp-content\/uploads\/2018\/01\/cartel-seminario-el-mundo-del-trabajo-320x250.jpg\" width=\"320\" height=\"250\" \/><\/a>Hoy martes 23 de enero a las 17:00 horas en la Sala de Grados del edificio 7 de la Universidad Pablo de Olavide, dar\u00e1 comienzo el <b>Seminario de Teor\u00eda Cr\u00edtica de Derechos Humanos: El Mundo del Trabajo, la Deconstrucci\u00f3n de los Derechos Sociales y Alternativas para su Enfrentamiento<\/b>. Este encuentro est\u00e1 organizado por el <a href=\"https:\/\/www.upo.es\/postgrado\/Master-Oficial-Derechos-Humanos-Interculturalidad-y-Desarrollo\">M\u00e1ster en Derechos Humanos, Interculturalidad y Desarrollo<\/a> de la <b>UPO<\/b> y la <b>UNIA<\/b> (Universidad Internacional de Andaluc\u00eda) junto con el <b>Instituto Joaqu\u00edn Herrera Flores<\/b>. El acceso es libre hasta completar aforo.<\/p>\n<p>El acto ser\u00e1 presentado por <b>Francisco Infante Ruiz<\/b>, uno de los directores del Programa de M\u00e1ster junto con <b>Lina G\u00e1lvez Mu\u00f1oz<\/b> y <b>Carol Proner<\/b>, que dar\u00e1 paso a la conferencia de apertura por parte de <b>Roberto Caldas<\/b>, presidente de la Corte Interamericana de Derechos Humanos.<\/p>\n<p>Este seminario se articula en torno a tres mesas redondas que tienen por t\u00edtulo: \u201c\u00bfDe qu\u00e9 lucha venimos y en qu\u00e9 momento estamos en la relaci\u00f3n capital por trabajo?\u201d, que se desarrollar\u00e1 el mismo martes 23 de enero a partir de las 18:00 horas; \u201cDerecho al Trabajo, Derecho de los Trabajadores y Derechos Sociales. Amenazas actuales en Brasil y Espa\u00f1a\u201d, el mi\u00e9rcoles desde las 16:00 horas; y, por \u00faltimo el jueves a la misma hora, \u201cOrganismos Internacionales, organizaciones y movimientos sociales: Agendas frente al ataque neoliberal a los derechos sociales\u201d. Para concluir, <b>Antonio Baylos<\/b>, catedr\u00e1tico de Derecho del Trabajo de la Universidad de Castilla La Mancha, pronunciar\u00e1 la conferencia de clausura.<\/p>\n<p>Adem\u00e1s, colaboran con el Seminario Internacional Neoliberalismo y Democracia Sobrante: Instituto Novos Paradigmas (Brasil), la Fundaci\u00f3n Rosario Valpuesta, el Instituto Declatra (Brasil), la Escuela Universitaria CESUSC (Brasil) y el M\u00e1ster y Doctorado en Derecho de la Facultad Nacional de Derecho de la Universidad Federal de R\u00edo de Janeiro.<\/p>\n<ul>\n<li>M\u00e1s informaci\u00f3n sobre el <a href=\"http:\/\/joaquinherreraflores.org\/content\/noticias\/seminario-de-teoria-critica-de-derechos-humanos-el-mundo-del-trabajo-la\">Seminario de Teor\u00eda Cr\u00edtica de Derechos Humanos: El Mundo del Trabajo, la Deconstrucci\u00f3n de los Derechos Sociales y Alternativas para su Enfrentamiento<\/a>.<\/li>\n<\/ul>\n","protected":false},"excerpt":{"rendered":"<p>La Universidad Pablo de Olavide acoge el Seminario de Teor\u00eda Cr\u00edtica de Derechos Humanos: El Mundo del Trabajo, la Deconstrucci\u00f3n de los Derechos Sociales y Alternativas para su Enfrentamiento. Este encuentro est\u00e1 organizado por el M\u00e1ster en Derechos Humanos, Interculturalidad y Desarrollo de la UPO y la UNIA (Universidad Internacional de Andaluc\u00eda) junto con el Instituto Joaqu\u00edn Herrera Flores. El acceso es libre hasta completar aforo.<\/p>\n","protected":false},"author":14,"featured_media":0,"comment_status":"closed","ping_status":"open","sticky":false,"template":"","format":"standard","meta":{"_monsterinsights_skip_tracking":false,"_monsterinsights_sitenote_active":false,"_monsterinsights_sitenote_note":"","_monsterinsights_sitenote_category":0,"footnotes":""},"categories":[6],"tags":[3526,4641,3832,78,437,170],"class_list":["post-25432457","post","type-post","status-publish","format-standard","hentry","category-institucional","tag-derechos-sociales","tag-instituto-joaquin-herrera-flores","tag-master-en-derechos-humanos-interculturalidad-y-desarrollo","tag-seminario","tag-trabajo","tag-unia"],"_links":{"self":[{"href":"https:\/\/www.upo.es\/diario\/wp-json\/wp\/v2\/posts\/25432457","targetHints":{"allow":["GET"]}}],"collection":[{"href":"https:\/\/www.upo.es\/diario\/wp-json\/wp\/v2\/posts"}],"about":[{"href":"https:\/\/www.upo.es\/diario\/wp-json\/wp\/v2\/types\/post"}],"author":[{"embeddable":true,"href":"https:\/\/www.upo.es\/diario\/wp-json\/wp\/v2\/users\/14"}],"replies":[{"embeddable":true,"href":"https:\/\/www.upo.es\/diario\/wp-json\/wp\/v2\/comments?post=25432457"}],"version-history":[{"count":2,"href":"https:\/\/www.upo.es\/diario\/wp-json\/wp\/v2\/posts\/25432457\/revisions"}],"predecessor-version":[{"id":30862868,"href":"https:\/\/www.upo.es\/diario\/wp-json\/wp\/v2\/posts\/25432457\/revisions\/30862868"}],"wp:attachment":[{"href":"https:\/\/www.upo.es\/diario\/wp-json\/wp\/v2\/media?parent=25432457"}],"wp:term":[{"taxonomy":"category","embeddable":true,"href":"https:\/\/www.upo.es\/diario\/wp-json\/wp\/v2\/categories?post=25432457"},{"taxonomy":"post_tag","embeddable":true,"href":"https:\/\/www.upo.es\/diario\/wp-json\/wp\/v2\/tags?post=25432457"}],"curies":[{"name":"wp","href":"https:\/\/api.w.org\/{rel}","templated":true}]}}