{"id":25441325,"date":"2018-01-23T13:47:12","date_gmt":"2018-01-23T12:47:12","guid":{"rendered":"https:\/\/www.upo.es\/diario\/?p=25441325"},"modified":"2020-10-27T15:21:02","modified_gmt":"2020-10-27T14:21:02","slug":"la-iv-carrera-popular-universidad-pablo-de-olavide-se-celebrara-el-3-de-marzo","status":"publish","type":"post","link":"https:\/\/www.upo.es\/diario\/institucional\/2018\/01\/la-iv-carrera-popular-universidad-pablo-de-olavide-se-celebrara-el-3-de-marzo\/","title":{"rendered":"La IV Carrera Popular Universidad Pablo de Olavide se celebrar\u00e1 el 3 de marzo"},"content":{"rendered":"<figure id=\"attachment_25441326\" aria-describedby=\"caption-attachment-25441326\" style=\"width: 600px\" class=\"wp-caption aligncenter\"><a href=\"https:\/\/www.upo.es\/diario\/wp-content\/uploads\/2018\/01\/present-IV-carrera-popular-UPO-1.jpg\"><img loading=\"lazy\" decoding=\"async\" class=\"size-large wp-image-25441326\" alt=\"Acto de presentaci\u00f3n de la IV Carrera Popular de la UPO\" src=\"https:\/\/www.upo.es\/diario\/wp-content\/uploads\/2018\/01\/present-IV-carrera-popular-UPO-1-600x400.jpg\" width=\"600\" height=\"400\" \/><\/a><figcaption id=\"caption-attachment-25441326\" class=\"wp-caption-text\">Alhassane Bangoura, Eugenio Fedriani, Marcos Zamora, Pilar Rodr\u00edguez,\u00a0 Antonio Fern\u00e1ndez, Vicente Guzm\u00e1n, Amparo Rubiales, David Naranjo y \u00c1frica Calvo<\/figcaption><\/figure>\n<p><span style=\"text-decoration: underline;\">El rector de la Universidad Pablo de Olavide, <b>Vicente Guzm\u00e1n Fluja<\/b>, ha presidido hoy el acto de presentaci\u00f3n de la IV Carrera Popular Universidad Pablo de Olavide, organizada por el <b>Servicio de Deportes<\/b> y la <b>Fundaci\u00f3n Universidad Pablo de Olavide<\/b>, que se celebrar\u00e1 el pr\u00f3ximo 3 de marzo en el campus de la UPO.\u00a0<\/span><\/p>\n<p>A dicho acto han asistido tambi\u00e9n <b>Antonio Fern\u00e1ndez Mart\u00ednez<\/b>, secretario general para el Deporte de la Junta de Andaluc\u00eda; <b>Amparo Rubiales Torrej\u00f3n<\/b>, presidenta del Consejo Social de la UPO; <b>David Naranjo Gil<\/b>, vicepresidente ejecutivo de Fundaciones de la Universidad Pablo de Olavide; <b>Luis Miguel Pons Moriche<\/b>, subdirector de Acci\u00f3n Social de la Fundaci\u00f3n Cajasol; y <b>Marcos Zamora Herranz<\/b>, director general de Autismo Sevilla. Adem\u00e1s, tambi\u00e9n se ha contado con la presencia de los atletas <b>Alhassane Bangoura<\/b> y <b>Gonzalo Garc\u00eda<\/b>, as\u00ed como representantes de empresas y entidades patrocinadoras y colaboradoras.<\/p>\n<p>La IV Carrera Popular, cuya salida y meta estar\u00e1n situadas en la Plaza de Am\u00e9rica, dar\u00e1 comienzo a las 11:00 horas y tendr\u00e1 un recorrido de ocho kil\u00f3metros. Los participantes contar\u00e1n con servicio de guardarropa y avituallamiento gratuitos durante el recorrido y en la zona de meta. Adem\u00e1s, se contar\u00e1 con servicio de ludoteca gratuito para los hijos e hijas de los corredores, en los que estar\u00e1n presentes monitores especializados que realizar\u00e1n actividades con los m\u00e1s peque\u00f1os que acudan a este evento acompa\u00f1ados de sus padres y madres.<\/p>\n<p>Posteriormente, tanto los corredores como sus acompa\u00f1antes podr\u00e1n disfrutar de la fiesta \u2018<i>after running<\/i>\u2019, un lugar de ocio en el que se entregar\u00e1n los trofeos a los mejores participantes, se celebrar\u00e1 una fiesta latina danz\u00f3n, con cardio kick box y donde se podr\u00e1n degustar diferentes productos. Todo ello con la animaci\u00f3n del <i>showman<\/i> Arturo de Alan\u00eds y la m\u00fasica en directo de la banda callejera \u2018La banda de Brallan\u2019.<\/p>\n<figure id=\"attachment_25441681\" aria-describedby=\"caption-attachment-25441681\" style=\"width: 320px\" class=\"wp-caption alignright\"><a href=\"https:\/\/www.upo.es\/diario\/wp-content\/uploads\/2018\/01\/present-IV-carrera-popular-UPO-2.jpg\"><img loading=\"lazy\" decoding=\"async\" class=\"size-medium wp-image-25441681\" alt=\"Marcos Zamora, Antonio Fern\u00e1ndez, Vicente Guzm\u00e1n, Amparo Rubiales y David Naranjo\" src=\"https:\/\/www.upo.es\/diario\/wp-content\/uploads\/2018\/01\/present-IV-carrera-popular-UPO-2-320x213.jpg\" width=\"320\" height=\"213\" \/><\/a><figcaption id=\"caption-attachment-25441681\" class=\"wp-caption-text\">Marcos Zamora, Antonio Fern\u00e1ndez, Vicente Guzm\u00e1n, Amparo Rubiales y David Naranjo<\/figcaption><\/figure>\n<p>El rector de la Universidad Pablo de Olavide ha valorado muy positivamente la puesta en marcha de esta iniciativa deportiva universitaria, cuya tercera edici\u00f3n se celebr\u00f3 el pasado curso acad\u00e9mico con la participaci\u00f3n de 1.100 corredores. Adem\u00e1s, Vicente Guzm\u00e1n ha afirmado que con este evento la UPO lanza tres mensajes importantes: una universidad comprometida con su entorno por el car\u00e1cter solidario de la prueba; por otro lado, fomentar y concienciar sobre la cultura de una vida saludable; y, en tercer lugar, que el deporte es un elemento integrador de la formaci\u00f3n universitaria.<\/p>\n<p>En la misma l\u00ednea se ha manifestado el secretario general para el Deporte con respecto a este evento, que pretende sensibilizar sobre la importancia de los beneficios de la actividad f\u00edsica y el estilo de vida saludable. Antonio Fern\u00e1ndez ha comentado que esta carrera se va consolidando y mejorando en cada edici\u00f3n, poniendo de manifiesto el compromiso de la UPO como universidad p\u00fablica por el deporte.<\/p>\n<p>Las categor\u00edas en las que se competir\u00e1, tanto masculinas y femeninas, ser\u00e1n las siguientes: categor\u00eda absoluta, para inscritos nacidos hasta 2002 inclusive; categor\u00eda alumnado UPO<b>, <\/b>para estudiantes de la Universidad Pablo de Olavide, tanto de grado, postgrado o doctorado; categor\u00eda PDI-UPO, para todo aquel personal docente e investigador de esta universidad; categor\u00eda administraci\u00f3n y servicios de la UPO\/FUPO, para todo el personal de administraci\u00f3n y servicios de la Universidad Pablo de Olavide y de la Fundaci\u00f3n Universidad Pablo de Olavide, as\u00ed como el personal de empresas externas que trabajan en la universidad (seguridad, limpieza, mantenimiento, etc\u00e9tera); categor\u00eda veteranos, para los inscritos nacidos en el a\u00f1o 1983 o anteriores; categor\u00eda clubes\/entidades, para los clubes o entidades que se inscriban en la carrera (exentas las entidades de la comunidad universitaria de la UPO).<\/p>\n<p>Habr\u00e1 trofeo para el primer clasificado de cada categor\u00eda y medalla para el segundo y tercer puesto, as\u00ed como cheques regalo de distintas entidades colaboradoras. Adem\u00e1s, se premiar\u00e1 al club que inscriba m\u00e1s participantes, a la facultad de la UPO con mayor n\u00famero de inscritos y a los corredores de mayor edad.<\/p>\n<p>La inscripci\u00f3n a la carrera tendr\u00e1 un coste de 5 euros. Con ella, a cada participante se le har\u00e1 entrega de una bolsa del corredor, que incluye: camiseta t\u00e9cnica, bid\u00f3n y dorsal personalizado, cronometraje con chip gestionado por Dorsal Chip y seguro individual. Un euro de cada inscripci\u00f3n se destinar\u00e1 a Autismo Sevilla.<\/p>\n<p>La recogida de los dorsales con chip y de la bolsa del corredor se podr\u00e1 realizar desde el 26 de febrero al 2 de marzo en las oficinas del Servicio de Deportes de la Universidad Pablo de Olavide (edificio 18, Celestino Mutis). El horario de recogida ser\u00e1 de 9:00 a 14:00 horas y de 16:00 a 20:00 horas.<\/p>\n<p>La inscripci\u00f3n puede realizarse a trav\u00e9s de la web del Servicio de Deportes de la Universidad Pablo de Olavide: <a href=\"https:\/\/www.upo.es\/sdupo\/\">www.upo.es\/sdupo<\/a>.<\/p>\n","protected":false},"excerpt":{"rendered":"<p>El rector de la Universidad Pablo de Olavide, Vicente Guzm\u00e1n Fluja, ha presidido en la Fundaci\u00f3n Cajasol el acto de presentaci\u00f3n de la IV Carrera Popular Universidad Pablo de Olavide, organizada por el Servicio de Deportes y la Fundaci\u00f3n Universidad Pablo de Olavide, que se celebrar\u00e1 el pr\u00f3ximo 3 de marzo en el campus de la UPO. <\/p>\n","protected":false},"author":14,"featured_media":0,"comment_status":"closed","ping_status":"open","sticky":false,"template":"","format":"standard","meta":{"_monsterinsights_skip_tracking":false,"_monsterinsights_sitenote_active":false,"_monsterinsights_sitenote_note":"","_monsterinsights_sitenote_category":0,"footnotes":""},"categories":[6],"tags":[4642,2238,541,2078,2474,334,38,4638,492],"class_list":["post-25441325","post","type-post","status-publish","format-standard","hentry","category-institucional","tag-autismo-sevilla","tag-carrera-popular","tag-deporte","tag-fundacion-cajasol","tag-fundacion-universidad-pablo-de-olavide","tag-presentacion","tag-rector","tag-secretario-general-para-el-deporte","tag-servicio-de-deportes"],"_links":{"self":[{"href":"https:\/\/www.upo.es\/diario\/wp-json\/wp\/v2\/posts\/25441325","targetHints":{"allow":["GET"]}}],"collection":[{"href":"https:\/\/www.upo.es\/diario\/wp-json\/wp\/v2\/posts"}],"about":[{"href":"https:\/\/www.upo.es\/diario\/wp-json\/wp\/v2\/types\/post"}],"author":[{"embeddable":true,"href":"https:\/\/www.upo.es\/diario\/wp-json\/wp\/v2\/users\/14"}],"replies":[{"embeddable":true,"href":"https:\/\/www.upo.es\/diario\/wp-json\/wp\/v2\/comments?post=25441325"}],"version-history":[{"count":3,"href":"https:\/\/www.upo.es\/diario\/wp-json\/wp\/v2\/posts\/25441325\/revisions"}],"predecessor-version":[{"id":30862867,"href":"https:\/\/www.upo.es\/diario\/wp-json\/wp\/v2\/posts\/25441325\/revisions\/30862867"}],"wp:attachment":[{"href":"https:\/\/www.upo.es\/diario\/wp-json\/wp\/v2\/media?parent=25441325"}],"wp:term":[{"taxonomy":"category","embeddable":true,"href":"https:\/\/www.upo.es\/diario\/wp-json\/wp\/v2\/categories?post=25441325"},{"taxonomy":"post_tag","embeddable":true,"href":"https:\/\/www.upo.es\/diario\/wp-json\/wp\/v2\/tags?post=25441325"}],"curies":[{"name":"wp","href":"https:\/\/api.w.org\/{rel}","templated":true}]}}