{"id":25449470,"date":"2018-01-25T06:03:23","date_gmt":"2018-01-25T05:03:23","guid":{"rendered":"https:\/\/www.upo.es\/diario\/?p=25449470"},"modified":"2020-10-27T15:21:08","modified_gmt":"2020-10-27T14:21:08","slug":"la-susi-en-el-iii-ciclo-cultural-las-mujeres-como-transmisoras-del-flamenco-de-la-upo","status":"publish","type":"post","link":"https:\/\/www.upo.es\/diario\/cultura\/2018\/01\/la-susi-en-el-iii-ciclo-cultural-las-mujeres-como-transmisoras-del-flamenco-de-la-upo\/","title":{"rendered":"\u201cLa Susi\u201d en el III Ciclo Cultural Las Mujeres como Transmisoras del Flamenco de la UPO"},"content":{"rendered":"<figure id=\"attachment_25449471\" aria-describedby=\"caption-attachment-25449471\" style=\"width: 320px\" class=\"wp-caption alignright\"><a href=\"https:\/\/www.upo.es\/diario\/wp-content\/uploads\/2018\/01\/La-Susi-1.jpg\"><img loading=\"lazy\" decoding=\"async\" class=\"size-medium wp-image-25449471\" alt=\"Susana Amador &quot;La Susi&quot; (Foto: IAF)\" src=\"https:\/\/www.upo.es\/diario\/wp-content\/uploads\/2018\/01\/La-Susi-1-320x212.jpg\" width=\"320\" height=\"212\" \/><\/a><figcaption id=\"caption-attachment-25449471\" class=\"wp-caption-text\">Susana Amador \u00abLa Susi\u00bb (Foto: IAF)<\/figcaption><\/figure>\n<p>Hoy jueves 25 de enero, a las 18:30 horas en el Sal\u00f3n de Actos del Centro Andaluz de Biolog\u00eda del Desarrollo (CABD) del campus de la Universidad Pablo de Olavide, tendr\u00e1 lugar una nueva sesi\u00f3n del <b>III Ciclo Cultural \u201cLas mujeres como transmisoras del flamenco\u201d<\/b>, con la participaci\u00f3n de la cantaora \u201c<b>La Susi<\/b>\u201d. La entrada es libre hasta completar aforo.<\/p>\n<p>Este ciclo est\u00e1 organizado por la Pe\u00f1a Universitaria Sentir Flamenco de la UPO con la colaboraci\u00f3n del Instituto Andaluz del Flamenco de la Junta de Andaluc\u00eda, el Vicerrectorado de Cultura y Compromiso Social de la UPO y el CABD. En cada sesi\u00f3n, adem\u00e1s de su actuaci\u00f3n, la artista participa en un coloquio que sirve para ahondar en sus experiencias e ideas sobre el tema del ciclo. Susana Amador Santiago, \u201cLa Susi\u201d (Alicante, 1955), comenz\u00f3 su carrera art\u00edstica como bailaora en los m\u00e1s relevantes tablaos flamenco de la \u00e9poca. Sin embargo, con 17 a\u00f1os grab\u00f3 su primer \u00e1lbum de la mano de Paco de Luc\u00eda, que result\u00f3 ser el comienzo de una extensa carrera discogr\u00e1fica.<\/p>\n<p>Pr\u00f3ximamente, en una tercera sesi\u00f3n que tendr\u00e1 lugar en el mes de marzo, ser\u00e1 la bailaora <b>\u00darsula L\u00f3pez <\/b>quien participe en este ciclo. Con estas artistas, el III Ciclo Cultural \u201cLas mujeres como transmisoras del flamenco\u201d, pretende dar testimonio un a\u00f1o m\u00e1s del protagonismo femenino en este g\u00e9nero, tanto en el cante como en el baile, con mujeres de especial significaci\u00f3n y valor.<\/p>\n<p>Este ciclo se est\u00e1 convirtiendo en un cl\u00e1sico como encuentro cultural de la Universidad Pablo de Olavide gracias tambi\u00e9n a la categor\u00eda de las flamencas que participaron en ediciones anteriores como In\u00e9s Bac\u00e1n, Esperanza Fern\u00e1ndez, Carmen Ledesma, Carmen Linares, Alba Molina, Angelita Montoya, Mari Pe\u00f1a y Pepa Vargas.<\/p>\n<p>La Pe\u00f1a Universitaria Sentir Flamenco de la Universidad Pablo de Olavide articula sus acciones en el Programa Artes y Formaci\u00f3n, el cual est\u00e1 integrado en las l\u00edneas de trabajo del Servicio de Extensi\u00f3n Cultural del Vicerrectorado de Cultura y Compromiso Social. Esta pe\u00f1a, considerando las dimensiones antropol\u00f3gicas del flamenco, propone actividades de calidad en las que no se trata solo de disfrutar de espect\u00e1culos, sino de aprender del mismo como fen\u00f3meno cultural.<\/p>\n<ul>\n<li><a href=\"https:\/\/www.upo.es\/upsc\/extension_cultural\/agenda\/\"><b>Agenda del Servicio de Extensi\u00f3n Cultural de la UPO<\/b><\/a><\/li>\n<\/ul>\n","protected":false},"excerpt":{"rendered":"<p>Este ciclo est\u00e1 organizado por la Pe\u00f1a Universitaria Sentir Flamenco de la UPO con la colaboraci\u00f3n del Instituto Andaluz del Flamenco de la Junta de Andaluc\u00eda, el Vicerrectorado de Cultura y Compromiso Social de la UPO y el CABD. En cada sesi\u00f3n, adem\u00e1s de su actuaci\u00f3n, la artista participa en un coloquio que sirve para ahondar en sus experiencias e ideas sobre el tema del ciclo.<\/p>\n","protected":false},"author":14,"featured_media":0,"comment_status":"closed","ping_status":"open","sticky":false,"template":"","format":"standard","meta":{"_monsterinsights_skip_tracking":false,"_monsterinsights_sitenote_active":false,"_monsterinsights_sitenote_note":"","_monsterinsights_sitenote_category":0,"footnotes":""},"categories":[7],"tags":[43,5834,93,3939,4643,4387,2667],"class_list":["post-25449470","post","type-post","status-publish","format-standard","hentry","category-cultura","tag-cabd","tag-cultura","tag-flamenco","tag-instituto-andaluz-del-flamenco","tag-la-susi","tag-pena-universitaria-sentir-flamenco","tag-vicerrectorado-de-cultura-y-compromiso-social"],"_links":{"self":[{"href":"https:\/\/www.upo.es\/diario\/wp-json\/wp\/v2\/posts\/25449470","targetHints":{"allow":["GET"]}}],"collection":[{"href":"https:\/\/www.upo.es\/diario\/wp-json\/wp\/v2\/posts"}],"about":[{"href":"https:\/\/www.upo.es\/diario\/wp-json\/wp\/v2\/types\/post"}],"author":[{"embeddable":true,"href":"https:\/\/www.upo.es\/diario\/wp-json\/wp\/v2\/users\/14"}],"replies":[{"embeddable":true,"href":"https:\/\/www.upo.es\/diario\/wp-json\/wp\/v2\/comments?post=25449470"}],"version-history":[{"count":3,"href":"https:\/\/www.upo.es\/diario\/wp-json\/wp\/v2\/posts\/25449470\/revisions"}],"predecessor-version":[{"id":30862341,"href":"https:\/\/www.upo.es\/diario\/wp-json\/wp\/v2\/posts\/25449470\/revisions\/30862341"}],"wp:attachment":[{"href":"https:\/\/www.upo.es\/diario\/wp-json\/wp\/v2\/media?parent=25449470"}],"wp:term":[{"taxonomy":"category","embeddable":true,"href":"https:\/\/www.upo.es\/diario\/wp-json\/wp\/v2\/categories?post=25449470"},{"taxonomy":"post_tag","embeddable":true,"href":"https:\/\/www.upo.es\/diario\/wp-json\/wp\/v2\/tags?post=25449470"}],"curies":[{"name":"wp","href":"https:\/\/api.w.org\/{rel}","templated":true}]}}