{"id":25458732,"date":"2018-01-26T00:01:35","date_gmt":"2018-01-25T23:01:35","guid":{"rendered":"https:\/\/www.upo.es\/diario\/?p=25458732"},"modified":"2020-10-27T15:21:25","modified_gmt":"2020-10-27T14:21:25","slug":"tercera-sesion-del-ciclo-de-conferencias-de-estudios-sobre-europa-el-mundo-mediterraneo-y-su-difusion-atlantica","status":"publish","type":"post","link":"https:\/\/www.upo.es\/diario\/institucional\/2018\/01\/tercera-sesion-del-ciclo-de-conferencias-de-estudios-sobre-europa-el-mundo-mediterraneo-y-su-difusion-atlantica\/","title":{"rendered":"Tercera sesi\u00f3n del ciclo de conferencias de Estudios sobre Europa, el mundo mediterr\u00e1neo y su difusi\u00f3n atl\u00e1ntica"},"content":{"rendered":"<p><a href=\"https:\/\/www.upo.es\/diario\/wp-content\/uploads\/2018\/01\/Cartel-Hilario-Casado-y-Rafael-Gir\u00f3n-1.jpg\"><img loading=\"lazy\" decoding=\"async\" class=\"alignright size-medium wp-image-25458733\" alt=\"Cartel Hilario Casado y Rafael Gir\u00f3n-1\" src=\"https:\/\/www.upo.es\/diario\/wp-content\/uploads\/2018\/01\/Cartel-Hilario-Casado-y-Rafael-Gir\u00f3n-1-226x320.jpg\" width=\"226\" height=\"320\" \/><\/a>Hoy viernes 26 de enero, el <b>Grupo de Investigaci\u00f3n Estudios sobre Europa, el mundo mediterr\u00e1neo y su difusi\u00f3n atl\u00e1ntica<\/b> y el <b>Proyecto Polycentricstates<\/b> del \u00c1rea de Historia Moderna de la Universidad Pablo de Olavide organizan la tercera sesi\u00f3n del ciclo de conferencias de este curso acad\u00e9mico, que est\u00e1 vinculado al Doctorado en Historia y Estudios Human\u00edsticos: Europa, Am\u00e9rica, Arte y Lenguas. El encuentro tendr\u00e1 lugar en el seminario 2 del edificio 2 del campus a partir de las 16:00 horas. La entrada es libre hasta completar aforo.<\/p>\n<p>Esta sesi\u00f3n contar\u00e1 con la participaci\u00f3n de <b>Hilario Casado Alonso<\/b>, de la Universidad de Valladolid, con la conferencia \u201cLos seguros mar\u00edtimos: observatorio privilegiado del comercio y de la navegaci\u00f3n en el siglo XVI\u201d; y <b>Rafael M. Gir\u00f3n Pascual<\/b>, de la Universidad de C\u00f3rdoba, que desarrollar\u00e1 la ponencia \u201cProducci\u00f3n, comercio y redes comerciales entre Europa y el Nuevo Mundo a finales del siglo XVI\u201d.<\/p>\n<p>El <a href=\"https:\/\/www.upo.es\/investiga\/polycentricstates\/presentacion\/\">Proyecto Polycentricstates<\/a>, proyecto de investigaci\u00f3n del Ministerio de Econom\u00eda y Competitividad, analiza el modelo polic\u00e9ntrico de soberan\u00eda compartida de los siglos XVI-XVIII como una v\u00eda alternativa en la construcci\u00f3n del Estado Moderno. De esta forma, se comprenden complejas estructuras pol\u00edticas alejadas de los principios de soberan\u00eda plena bodiniana que permiten entender c\u00f3mo el modelo nacional, centralizado y homog\u00e9neo propio de Francia estaba lejos de ser la \u00fanica v\u00eda de articulaci\u00f3n estatal en la Edad Moderna y no era, ni tan siquiera, la preponderante.<\/p>\n","protected":false},"excerpt":{"rendered":"<p>El Grupo de Investigaci\u00f3n Estudios sobre Europa, el mundo mediterr\u00e1neo y su difusi\u00f3n atl\u00e1ntica y el Proyecto Polycentricstates del \u00c1rea de Historia Moderna de la Universidad Pablo de Olavide organizan la tercera sesi\u00f3n del ciclo de conferencias de este curso acad\u00e9mico, que est\u00e1 vinculado al Doctorado en Historia y Estudios Human\u00edsticos: Europa, Am\u00e9rica, Arte y Lenguas. <\/p>\n","protected":false},"author":14,"featured_media":0,"comment_status":"closed","ping_status":"open","sticky":false,"template":"","format":"standard","meta":{"_monsterinsights_skip_tracking":false,"_monsterinsights_sitenote_active":false,"_monsterinsights_sitenote_note":"","_monsterinsights_sitenote_category":0,"footnotes":""},"categories":[6],"tags":[1516,1110,2577,4652,4650,4651],"class_list":["post-25458732","post","type-post","status-publish","format-standard","hentry","category-institucional","tag-area-de-historia-moderna","tag-ciclo-de-conferencias","tag-doctorado-en-historia-y-estudios-humanisticos","tag-estado-moderno","tag-proyecto-polycentricstates","tag-soberania-compartida"],"_links":{"self":[{"href":"https:\/\/www.upo.es\/diario\/wp-json\/wp\/v2\/posts\/25458732","targetHints":{"allow":["GET"]}}],"collection":[{"href":"https:\/\/www.upo.es\/diario\/wp-json\/wp\/v2\/posts"}],"about":[{"href":"https:\/\/www.upo.es\/diario\/wp-json\/wp\/v2\/types\/post"}],"author":[{"embeddable":true,"href":"https:\/\/www.upo.es\/diario\/wp-json\/wp\/v2\/users\/14"}],"replies":[{"embeddable":true,"href":"https:\/\/www.upo.es\/diario\/wp-json\/wp\/v2\/comments?post=25458732"}],"version-history":[{"count":2,"href":"https:\/\/www.upo.es\/diario\/wp-json\/wp\/v2\/posts\/25458732\/revisions"}],"predecessor-version":[{"id":30862335,"href":"https:\/\/www.upo.es\/diario\/wp-json\/wp\/v2\/posts\/25458732\/revisions\/30862335"}],"wp:attachment":[{"href":"https:\/\/www.upo.es\/diario\/wp-json\/wp\/v2\/media?parent=25458732"}],"wp:term":[{"taxonomy":"category","embeddable":true,"href":"https:\/\/www.upo.es\/diario\/wp-json\/wp\/v2\/categories?post=25458732"},{"taxonomy":"post_tag","embeddable":true,"href":"https:\/\/www.upo.es\/diario\/wp-json\/wp\/v2\/tags?post=25458732"}],"curies":[{"name":"wp","href":"https:\/\/api.w.org\/{rel}","templated":true}]}}