{"id":25510170,"date":"2018-02-01T00:02:50","date_gmt":"2018-01-31T23:02:50","guid":{"rendered":"https:\/\/www.upo.es\/diario\/?p=25510170"},"modified":"2020-10-27T15:22:24","modified_gmt":"2020-10-27T14:22:24","slug":"manana-en-la-upo-jornada-formativa-sobre-la-convocatoria-ciencia-con-y-para-la-sociedad-de-h2020","status":"publish","type":"post","link":"https:\/\/www.upo.es\/diario\/institucional\/2018\/02\/manana-en-la-upo-jornada-formativa-sobre-la-convocatoria-ciencia-con-y-para-la-sociedad-de-h2020\/","title":{"rendered":"Jornada formativa sobre la convocatoria \u201cCiencia con y para la Sociedad\u201d de H2020 en la UPO"},"content":{"rendered":"<p><span style=\"text-decoration: underline;\"><a href=\"https:\/\/www.upo.es\/diario\/wp-content\/uploads\/2018\/01\/Foto-SwafS.jpg\"><img loading=\"lazy\" decoding=\"async\" class=\"alignright size-medium wp-image-25510171\" alt=\"Foto SwafS\" src=\"https:\/\/www.upo.es\/diario\/wp-content\/uploads\/2018\/01\/Foto-SwafS-320x240.jpg\" width=\"320\" height=\"240\" \/><\/a>Hoy jueves 1 de febrero a las 10:15 horas en la Sala de Grados de la Biblioteca, dar\u00e1 comienzo la jornada formativa sobre la convocatoria \u201c<b>Ciencia con y para la Sociedad<\/b>\u201d (SwafS) organizada por la Universidad Pablo de Olavide y la Agencia Andaluza del Conocimiento. Esta acci\u00f3n forma parte del Programa Marco Europeo de Investigaci\u00f3n Horizonte 2020.<\/span><\/p>\n<p>Durante la jornada, se informar\u00e1 sobre las diversas convocatorias\u00a0 de \u201cCiencia con y para la Sociedad\u201d para el a\u00f1o 2018 en una conferencia que correr\u00e1 a cargo de <b>Raquel Saiz<\/b> y <b>Roc\u00edo Castrillo<\/b> -Punto Nacional de Contacto de SwafS-. Adem\u00e1s, el acto contar\u00e1 con la participaci\u00f3n de <b>Javier Valls<\/b>, profesor de la Universidad de Granada y miembro del equipo de investigaci\u00f3n del Proyecto Europeo SIENNA, cuyo objetivo es evaluar el impacto \u00e9tico y en los Derechos Humanos de los nuevos avances en gen\u00e9tica y nuevas tecnolog\u00edas. Valls expondr\u00e1 en su presentaci\u00f3n diferentes casos de participaci\u00f3n exitosa en el Programa SwafS &#8211; H2020.<\/p>\n<p>Asimismo, esta jornada es una oportunidad para recibir asesoramiento e informaci\u00f3n personalizada por parte del Punto Nacional de Contacto para las personas interesadas en participar en las pr\u00f3ximas convocatorias de este programa.<\/p>\n<p><b>SwafS<\/b> es un programa transversal que tiene como objetivo promover la investigaci\u00f3n y la innovaci\u00f3n responsables (RII) a partir de una serie de acciones destinadas a impulsar la participaci\u00f3n de la ciudadan\u00eda en Ciencia, as\u00ed como aspectos \u00e9ticos y de g\u00e9nero en la investigaci\u00f3n. Las\u00a0 convocatorias de 2018 se cierran el 10 de abril y cuentan con un presupuesto total de m\u00e1s de 60M\u20ac.<\/p>\n","protected":false},"excerpt":{"rendered":"<p>Hoy jueves 1 de febrero a las 10:15 horas en la Sala de Grados de la Biblioteca, dar\u00e1 comienzo la jornada formativa sobre la convocatoria \u201cCiencia con y para la Sociedad\u201d (SwafS) organizada por la Universidad Pablo de Olavide y la Agencia Andaluza del Conocimiento. Esta acci\u00f3n forma parte del Programa Marco Europeo de Investigaci\u00f3n Horizonte 2020.<\/p>\n","protected":false},"author":14,"featured_media":0,"comment_status":"closed","ping_status":"open","sticky":false,"template":"","format":"standard","meta":{"_monsterinsights_skip_tracking":false,"_monsterinsights_sitenote_active":false,"_monsterinsights_sitenote_note":"","_monsterinsights_sitenote_category":0,"footnotes":""},"categories":[6],"tags":[5833,1961,733,4670,146,4671],"class_list":["post-25510170","post","type-post","status-publish","format-standard","hentry","category-institucional","tag-ciencia","tag-convocatoria","tag-h2020","tag-jornada-formativa","tag-sociedad","tag-swafs"],"_links":{"self":[{"href":"https:\/\/www.upo.es\/diario\/wp-json\/wp\/v2\/posts\/25510170","targetHints":{"allow":["GET"]}}],"collection":[{"href":"https:\/\/www.upo.es\/diario\/wp-json\/wp\/v2\/posts"}],"about":[{"href":"https:\/\/www.upo.es\/diario\/wp-json\/wp\/v2\/types\/post"}],"author":[{"embeddable":true,"href":"https:\/\/www.upo.es\/diario\/wp-json\/wp\/v2\/users\/14"}],"replies":[{"embeddable":true,"href":"https:\/\/www.upo.es\/diario\/wp-json\/wp\/v2\/comments?post=25510170"}],"version-history":[{"count":2,"href":"https:\/\/www.upo.es\/diario\/wp-json\/wp\/v2\/posts\/25510170\/revisions"}],"predecessor-version":[{"id":30862351,"href":"https:\/\/www.upo.es\/diario\/wp-json\/wp\/v2\/posts\/25510170\/revisions\/30862351"}],"wp:attachment":[{"href":"https:\/\/www.upo.es\/diario\/wp-json\/wp\/v2\/media?parent=25510170"}],"wp:term":[{"taxonomy":"category","embeddable":true,"href":"https:\/\/www.upo.es\/diario\/wp-json\/wp\/v2\/categories?post=25510170"},{"taxonomy":"post_tag","embeddable":true,"href":"https:\/\/www.upo.es\/diario\/wp-json\/wp\/v2\/tags?post=25510170"}],"curies":[{"name":"wp","href":"https:\/\/api.w.org\/{rel}","templated":true}]}}