{"id":25511616,"date":"2018-01-31T14:52:52","date_gmt":"2018-01-31T14:52:52","guid":{"rendered":"https:\/\/www.upo.es\/diario\/?p=25511616"},"modified":"2018-02-02T13:01:46","modified_gmt":"2018-02-02T13:01:46","slug":"el-rector-en-el-acto-de-tomas-de-posesion-tenemos-que-dar-un-salto-cualitativo-que-merecemos","status":"publish","type":"post","link":"https:\/\/www.upo.es\/diario\/institucional\/2018\/01\/el-rector-en-el-acto-de-tomas-de-posesion-tenemos-que-dar-un-salto-cualitativo-que-merecemos\/","title":{"rendered":"El rector en el acto de tomas de posesi\u00f3n: \u201cTenemos que dar un salto cualitativo que merecemos\u201d"},"content":{"rendered":"<p><a href=\"https:\/\/www.upo.es\/diario\/wp-content\/uploads\/2018\/01\/TP_31012018_1.jpg\"><img loading=\"lazy\" decoding=\"async\" class=\"aligncenter size-large wp-image-25511618\" alt=\"TP_31012018_1\" src=\"https:\/\/www.upo.es\/diario\/wp-content\/uploads\/2018\/01\/TP_31012018_1-600x337.jpg\" width=\"600\" height=\"337\" srcset=\"https:\/\/www.upo.es\/diario\/wp-content\/uploads\/2018\/01\/TP_31012018_1-600x337.jpg 600w, https:\/\/www.upo.es\/diario\/wp-content\/uploads\/2018\/01\/TP_31012018_1-320x179.jpg 320w\" sizes=\"auto, (max-width: 600px) 100vw, 600px\" \/><\/a>Hoy mi\u00e9rcoles se ha celebrado en la Sala de Grados del edificio 7 el acto p\u00fablico de tomas de posesi\u00f3n de nuevos cargos de gesti\u00f3n y acad\u00e9micos de la Universidad Pablo de Olavide, en un acto que ha estado presidido por el rector <b>Vicente Guzm\u00e1n Fluja<\/b>.<\/p>\n<p>El rector ha querido destacar en su intervenci\u00f3n el reto que afrontar\u00e1 la Universidad Pablo de Olavide en los pr\u00f3ximos tres o cinco a\u00f1os, \u201ccuando habr\u00e1 que tomar decisiones trascendentales para el futuro de la UPO porque hay que avanzar dando un salto cualitativo que merecemos. Nuestras decisiones respecto a un nuevo modelo docente o las titulaciones, nos har\u00e1n m\u00e1s competitivos frente a retos como la internacionalizaci\u00f3n o una organizaci\u00f3n interna m\u00e1s eficiente. Todo ello con la tranquilidad de que, en cuanto a financiaci\u00f3n, vamos a tener una mejor situaci\u00f3n\u201d, ha se\u00f1alado. Por otra parte, Vicente Guzm\u00e1n ha felicitado a la comunidad universitaria por su compromiso y responsabilidad: \u201cLa Universidad Pablo de Olavide funciona y es una buena universidad porque todos y todas hemos trabajado por ella. Es bueno que sigamos teniendo tantas personas dispuestas a seguir realizando esta labor. Por ello, agradezco, felicito y ofrezco toda la colaboraci\u00f3n de este equipo de gobierno\u201d.<\/p>\n<figure id=\"attachment_25511619\" aria-describedby=\"caption-attachment-25511619\" style=\"width: 320px\" class=\"wp-caption alignright\"><a href=\"https:\/\/www.upo.es\/diario\/wp-content\/uploads\/2018\/01\/TP_31012018_2.jpg\"><img loading=\"lazy\" decoding=\"async\" class=\"size-medium wp-image-25511619\" alt=\"C\u00e9sar Hornero, Flor Mar\u00eda Guerrero , Vicente Guzm\u00e1n, Pilar Ortiz y Juan Manuel Ram\u00f3n \" src=\"https:\/\/www.upo.es\/diario\/wp-content\/uploads\/2018\/01\/TP_31012018_2-320x213.jpg\" width=\"320\" height=\"213\" srcset=\"https:\/\/www.upo.es\/diario\/wp-content\/uploads\/2018\/01\/TP_31012018_2-320x213.jpg 320w, https:\/\/www.upo.es\/diario\/wp-content\/uploads\/2018\/01\/TP_31012018_2-600x400.jpg 600w\" sizes=\"auto, (max-width: 320px) 100vw, 320px\" \/><\/a><figcaption id=\"caption-attachment-25511619\" class=\"wp-caption-text\">C\u00e9sar Hornero, Flor Mar\u00eda Guerrero , Vicente Guzm\u00e1n, Pilar Ortiz y Juan Manuel Ram\u00f3n<\/figcaption><\/figure>\n<p>Han tomado posesi\u00f3n <b>Flor Mar\u00eda Guerrero Casas<\/b> como directora del Departamento de Econom\u00eda, M\u00e9todos Cuantitativos e Historia Econ\u00f3mica, para cuya secretar\u00eda fue nombrada <b>Victoria Eugenia Osuna Padilla<\/b>; <b>C\u00e9sar Hornero M\u00e9ndez<\/b> como director del Departamento de Derecho Privado y <b>Margarita Arenas Viruez<\/b> como secretaria del mismo; <b>Juan Manuel Ram\u00f3n Jer\u00f3nimo<\/b> como director del Departamento de Econom\u00eda Financiera y Contabilidad y <b>Mar\u00eda del Pilar Gir\u00e1ldez Puig<\/b> para su secretar\u00eda.<\/p>\n<p>Por otra parte, respecto a la Facultad de Ciencias Experimentales, han tomado posesi\u00f3n <b>Mar\u00eda Pilar Ortiz Calder\u00f3n<\/b> como decana; <b>Juan Rigoberto Tejedo Huam\u00e1n<\/b> como vicedecano de Ordenaci\u00f3n Acad\u00e9mica; <b>Antonia Mercedes Jim\u00e9nez Rodr\u00edguez<\/b> como vicedecana de Calidad, Coordinaci\u00f3n Docente y Comunicaci\u00f3n; <b>Jes\u00fas Jos\u00e9 Rexach Benavides<\/b> como vicedecano de Relaciones Internacionales y Movilidad; y <b>Enrique Ramos G\u00f3mez<\/b> como secretario de Facultad. En el caso de la Facultad de Ciencias Sociales, <b>Mar\u00eda Estrella Abolafio Moreno<\/b> ha tomado posesi\u00f3n como vicedecana de Pr\u00e1cticas de este centro.<\/p>\n<p>Asimismo, han tomado posesi\u00f3n de sus cargos como catedr\u00e1ticos y catedr\u00e1ticas de la Universidad Pablo de Olavide <b>Gloria Mar\u00eda Cuevas Rodr\u00edguez<\/b> en el \u00e1rea de conocimiento de Organizaci\u00f3n de Empresas; <b>Francisco Oliva Bl\u00e1zquez<\/b> como catedr\u00e1tico de Derecho Civil; <b>Juan Manuel Cort\u00e9s Copete<\/b> como catedr\u00e1tico de Historia Antigua; y <b>Juan de Dios Moreno Ternero<\/b> como catedr\u00e1tico de Fundamentos de An\u00e1lisis Econ\u00f3mico.<\/p>\n<p>A continuaci\u00f3n, han sido varios los docentes que han tomado posesi\u00f3n de su condici\u00f3n de nuevo profesorado titular: <b>Juan Carlos Linares Calder\u00f3n<\/b> lo ha hecho del \u00e1rea de conocimiento de Ecolog\u00eda (Departamento de Sistemas F\u00edsicos, Qu\u00edmicos y Naturales); <b>Amalia Vah\u00ed Serrano<\/b> en el caso de Geograf\u00eda Humana (Departamento de Geograf\u00eda, Historia y Filosof\u00eda); <b>David Jes\u00fas Moscoso S\u00e1nchez<\/b> en Sociolog\u00eda (Departamento de Sociolog\u00eda); <b>Jos\u00e9 Manuel Rueda Cantuche<\/b> en M\u00e9todos Cuantitativos para la Econom\u00eda de la Empresa (Departamento de Econom\u00eda, M\u00e9todos Cuantitativos e Historia Econ\u00f3mica); y <b>Antonio Garc\u00eda Garc\u00eda<\/b> en An\u00e1lisis Geogr\u00e1fico Regional (Departamento de Geograf\u00eda, Historia y Filosof\u00eda).<\/p>\n<p>Finalmente, <b>Mar\u00eda Esther Carrizosa Prieto<\/b> ha tomado posesi\u00f3n como vicesecretaria general adjunta de la Universidad Pablo de Olavide; y <b>Francisco Mart\u00ednez \u00c1lvarez<\/b> como director general de Infraestructura, Campus y Sostenibilidad.<\/p>\n<p>&nbsp;<\/p>\n<p><b>NUEVAS DIRECCIONES DE DEPARTAMENTO<\/b><\/p>\n<p><b>Flor Mar\u00eda Guerrero Casas <\/b>es catedr\u00e1tica en el \u00e1rea de M\u00e9todos Cuantitativos para la Econom\u00eda y la Empresa en la Universidad Pablo de Olavide desde su creaci\u00f3n. Ha sido responsable de dicha \u00e1rea acad\u00e9mica hasta 2013. Doctora en Ciencias Matem\u00e1ticas por la Universidad de Sevilla con estancia predoctoral en la Universidad de Lille, ha impartido docencia adem\u00e1s en las universidades de Sevilla, Huelva, y Lima. Ha sido directora del primer Plan Estrat\u00e9gico de la UPO en el periodo 2001-2003 y vicerrectora de Servicios y Planificaci\u00f3n entre 2003 y 2007. Guerrero Casas ha formado parte del Consejo Rector del Centro Andaluz de Prospectiva y del Comit\u00e9 de Expertos del Plan Andaluz de Estad\u00edstica. Trabaja en la aplicaci\u00f3n de diversos m\u00e9todos cuantitativos en el campo de la Econom\u00eda y tiene en su haber m\u00e1s de un centenar de publicaciones nacionales e internacionales y libros, siendo investigadora principal de una docena de proyectos y de contratos de transferencia de conocimiento.<\/p>\n<p><b>C\u00e9sar Hornero M\u00e9ndez <\/b>es licenciado y doctor en Derecho, as\u00ed como profesor del \u00c1rea de Derecho Civil del Departamento de Derecho Privado de la Universidad Pablo de Olavide desde su creaci\u00f3n en 1997. Anteriormente, ejerci\u00f3 docencia de la misma disciplina en la Universidad de Sevilla desde 1991. Hornero M\u00e9ndez ha sido vicedecano de la Facultad de Derecho (1997-2004), vicepresidente ejecutivo de las Fundaciones de la UPO (2011-2012) y director acad\u00e9mico del Grado en Relaciones Laborales y Recursos Humanos (2013-2017). Entre sus l\u00edneas de trabajo se encuentran el Derecho de Sucesiones y la regulaci\u00f3n de las personas jur\u00eddicas en cuanto a asociaciones y fundaciones.<\/p>\n<p><b>Juan Manuel Ram\u00f3n Jer\u00f3nimo<\/b> es profesor del \u00c1rea de Econom\u00eda Financiera y Contabilidad, doctor en Administraci\u00f3n de Empresas por la Universidad Pablo de Olavide, acreditado a profesor titular. Profesor visitante y miembro del <i>Gate to Plate Research Group<\/i> de la Universidad de Portsmouth (Reino Unido), sus principales l\u00edneas de investigaci\u00f3n se centran en los Sistemas de Control de Gesti\u00f3n, el riesgo y el rendimiento en relaciones colaborativas entre empresas. Ram\u00f3n Jer\u00f3nimo ha impartido docencia en diferentes titulaciones de grado y postgrado a nivel nacional e internacional y ha participado en m\u00faltiples proyectos de investigaci\u00f3n competitivos, nacionales e internacionales, en el \u00e1mbito de la Contabilidad de Gesti\u00f3n y los Sistemas de Informaci\u00f3n.<\/p>\n<p>&nbsp;<\/p>\n<p><b>NUEVA DECANA DE LA FACULTAD DE CIENCIAS EXPERIMENTALES<\/b><\/p>\n<p><b>Pilar Ortiz Calder\u00f3n<\/b>, profesora del \u00c1rea de Cristalograf\u00eda y Mineralog\u00eda, es doctora en Qu\u00edmica por la Universidad de Sevilla. Ha sido directora de Calidad, Medioambiente e I+D+i en empresas privadas durante 10 a\u00f1os, especializ\u00e1ndose en calidad, acreditaci\u00f3n de laboratorios, gesti\u00f3n y control medioambiental. Auditora de ISO 17.025, ISO 14.001, ISO 9.001 y AUDIT, evaluadora de la calidad de la formaci\u00f3n <i>online<\/i> del Campus Andaluz Virtual y asesora de la Universidad de Amberes para el desarrollo de herramientas <i>online<\/i> en formaci\u00f3n. Ortiz Calder\u00f3n ha realizado estancias de investigaci\u00f3n en las universidades de Oxford y Amberes, en el Ente Nacional para la Energ\u00eda y el Medio Ambiente en Frascati \u2013Roma- y en el Centro Nacional de Restauraci\u00f3n y Conservaci\u00f3n de La Habana. Anteriormente, ha sido vicedecana de Ordenaci\u00f3n Acad\u00e9mica y de Calidad, Coordinaci\u00f3n y Comunicaci\u00f3n, directora del M\u00e1ster de Diagn\u00f3stico del estado de conservaci\u00f3n del patrimonio hist\u00f3rico y responsable del grupo de investigaci\u00f3n de la Junta de Andaluc\u00eda Patrimonio, Tecnolog\u00eda y Medioambiente. Las l\u00edneas de investigaci\u00f3n que dirige se basan en los estudios sobre riesgos y vulnerabilidad del patrimonio hist\u00f3rico, conservaci\u00f3n preventiva, t\u00e9cnicas no destructivas y nuevas tecnolog\u00edas aplicadas al diagn\u00f3stico de materiales de inter\u00e9s hist\u00f3rico y art\u00edstico.<\/p>\n<p>&nbsp;<\/p>\n<p><b>NUEVAS C\u00c1TEDRAS<\/b><\/p>\n<p><b>Gloria Cuevas Rodr\u00edguez <\/b>es profesora titular del Departamento de Organizaci\u00f3n de Empresas y Marketing, doctora por la Universidad Pablo de Olavide y cuenta con dos sexenios de investigaci\u00f3n. Durante su carrera, ha participado en m\u00e1s de una decena de proyectos y contratos de investigaci\u00f3n, tanto de la convocatoria del Plan Nacional de I+D como Proyectos de Excelencia de la Junta de Andaluc\u00eda, desarrollando fundamentalmente tres l\u00edneas de trabajo: sistemas de control de gesti\u00f3n; privatizaci\u00f3n y gobierno corporativo; y dise\u00f1o organizativo e innovaci\u00f3n. Cuevas Rodr\u00edguez ha realizado estancias de investigaci\u00f3n en el Departamento de <i>Business Administration<\/i> de Hull University (Reino Unido); la Universidad de Nothumbria, Newcastle (Reino Unido); y en el <i>College of Business and Administration<\/i> de Boulder (Colorado, EEUU). Su producci\u00f3n cient\u00edfica ha dado lugar a la presentaci\u00f3n de m\u00e1s de 50 contribuciones a congresos, conferencias cient\u00edficas y seminarios nacionales e internacionales, trabajos publicados en revistas como \u201c<i>The Journal of Management Studies<\/i>\u201d, \u201c<i>Bristish Journal of Management<\/i>\u201d o \u201c<i>Corporate Governance: An International Review<\/i>\u201d. Actualmente, es miembro del proyecto de investigaci\u00f3n \u201cAlianzas para la innovaci\u00f3n en empresas intensivas en conocimiento. Oportunidades para la innovaci\u00f3n intersectorial\u201d.<\/p>\n<p><b>Francisco Oliva Bl\u00e1zquez<\/b> es doctor en Derecho por la Universidad de Sevilla y catedr\u00e1tico de Derecho Civil en la Universidad Pablo de Olavide. Ha realizado estancias de investigaci\u00f3n en universidades y centros de prestigio internacional como el Instituto para la Unificaci\u00f3n del Derecho Privado (Italia), la Facultad de Derecho de la Universidad de Bayreuth (Alemania) y el <i>British Institute of International and Comparative Law<\/i> (Reino Unido). Adem\u00e1s, ha sido <i>visitor scholar<\/i> de la Facultad de Derecho de la Universidad de Cambridge (Reino Unido), <i>visitor professor<\/i> de la <i>School of Business Administration<\/i> de la Universidad de Miami (EEUU) y participa regularmente como profesor invitado en el Doctorado en Derecho de la Universidad Andina Sim\u00f3n Bol\u00edvar, sede de Quito (Ecuador). Oliva Bl\u00e1zquez ha dirigido su actividad investigadora a todos los sectores del Derecho Civil y especialmente al Derecho de las Obligaciones y Contratos. Por otra parte, es experto en Bio\u00e9tica y Bioderecho, as\u00ed como en Derecho Privado Comparado. Autor de alrededor de 90 publicaciones en forma de monograf\u00edas, manuales y art\u00edculos en revistas y obras colectivas, es vocal en calidad de jurista experto del Comit\u00e9 de Bio\u00e9tica de Andaluc\u00eda, de la Comisi\u00f3n Andaluza de Gen\u00e9tica y Reproducci\u00f3n de la Junta de Andaluc\u00eda y de la Comisi\u00f3n Auton\u00f3mica de Cribados Poblacionales y actividades preventivas de detecci\u00f3n precoz. Anteriormente, ha sido vicesecretario general y secretario general de la Universidad Pablo de Olavide y actualmente es responsable del \u00c1rea de Derecho Civil y codirector del Doble M\u00e1ster Universitario en Abogac\u00eda y Derecho de la Contrataci\u00f3n y Responsabilidad Civil.<\/p>\n<p><b>Juan Manuel Cort\u00e9s Copete<\/b> es profesor de Historia Antigua de la Universidad Pablo de Olavide. Actualmente dirige, con la doctora Elena Mu\u00f1iz Grijalvo, el proyecto de investigaci\u00f3n \u201cAdriano y la Integraci\u00f3n de la Diversidad Regional\u201d, financiado por el Ministerio de Econom\u00eda, Industria y Competitividad, as\u00ed como la Red Tem\u00e1tica de Excelencia \u201cIt\u00e1lica: innovaci\u00f3n cultural en el Imperio de Adriano\u201d, que aglutina proyectos de tres universidades -UPO, Carlos III y Sevilla-. Cort\u00e9s Copete ha realizado estancias de investigaci\u00f3n en las universidades de Pav\u00eda, Florencia, en la Escuela Espa\u00f1ola de Historia y Arqueolog\u00eda en Roma (Italia) y en el <i>Institute of Classical Studies<\/i> de la Universidad de Londres (Reino Unido). Entre sus \u00faltimas publicaciones se cuentan <i>Ruling the Greek World. <\/i><i>Approaches to the Roman Empire in the East<\/i> (Postdamer Altertumswissenschaftlichen Beitr\u00e4ge, 52), Stuttgart 2015 y <i>Empire and Religion. <\/i><i>Religious Change in Greek Cities under Roman Rule<\/i>, Leiden 2017, ambas en colaboraci\u00f3n con E. Mu\u00f1iz y F. Lozano. Anteriormente, ha sido decano de la Facultad de Humanidades y vicerrector de Docencia y Convergencia Europea en la UPO. Es comisario de la exposici\u00f3n \u201cAdriano Metamorfosis\u201d, organizada por la Consejer\u00eda de Cultura, la Universidad Pablo de Olavide y la Universidad de Sevilla en el Museo Arqueol\u00f3gico de Sevilla.<\/p>\n<p><b>Juan D. Moreno Ternero<\/b> trabaja en el Departamento de Economi\u0301a, Me\u0301todos Cuantitativos e Historia Econo\u0301mica de la Universidad Pablo de Olavide. Se licenci\u00f3 en Matem\u00e1ticas por la Universidad de Sevilla en 1998. Obtuvo su doctorado en Economi\u0301a -premio extraordinario- por la Universidad de Alicante en 2003 y fue investigador postdoctoral en el Departmento de Ciencias Poli\u0301ticas de la Universidad de Yale (2003-2005) y en el CORE, <i>Universite\u0301 Catholique de Louvain<\/i> (2005-2007). Profesor titular del Departamento de Teor\u00eda e Historia Econ\u00f3mica de la Universidad de M\u00e1laga (2007-2011), ha realizado estancias de investigacio\u0301n pre y post-doctoral en el Departamento de Economi\u0301a de las Universidades de Copenhague (Dinamarca) y Rochester (EEUU), Aut\u00f3noma de Barcelona, Massachusetts-Amherst (EEUU) y <i>University College of London<\/i> (Reino Unido), asi\u0301 como en la <i>Norwegian School of Economics<\/i> (Noruega) y en FOI (Universidad de Copenhagen, Dinamarca). Fue investigador asociado del CORE desde 2007 a 2017 y en la actualidad, es investigador asociado del <i>Center for Distributive Justice, Seoul National University<\/i> (Corea del Sur). Sus temas de investigacio\u0301n abarcan la economi\u0301a del bienestar, justicia distributiva, economi\u0301a de la salud y economi\u0301a poli\u0301tica. Ha publicado ma\u0301s de 40 arti\u0301culos y ha sido investigador principal de cuatro proyectos del Plan Nacional (2009-2020). En la actualidad, es co-editor de las revistas <i>Mathematical Social Sciences<\/i> y <i>SERIEs<\/i>, editor asociado de <i>Economic Theory<\/i> y <i>Economic Theory Bulletin<\/i> y responsable de la unidad acade\u0301mica \u201cAna\u0301lisis Econo\u0301mico\u201d de la UPO.<\/p>\n<p>&nbsp;<\/p>\n","protected":false},"excerpt":{"rendered":"<p>En la Sala de Grados del edificio 7 se ha celebrado el acto p\u00fablico de tomas de posesi\u00f3n de nuevos cargos de gesti\u00f3n y acad\u00e9micos de la Universidad Pablo de Olavide presidido por el rector Vicente Guzm\u00e1n Fluja.  El rector ha querido destacar en su intervenci\u00f3n el reto que afrontar\u00e1 la Universidad en los pr\u00f3ximos tres o cinco a\u00f1os, \u201ccuando habr\u00e1 que tomar decisiones trascendentales para el futuro de la UPO porque hay que avanzar dando un salto cualitativo que merecemos\u00bb. <\/p>\n","protected":false},"author":6,"featured_media":0,"comment_status":"closed","ping_status":"open","sticky":false,"template":"","format":"standard","meta":{"_monsterinsights_skip_tracking":false,"_monsterinsights_sitenote_active":false,"_monsterinsights_sitenote_note":"","_monsterinsights_sitenote_category":0,"footnotes":""},"categories":[6],"tags":[488,2703,720,122,199,38,685,106],"class_list":["post-25511616","post","type-post","status-publish","format-standard","hentry","category-institucional","tag-departamento","tag-equipo-decanal","tag-equipo-direccion","tag-facultad-ciencias-experimentales","tag-profesorado","tag-rector","tag-toma-de-posesion","tag-vicente-c-guzman"],"_links":{"self":[{"href":"https:\/\/www.upo.es\/diario\/wp-json\/wp\/v2\/posts\/25511616","targetHints":{"allow":["GET"]}}],"collection":[{"href":"https:\/\/www.upo.es\/diario\/wp-json\/wp\/v2\/posts"}],"about":[{"href":"https:\/\/www.upo.es\/diario\/wp-json\/wp\/v2\/types\/post"}],"author":[{"embeddable":true,"href":"https:\/\/www.upo.es\/diario\/wp-json\/wp\/v2\/users\/6"}],"replies":[{"embeddable":true,"href":"https:\/\/www.upo.es\/diario\/wp-json\/wp\/v2\/comments?post=25511616"}],"version-history":[{"count":11,"href":"https:\/\/www.upo.es\/diario\/wp-json\/wp\/v2\/posts\/25511616\/revisions"}],"predecessor-version":[{"id":25511990,"href":"https:\/\/www.upo.es\/diario\/wp-json\/wp\/v2\/posts\/25511616\/revisions\/25511990"}],"wp:attachment":[{"href":"https:\/\/www.upo.es\/diario\/wp-json\/wp\/v2\/media?parent=25511616"}],"wp:term":[{"taxonomy":"category","embeddable":true,"href":"https:\/\/www.upo.es\/diario\/wp-json\/wp\/v2\/categories?post=25511616"},{"taxonomy":"post_tag","embeddable":true,"href":"https:\/\/www.upo.es\/diario\/wp-json\/wp\/v2\/tags?post=25511616"}],"curies":[{"name":"wp","href":"https:\/\/api.w.org\/{rel}","templated":true}]}}