{"id":25520495,"date":"2018-02-02T03:13:38","date_gmt":"2018-02-02T03:13:38","guid":{"rendered":"https:\/\/www.upo.es\/diario\/?p=25520495"},"modified":"2018-02-05T07:50:09","modified_gmt":"2018-02-05T07:50:09","slug":"debate-en-la-upo-sobre-el-cambio-climatico-las-necesidades-energeticas-y-la-ordenacion-del-territorio","status":"publish","type":"post","link":"https:\/\/www.upo.es\/diario\/institucional\/2018\/02\/debate-en-la-upo-sobre-el-cambio-climatico-las-necesidades-energeticas-y-la-ordenacion-del-territorio\/","title":{"rendered":"Debate en la UPO sobre el cambio clim\u00e1tico, las necesidades energ\u00e9ticas y la ordenaci\u00f3n del territorio"},"content":{"rendered":"<p><a href=\"https:\/\/www.upo.es\/diario\/wp-content\/uploads\/2018\/02\/debate-radiofonico-emartv-02022018..jpg\"><img loading=\"lazy\" decoding=\"async\" class=\"alignright size-medium wp-image-25520496\" alt=\"debate-radiofonico-emartv-02022018.\" src=\"https:\/\/www.upo.es\/diario\/wp-content\/uploads\/2018\/02\/debate-radiofonico-emartv-02022018.-226x320.jpg\" width=\"226\" height=\"320\" srcset=\"https:\/\/www.upo.es\/diario\/wp-content\/uploads\/2018\/02\/debate-radiofonico-emartv-02022018.-226x320.jpg 226w, https:\/\/www.upo.es\/diario\/wp-content\/uploads\/2018\/02\/debate-radiofonico-emartv-02022018.-424x600.jpg 424w, https:\/\/www.upo.es\/diario\/wp-content\/uploads\/2018\/02\/debate-radiofonico-emartv-02022018.-600x848.jpg 600w, https:\/\/www.upo.es\/diario\/wp-content\/uploads\/2018\/02\/debate-radiofonico-emartv-02022018..jpg 724w\" sizes=\"auto, (max-width: 226px) 100vw, 226px\" \/><\/a>Hoy viernes 2 de febrero, de 12 a 14 horas en el aula 1.08 del edificio Alexander von Humboldt, tendr\u00e1 lugar el debate radiof\u00f3nico que con el t\u00edtulo <b>\u2018Los efectos del cambio global: climatolog\u00eda, nuevas necesidades energ\u00e9ticas y ordenaci\u00f3n del territorio\u2019<\/b> ha organizado EmaRTV con la colaboraci\u00f3n de la Facultad de Ciencias Experimentales de la Universidad Pablo de Olavide. La entrada es libre hasta completar aforo.<\/p>\n<p>La mesa contar\u00e1 con la participaci\u00f3n de <strong>Jorge Olcina Cantos<\/strong>, catedr\u00e1tico de An\u00e1lisis Geogr\u00e1fico Regional (Universidad de Alicante); <strong>Mar\u00eda Fernanda Pita L\u00f3pez<\/strong>, profesora de Geograf\u00eda F\u00edsica de la Universidad de Sevilla; y <strong>Javier Mart\u00edn Vide<\/strong>, catedr\u00e1tico de Geograf\u00eda F\u00edsica de la Universidad de Barcelona. El periodista de Onda Local de Andaluc\u00eda Paco Aguaza\u00a0 moderar\u00e1 este debate radiof\u00f3nico abierto al p\u00fablico.<\/p>\n<p>EmaRTV y la Facultad de Ciencias Experimentales tienen como objetivo, con esta serie de mesas redondas que se desarrollan en el campus de la UPO, analizar los retos a los que se enfrenta la sociedad con el cambio global, la necesidad de repensar las pol\u00edticas energ\u00e9ticas y, en general, los retos medioambientales y la climatolog\u00eda, cuyos cambios se hacen patentes con gran velocidad en los territorios y las poblaciones que lo habitan.<\/p>\n<p>&nbsp;<\/p>\n","protected":false},"excerpt":{"rendered":"<p>Con el t\u00edtulo \u2018Los efectos del cambio global: climatolog\u00eda, nuevas necesidades energ\u00e9ticas y ordenaci\u00f3n del territorio\u2019, el debate ha sido organizado EmaRTV con la colaboraci\u00f3n de la Facultad de Ciencias Experimentales de la Universidad Pablo de Olavide. <\/p>\n","protected":false},"author":6,"featured_media":0,"comment_status":"closed","ping_status":"open","sticky":false,"template":"","format":"standard","meta":{"_monsterinsights_skip_tracking":false,"_monsterinsights_sitenote_active":false,"_monsterinsights_sitenote_note":"","_monsterinsights_sitenote_category":0,"footnotes":""},"categories":[6],"tags":[1461,593,833,122,1591,984,832],"class_list":["post-25520495","post","type-post","status-publish","format-standard","hentry","category-institucional","tag-area-de-geografia-fisica","tag-cambio-climatico","tag-energia","tag-facultad-ciencias-experimentales","tag-geografia-humana","tag-medios-de-comunicacion","tag-sostenibilidad"],"_links":{"self":[{"href":"https:\/\/www.upo.es\/diario\/wp-json\/wp\/v2\/posts\/25520495","targetHints":{"allow":["GET"]}}],"collection":[{"href":"https:\/\/www.upo.es\/diario\/wp-json\/wp\/v2\/posts"}],"about":[{"href":"https:\/\/www.upo.es\/diario\/wp-json\/wp\/v2\/types\/post"}],"author":[{"embeddable":true,"href":"https:\/\/www.upo.es\/diario\/wp-json\/wp\/v2\/users\/6"}],"replies":[{"embeddable":true,"href":"https:\/\/www.upo.es\/diario\/wp-json\/wp\/v2\/comments?post=25520495"}],"version-history":[{"count":6,"href":"https:\/\/www.upo.es\/diario\/wp-json\/wp\/v2\/posts\/25520495\/revisions"}],"predecessor-version":[{"id":25524838,"href":"https:\/\/www.upo.es\/diario\/wp-json\/wp\/v2\/posts\/25520495\/revisions\/25524838"}],"wp:attachment":[{"href":"https:\/\/www.upo.es\/diario\/wp-json\/wp\/v2\/media?parent=25520495"}],"wp:term":[{"taxonomy":"category","embeddable":true,"href":"https:\/\/www.upo.es\/diario\/wp-json\/wp\/v2\/categories?post=25520495"},{"taxonomy":"post_tag","embeddable":true,"href":"https:\/\/www.upo.es\/diario\/wp-json\/wp\/v2\/tags?post=25520495"}],"curies":[{"name":"wp","href":"https:\/\/api.w.org\/{rel}","templated":true}]}}