{"id":25563491,"date":"2018-02-06T10:22:13","date_gmt":"2018-02-06T10:22:13","guid":{"rendered":"https:\/\/www.upo.es\/diario\/?p=25563491"},"modified":"2020-10-27T14:01:09","modified_gmt":"2020-10-27T13:01:09","slug":"la-upo-organiza-un-seminario-de-formacion-y-coordinacion-sobre-el-protocolo-de-acoso-sexual","status":"publish","type":"post","link":"https:\/\/www.upo.es\/diario\/institucional\/2018\/02\/la-upo-organiza-un-seminario-de-formacion-y-coordinacion-sobre-el-protocolo-de-acoso-sexual\/","title":{"rendered":"La UPO organiza un Seminario de Formaci\u00f3n y Coordinaci\u00f3n sobre el Protocolo de Acoso Sexual"},"content":{"rendered":"<figure id=\"attachment_25563492\" aria-describedby=\"caption-attachment-25563492\" style=\"width: 600px\" class=\"wp-caption aligncenter\"><a href=\"https:\/\/www.upo.es\/diario\/wp-content\/uploads\/2018\/02\/Sem-Amparo-Diaz_20180205.jpg\"><img loading=\"lazy\" decoding=\"async\" class=\"size-large wp-image-25563492\" alt=\"Primera sesi\u00f3n del Seminario sobre el Protocolo de Acoso Sexual\" src=\"https:\/\/www.upo.es\/diario\/wp-content\/uploads\/2018\/02\/Sem-Amparo-Diaz_20180205-600x337.jpg\" width=\"600\" height=\"337\" \/><\/a><figcaption id=\"caption-attachment-25563492\" class=\"wp-caption-text\">Primera sesi\u00f3n del Seminario sobre el Protocolo de Acoso Sexual<\/figcaption><\/figure>\n<p>Hoy martes 6 de febrero concluye el <b>Seminario de Formaci\u00f3n y Coordinaci\u00f3n del Protocolo de Acoso Sexual y por Raz\u00f3n de Sexo<\/b> en el \u00e1mbito universitario de la Universidad Pablo de Olavide que se viene desarrollando desde ayer lunes en el edificio del Rectorado del campus. En el mismo participan los miembros de la Comisi\u00f3n de este Protocolo as\u00ed como aquellas personas del equipo de Direcci\u00f3n de la universidad que, por sus competencias, tienen o tendr\u00e1n alg\u00fan tipo de participaci\u00f3n en estos procesos.<\/p>\n<p>El principal objetivo del seminario es ofrecer formaci\u00f3n sobre los procesos que regulan este Protocolo, as\u00ed como evaluar su desarrollo desde su aprobaci\u00f3n el 23 de septiembre de 2016, cumpliendo con el objetivo de formaci\u00f3n recogido en el propio documento y bajo las directrices del <b><a href=\"https:\/\/www.upo.es\/cms1\/export\/sites\/upo\/upsc\/igualdad\/documentos\/08.11.2017-II-Plan-de-Igualdad-1.pdf\">II Plan de Igualdad<\/a><\/b> de la Universidad Pablo de Olavide. De esta forma, el Vicerrectorado de Cultura y Compromiso Social, a trav\u00e9s de la <b>Oficina para la Igualdad<\/b>, ha organizado este encuentro\u00a0 como un espacio de reflexi\u00f3n y debate que sirva para avanzar en la construcci\u00f3n de nuevas propuestas para el futuro que contribuyan a crear un entorno universitario libre de acoso y una sociedad m\u00e1s justa e igualitaria.<\/p>\n<p>El seminario se inaugur\u00f3 ayer lunes con la sesi\u00f3n que imparti\u00f3 la abogada <b>Amparo D\u00edaz Ramos<\/b>, con una amplia experiencia en acoso sexual, defensa de los derechos de las mujeres y contra la violencia de g\u00e9nero. En la jornada de hoy martes, se analizar\u00e1 el papel de la Universidad en los casos de acoso sexual en el \u00e1mbito acad\u00e9mico y la mejora de los procesos.<\/p>\n<p><b>Amparo D\u00edaz Ramos<\/b> es licenciada en Derecho, m\u00e1ster en Direcci\u00f3n de Empresas y abogada en ejercicio desde 1989, especialista en victimolog\u00eda, violencia psicol\u00f3gica, sexual, de g\u00e9nero, sobre menores y cibercrimen. Por otra parte, ha trabajado con la Delegaci\u00f3n de la Mujer del Ayuntamiento de Sevilla y ha coordinado el Proyecto Integral Andaluz de Seguridad y Protecci\u00f3n a V\u00edctimas de Violencia de G\u00e9nero de la Consejer\u00eda de Justicia y el Ministerio de Justicia e Interior. Adem\u00e1s, entre sus reconocimientos figuran el Premio Maginaria, el Premio Conecta, el Premio Lavanda y el Premio Meridiana, concedido en 2015 por el Instituto Andaluz de la Mujer de la Junta de Andaluc\u00eda.<\/p>\n<p>La Universidad Pablo de Olavide, en la convicci\u00f3n de que el acoso sexual y por raz\u00f3n de sexo atenta gravemente contra la dignidad y el respeto de las personas, as\u00ed como contra el principio de igualdad de trato entre mujeres y hombres, rechaza este tipo de comportamientos en la convicci\u00f3n de que resultan inaceptables y no deben ser tolerados bajo ninguna circunstancia.<\/p>\n<ul>\n<li><a href=\"https:\/\/www.upo.es\/upsc\/igualdad\/Acoso-Laboral.-Acoso-sexual-y-por-razon-de-sexo.-\/\">Protocolo de actuaci\u00f3n para la prevenci\u00f3n e intervenci\u00f3n frente al acoso sexual y por raz\u00f3n de sexo en el \u00e1mbito de la Universidad Pablo de Olavide y de los centros vinculados a la misma<\/a><\/li>\n<\/ul>\n","protected":false},"excerpt":{"rendered":"<p>El principal objetivo del seminario es ofrecer formaci\u00f3n sobre los procesos que regulan este Protocolo, as\u00ed como evaluar su desarrollo desde su aprobaci\u00f3n el 23 de septiembre de 2016, cumpliendo con el objetivo de formaci\u00f3n recogido en el propio documento y bajo las directrices del II Plan de Igualdad de la Universidad Pablo de Olavide.<\/p>\n","protected":false},"author":14,"featured_media":0,"comment_status":"closed","ping_status":"open","sticky":false,"template":"","format":"standard","meta":{"_monsterinsights_skip_tracking":false,"_monsterinsights_sitenote_active":false,"_monsterinsights_sitenote_note":"","_monsterinsights_sitenote_category":0,"footnotes":""},"categories":[6],"tags":[509,4519,2209,4684,78,2667],"class_list":["post-25563491","post","type-post","status-publish","format-standard","hentry","category-institucional","tag-formacion","tag-ii-plan-de-igualdad","tag-oficina-para-la-igualdad","tag-protocolo-de-acoso-sexual","tag-seminario","tag-vicerrectorado-de-cultura-y-compromiso-social"],"_links":{"self":[{"href":"https:\/\/www.upo.es\/diario\/wp-json\/wp\/v2\/posts\/25563491","targetHints":{"allow":["GET"]}}],"collection":[{"href":"https:\/\/www.upo.es\/diario\/wp-json\/wp\/v2\/posts"}],"about":[{"href":"https:\/\/www.upo.es\/diario\/wp-json\/wp\/v2\/types\/post"}],"author":[{"embeddable":true,"href":"https:\/\/www.upo.es\/diario\/wp-json\/wp\/v2\/users\/14"}],"replies":[{"embeddable":true,"href":"https:\/\/www.upo.es\/diario\/wp-json\/wp\/v2\/comments?post=25563491"}],"version-history":[{"count":2,"href":"https:\/\/www.upo.es\/diario\/wp-json\/wp\/v2\/posts\/25563491\/revisions"}],"predecessor-version":[{"id":25571359,"href":"https:\/\/www.upo.es\/diario\/wp-json\/wp\/v2\/posts\/25563491\/revisions\/25571359"}],"wp:attachment":[{"href":"https:\/\/www.upo.es\/diario\/wp-json\/wp\/v2\/media?parent=25563491"}],"wp:term":[{"taxonomy":"category","embeddable":true,"href":"https:\/\/www.upo.es\/diario\/wp-json\/wp\/v2\/categories?post=25563491"},{"taxonomy":"post_tag","embeddable":true,"href":"https:\/\/www.upo.es\/diario\/wp-json\/wp\/v2\/tags?post=25563491"}],"curies":[{"name":"wp","href":"https:\/\/api.w.org\/{rel}","templated":true}]}}