{"id":25563868,"date":"2018-02-07T16:11:29","date_gmt":"2018-02-07T15:11:29","guid":{"rendered":"https:\/\/www.upo.es\/diario\/?p=25563868"},"modified":"2020-10-27T15:23:16","modified_gmt":"2020-10-27T14:23:16","slug":"la-facultad-de-ciencias-experimentales-organiza-unas-jornadas-sobre-las-salidas-profesionales-de-sus-grados","status":"publish","type":"post","link":"https:\/\/www.upo.es\/diario\/institucional\/2018\/02\/la-facultad-de-ciencias-experimentales-organiza-unas-jornadas-sobre-las-salidas-profesionales-de-sus-grados\/","title":{"rendered":"La Facultad de Ciencias Experimentales organiza unas Jornadas sobre las Salidas Profesionales de sus grados"},"content":{"rendered":"<figure id=\"attachment_25575470\" aria-describedby=\"caption-attachment-25575470\" style=\"width: 320px\" class=\"wp-caption alignright\"><a href=\"https:\/\/www.upo.es\/diario\/wp-content\/uploads\/2018\/02\/Jorn-Salidas-Prof_FCEX_20180207.jpg\"><img loading=\"lazy\" decoding=\"async\" class=\"size-medium wp-image-25575470\" alt=\"T\u00e9cnicos de la Unidad de Orientaci\u00f3n Profesional de la Fundaci\u00f3n UPO\" src=\"https:\/\/www.upo.es\/diario\/wp-content\/uploads\/2018\/02\/Jorn-Salidas-Prof_FCEX_20180207-320x213.jpg\" width=\"320\" height=\"213\" srcset=\"https:\/\/www.upo.es\/diario\/wp-content\/uploads\/2018\/02\/Jorn-Salidas-Prof_FCEX_20180207-320x213.jpg 320w, https:\/\/www.upo.es\/diario\/wp-content\/uploads\/2018\/02\/Jorn-Salidas-Prof_FCEX_20180207-600x400.jpg 600w\" sizes=\"auto, (max-width: 320px) 100vw, 320px\" \/><\/a><figcaption id=\"caption-attachment-25575470\" class=\"wp-caption-text\">T\u00e9cnicos de la Unidad de Orientaci\u00f3n Profesional de la Fundaci\u00f3n UPO han abierto las Jornadas<\/figcaption><\/figure>\n<p>Hoy mi\u00e9rcoles 7 de febrero, en la sala de grados de la Biblioteca, han dado comienzo las <b>Jornadas de las Salidas Profesionales<\/b> de la Facultad de Ciencias Experimentales que se han iniciado con la charla conjunta para los tres grados del centro. A la conclusi\u00f3n de esta sesi\u00f3n, se har\u00e1 entrega de los premios al alumnado que ha participado en todas las encuestas de calidad de la Facultad. La entrada es libre hasta completar aforo.<\/p>\n<p>Estas jornadas tienen como objetivo fundamental analizar las salidas profesionales del alumnado de los grados en <b>Nutrici\u00f3n Humana y Diet\u00e9tica<\/b>, <b>Biotecnolog\u00eda<\/b> y <b>Ciencias Ambientales,<\/b> acercando la orientaci\u00f3n profesional a los egresados y egresadas y presentando las opciones que ofrece la Universidad Pablo de Olavide. Para ello, se ha contado con la participaci\u00f3n de la Unidad de Orientaci\u00f3n Profesional de la Fundaci\u00f3n Universidad Pablo de Olavide, la OTRI, el CEDEP, el Colegio Profesional de Ciencias Ambientales, el Colegio Profesional de Dietistas Nutricionistas de Andaluc\u00eda y la Asociaci\u00f3n de Biotecn\u00f3logos, as\u00ed como exalumnado de los tres grados.<\/p>\n<p>Posteriormente, el jueves 8 de febrero a las 17:00 horas en la Sala de Grados del CEI CamBio en la Biblioteca se desarrollar\u00e1 la conferencia espec\u00edfica para el Grado en Ciencias Ambientales; y desde las 17:30 horas en la Sala de Grados de la planta baja, la jornada propia para el Grado en Biotecnolog\u00eda. Ya el pasado 1 de febrero, tuvo lugar la del Grado en Nutrici\u00f3n Humana y Diet\u00e9tica.<\/p>\n<p>Talleres sobre c\u00f3mo optimizar el perfil profesional en el sector experimental; presentaciones de los programas de Postgrado\u00a0 de la UPO y las posibilidades de Becas y Ayudas; y por \u00faltimo, charlas y coloquios con ex alumnos y ex alumnas de la Facultad que trabajan en los sectores ambientales y biotecnol\u00f3gicos compondr\u00e1n las jornadas de orientaci\u00f3n profesional.<\/p>\n<ul>\n<li>M\u00e1s informaci\u00f3n sobre las <a href=\"https:\/\/www.upo.es\/fcex\/contenido?pag=\/portal\/fcex\/noticias\/Jornadas_salidas_profesionales_1718&amp;vE=\">Jornadas de Salidas Profesionales<\/a> de la Facultad de Ciencias Experimentales<\/li>\n<\/ul>\n","protected":false},"excerpt":{"rendered":"<p>Estas jornadas tienen como objetivo fundamental analizar las salidas profesionales del alumnado de los grados en Nutrici\u00f3n Humana y Diet\u00e9tica, Biotecnolog\u00eda y Ciencias Ambientales, acercando la orientaci\u00f3n profesional a los egresados y egresadas y presentando las opciones que ofrece la Universidad Pablo de Olavide.<\/p>\n","protected":false},"author":14,"featured_media":0,"comment_status":"closed","ping_status":"open","sticky":false,"template":"","format":"standard","meta":{"_monsterinsights_skip_tracking":false,"_monsterinsights_sitenote_active":false,"_monsterinsights_sitenote_note":"","_monsterinsights_sitenote_category":0,"footnotes":""},"categories":[6],"tags":[125,122,2426,1654,84,205,391],"class_list":["post-25563868","post","type-post","status-publish","format-standard","hentry","category-institucional","tag-biblioteca","tag-facultad-ciencias-experimentales","tag-grado-en-biotecnologia","tag-grado-en-ciencias-ambientales","tag-jornadas","tag-orientacion-profesional","tag-salidas-profesionales"],"_links":{"self":[{"href":"https:\/\/www.upo.es\/diario\/wp-json\/wp\/v2\/posts\/25563868","targetHints":{"allow":["GET"]}}],"collection":[{"href":"https:\/\/www.upo.es\/diario\/wp-json\/wp\/v2\/posts"}],"about":[{"href":"https:\/\/www.upo.es\/diario\/wp-json\/wp\/v2\/types\/post"}],"author":[{"embeddable":true,"href":"https:\/\/www.upo.es\/diario\/wp-json\/wp\/v2\/users\/14"}],"replies":[{"embeddable":true,"href":"https:\/\/www.upo.es\/diario\/wp-json\/wp\/v2\/comments?post=25563868"}],"version-history":[{"count":6,"href":"https:\/\/www.upo.es\/diario\/wp-json\/wp\/v2\/posts\/25563868\/revisions"}],"predecessor-version":[{"id":30862355,"href":"https:\/\/www.upo.es\/diario\/wp-json\/wp\/v2\/posts\/25563868\/revisions\/30862355"}],"wp:attachment":[{"href":"https:\/\/www.upo.es\/diario\/wp-json\/wp\/v2\/media?parent=25563868"}],"wp:term":[{"taxonomy":"category","embeddable":true,"href":"https:\/\/www.upo.es\/diario\/wp-json\/wp\/v2\/categories?post=25563868"},{"taxonomy":"post_tag","embeddable":true,"href":"https:\/\/www.upo.es\/diario\/wp-json\/wp\/v2\/tags?post=25563868"}],"curies":[{"name":"wp","href":"https:\/\/api.w.org\/{rel}","templated":true}]}}