{"id":2557158,"date":"2014-01-16T00:05:52","date_gmt":"2014-01-16T00:05:52","guid":{"rendered":"https:\/\/www.upo.es\/diario\/?p=2557158"},"modified":"2014-01-17T08:13:49","modified_gmt":"2014-01-17T08:13:49","slug":"manana-en-la-upo-jose-manuel-ramirez-impartira-una-ponencia-sobre-la-situacion-actual-de-los-servicios-sociales","status":"publish","type":"post","link":"https:\/\/www.upo.es\/diario\/institucional\/2014\/01\/manana-en-la-upo-jose-manuel-ramirez-impartira-una-ponencia-sobre-la-situacion-actual-de-los-servicios-sociales\/","title":{"rendered":"Jos\u00e9 Manuel Ram\u00edrez imparte una ponencia sobre la situaci\u00f3n actual de los servicios sociales"},"content":{"rendered":"<p style=\"text-align: justify;\"><a href=\"https:\/\/www.upo.es\/diario\/wp-content\/uploads\/2014\/01\/cartelserviciossociales.jpg\"><img loading=\"lazy\" decoding=\"async\" class=\"size-medium wp-image-2557159 alignright\" alt=\"cartelserviciossociales\" src=\"https:\/\/www.upo.es\/diario\/wp-content\/uploads\/2014\/01\/cartelserviciossociales-226x320.jpg\" width=\"226\" height=\"320\" srcset=\"https:\/\/www.upo.es\/diario\/wp-content\/uploads\/2014\/01\/cartelserviciossociales-226x320.jpg 226w, https:\/\/www.upo.es\/diario\/wp-content\/uploads\/2014\/01\/cartelserviciossociales.jpg 449w\" sizes=\"auto, (max-width: 226px) 100vw, 226px\" \/><\/a>Hoy jueves 16 de enero, a las 18.30 horas, en la sala de grados del edificio 7 de la Universidad Pablo de Olavide, el presidente de la <a href=\"http:\/\/nirvana.upo.es\/SDE\/timeout.aspx\">Asociaci\u00f3n de Directores y Gerentes de Servicios Sociales<\/a>, Jos\u00e9 Manuel Ram\u00edrez Navarro, impartir\u00e1 la ponencia \u201cServicios sociales en peligro\u201d en la que abordar\u00e1 la situaci\u00f3n actual de los servicios sociales ante la crisis.<\/p>\n<p style=\"text-align: justify;\">El acto est\u00e1 organizado por el colectivo Marea Naranja Sevilla en colaboraci\u00f3n con el colegio profesional de Trabajo Social de Sevilla, el colegio profesional de Educadores y Educadoras Sociales de Andaluc\u00eda y la Facultad de Ciencias Sociales de la Universidad Pablo de Olavide.<\/p>\n","protected":false},"excerpt":{"rendered":"<p>El presidente de la Asociaci\u00f3n de Directores y Gerentes de Servicios Sociales, Jos\u00e9 Manuel Ram\u00edrez Navarro, imparte en la UPO la ponencia \u201cServicios sociales en peligro\u201d en la que abordar\u00e1 la situaci\u00f3n actual de los servicios sociales ante la crisis.<\/p>\n","protected":false},"author":4,"featured_media":0,"comment_status":"closed","ping_status":"open","sticky":false,"template":"","format":"standard","meta":{"_monsterinsights_skip_tracking":false,"_monsterinsights_sitenote_active":false,"_monsterinsights_sitenote_note":"","_monsterinsights_sitenote_category":0,"footnotes":""},"categories":[6],"tags":[227,487,1087,1086,1046],"class_list":["post-2557158","post","type-post","status-publish","format-standard","hentry","category-institucional","tag-conferencia","tag-facultad-ciencias-sociales","tag-marea-naranja","tag-ponencia","tag-servicios-sociales"],"_links":{"self":[{"href":"https:\/\/www.upo.es\/diario\/wp-json\/wp\/v2\/posts\/2557158","targetHints":{"allow":["GET"]}}],"collection":[{"href":"https:\/\/www.upo.es\/diario\/wp-json\/wp\/v2\/posts"}],"about":[{"href":"https:\/\/www.upo.es\/diario\/wp-json\/wp\/v2\/types\/post"}],"author":[{"embeddable":true,"href":"https:\/\/www.upo.es\/diario\/wp-json\/wp\/v2\/users\/4"}],"replies":[{"embeddable":true,"href":"https:\/\/www.upo.es\/diario\/wp-json\/wp\/v2\/comments?post=2557158"}],"version-history":[{"count":6,"href":"https:\/\/www.upo.es\/diario\/wp-json\/wp\/v2\/posts\/2557158\/revisions"}],"predecessor-version":[{"id":2571480,"href":"https:\/\/www.upo.es\/diario\/wp-json\/wp\/v2\/posts\/2557158\/revisions\/2571480"}],"wp:attachment":[{"href":"https:\/\/www.upo.es\/diario\/wp-json\/wp\/v2\/media?parent=2557158"}],"wp:term":[{"taxonomy":"category","embeddable":true,"href":"https:\/\/www.upo.es\/diario\/wp-json\/wp\/v2\/categories?post=2557158"},{"taxonomy":"post_tag","embeddable":true,"href":"https:\/\/www.upo.es\/diario\/wp-json\/wp\/v2\/tags?post=2557158"}],"curies":[{"name":"wp","href":"https:\/\/api.w.org\/{rel}","templated":true}]}}