{"id":2557566,"date":"2014-01-15T14:19:25","date_gmt":"2014-01-15T14:19:25","guid":{"rendered":"https:\/\/www.upo.es\/diario\/?p=2557566"},"modified":"2014-01-16T08:22:58","modified_gmt":"2014-01-16T08:22:58","slug":"hoy-finaliza-en-la-upo-el-seminario-internacional-transiciones-democraticas-y-calidad-de-la-democracia","status":"publish","type":"post","link":"https:\/\/www.upo.es\/diario\/institucional\/2014\/01\/hoy-finaliza-en-la-upo-el-seminario-internacional-transiciones-democraticas-y-calidad-de-la-democracia\/","title":{"rendered":"Finaliza en la UPO el seminario internacional  \u201cTransiciones democr\u00e1ticas y calidad de la democracia\u201d"},"content":{"rendered":"<figure id=\"attachment_2557572\" aria-describedby=\"caption-attachment-2557572\" style=\"width: 320px\" class=\"wp-caption alignright\"><a href=\"https:\/\/www.upo.es\/diario\/wp-content\/uploads\/2014\/01\/5Mesa-Transicion-Brasil.jpg\"><img loading=\"lazy\" decoding=\"async\" class=\"size-medium wp-image-2557572 \" alt=\"El seminario ha finalizado con la mesa &quot;La nueva agenda de la transici\u00f3n democr\u00e1tica en Brasil&quot;\" src=\"https:\/\/www.upo.es\/diario\/wp-content\/uploads\/2014\/01\/5Mesa-Transicion-Brasil-320x213.jpg\" width=\"320\" height=\"213\" srcset=\"https:\/\/www.upo.es\/diario\/wp-content\/uploads\/2014\/01\/5Mesa-Transicion-Brasil-320x213.jpg 320w, https:\/\/www.upo.es\/diario\/wp-content\/uploads\/2014\/01\/5Mesa-Transicion-Brasil-1024x682.jpg 1024w, https:\/\/www.upo.es\/diario\/wp-content\/uploads\/2014\/01\/5Mesa-Transicion-Brasil-600x400.jpg 600w\" sizes=\"auto, (max-width: 320px) 100vw, 320px\" \/><\/a><figcaption id=\"caption-attachment-2557572\" class=\"wp-caption-text\">El seminario ha finalizado con la mesa \u00abLa nueva agenda de la transici\u00f3n democr\u00e1tica en Brasil\u00bb<\/figcaption><\/figure>\n<p style=\"text-align: justify;\">La Universidad Pablo de Olavide ha acogido del 13 al 15 de enero el <b>seminario internacional \u201cTransiciones democr\u00e1ticas y calidad de la democracia: perspectivas comparadas Brasil-Espa\u00f1a\u201d <\/b>en el marco del M\u00e1ster Universitario en Derechos Humanos, Interculturalidad y Desarrollo de la UPO-UNIA, dirigido por Vicente Guzm\u00e1n y Carol Proner.<\/p>\n<p style=\"text-align: justify;\">El ex presidente del Gobierno de Espa\u00f1a, Jos\u00e9 Luis Rodr\u00edguez Zapatero, abri\u00f3 el pasado lunes el seminario con la conferencia inaugural \u201cTransici\u00f3n y memoria\u201d. Previamente, el encuentro fue inaugurado por el rector de la Universidad Pablo de Olavide, Vicente Guzm\u00e1n; el rector de la Universidad Internacional de Andaluc\u00eda, Eugenio Dom\u00ednguez; el consejero de la Presidencia de la Junta de Andaluc\u00eda, Manuel Jim\u00e9nez Barrios; el secretario nacional de Justicia de Brasil y presidente de la Comisi\u00f3n de Amnist\u00eda del Ministerio de Justicia de Brasil, Paulo Abr\u00e3o, y la presidenta del Consejo Social de la UPO, Amparo Rubiales.<\/p>\n<p style=\"text-align: justify;\">Asimismo, el seminario internacional \u201cTransiciones democr\u00e1ticas y calidad de la democracia\u201d continu\u00f3 el martes con dos nuevas sesiones. En la segunda sesi\u00f3n de la jornada de ayer particip\u00f3 el magistrado Baltasar Garz\u00f3n, en la que abord\u00f3, junto con otros expertos en la materia, \u201cLa afirmaci\u00f3n de los Derechos Humanos en el contexto iberoamericano\u201d.<\/p>\n<p style=\"text-align: justify;\">El encuentro finaliza hoy mi\u00e9rcoles, 15 de enero, con dos nuevas mesas redondas. La primera mesa, que comenz\u00f3 a las 9 horas, ha abordado la \u201cMemoria hist\u00f3rica en Andaluc\u00eda\u201d y ha contado con la participaci\u00f3n, entre otros, de Luis Gabriel Naranjo, director general de la Memoria Democr\u00e1tica de Andaluc\u00eda, y Paqui Maqueda, vicepresidenta de la Asociaci\u00f3n Andaluza de Memoria Hist\u00f3rica y Justicia. La \u00faltima mesa redonda del seminario, que comenz\u00f3 a las 12.15 horas, ha abordado \u201cLa nueva agenda de la transici\u00f3n democr\u00e1tica en Brasil\u201d con la intervenci\u00f3n de expertos en la materia como Prudente Jos\u00e9 Silveira, consejero de la Comisi\u00f3n de Amnist\u00eda del Ministerio de Justicia de Brasil.<\/p>\n<p style=\"text-align: justify;\">El objetivo de este seminario es propiciar una reflexi\u00f3n comparada entre los modelos de transici\u00f3n en Brasil y en Espa\u00f1a y sobre los desaf\u00edos y soluciones del porvenir en materia de memoria, justicia y reparaciones. En este sentido, el encuentro se ha estructurado en cinco mesas de debate en las que se han abordado temas como la calidad de la democracia tras el legado autoritario; el derecho a la memoria, trauma y reparaci\u00f3n en Brasil y Espa\u00f1a; la afirmaci\u00f3n de los Derechos Humanos en el contexto Iberoamericano; la memoria hist\u00f3rica en Andaluc\u00eda, y la nueva agenda de la transici\u00f3n democr\u00e1tica en Brasil.<\/p>\n<p style=\"text-align: justify;\">El seminario Internacional \u201cTransiciones Democr\u00e1ticas y Calidad de la Democracia\u201d est\u00e1 organizado por el M\u00e1ster Universitario en Derechos Humanos, Interculturalidad y Desarrollo de la Universidad Pablo de Olavide y la Universidad Internacional de Andaluc\u00eda; el Ministerio de Justicia de Brasil; el programa de mestrado en Derechos Fundamentales y Democracia-UniBrasil; el Laboratorio de Derechos Humanos de la UFRJ-Brasil, y la Fundaci\u00f3n Baltasar Garz\u00f3n (FIGBAR).<\/p>\n","protected":false},"excerpt":{"rendered":"<p>La Universidad Pablo de Olavide ha acogido del 13 al 15 de enero el seminario internacional \u201cTransiciones democr\u00e1ticas y calidad de la democracia: perspectivas comparadas Brasil-Espa\u00f1a\u201d en el marco del M\u00e1ster Universitario en Derechos Humanos, Interculturalidad y Desarrollo de la UPO-UNIA, dirigido por Vicente Guzm\u00e1n y Carol Proner.<\/p>\n","protected":false},"author":4,"featured_media":0,"comment_status":"closed","ping_status":"open","sticky":false,"template":"","format":"standard","meta":{"_monsterinsights_skip_tracking":false,"_monsterinsights_sitenote_active":false,"_monsterinsights_sitenote_note":"","_monsterinsights_sitenote_category":0,"footnotes":""},"categories":[6],"tags":[744,92,118,1085,82,78,170],"class_list":["post-2557566","post","type-post","status-publish","format-standard","hentry","category-institucional","tag-democracia","tag-derechos-humanos","tag-master","tag-memoria-historica","tag-postgrado","tag-seminario","tag-unia"],"_links":{"self":[{"href":"https:\/\/www.upo.es\/diario\/wp-json\/wp\/v2\/posts\/2557566","targetHints":{"allow":["GET"]}}],"collection":[{"href":"https:\/\/www.upo.es\/diario\/wp-json\/wp\/v2\/posts"}],"about":[{"href":"https:\/\/www.upo.es\/diario\/wp-json\/wp\/v2\/types\/post"}],"author":[{"embeddable":true,"href":"https:\/\/www.upo.es\/diario\/wp-json\/wp\/v2\/users\/4"}],"replies":[{"embeddable":true,"href":"https:\/\/www.upo.es\/diario\/wp-json\/wp\/v2\/comments?post=2557566"}],"version-history":[{"count":3,"href":"https:\/\/www.upo.es\/diario\/wp-json\/wp\/v2\/posts\/2557566\/revisions"}],"predecessor-version":[{"id":2564513,"href":"https:\/\/www.upo.es\/diario\/wp-json\/wp\/v2\/posts\/2557566\/revisions\/2564513"}],"wp:attachment":[{"href":"https:\/\/www.upo.es\/diario\/wp-json\/wp\/v2\/media?parent=2557566"}],"wp:term":[{"taxonomy":"category","embeddable":true,"href":"https:\/\/www.upo.es\/diario\/wp-json\/wp\/v2\/categories?post=2557566"},{"taxonomy":"post_tag","embeddable":true,"href":"https:\/\/www.upo.es\/diario\/wp-json\/wp\/v2\/tags?post=2557566"}],"curies":[{"name":"wp","href":"https:\/\/api.w.org\/{rel}","templated":true}]}}