{"id":25583327,"date":"2018-02-08T14:22:18","date_gmt":"2018-02-08T13:22:18","guid":{"rendered":"https:\/\/www.upo.es\/diario\/?p=25583327"},"modified":"2020-10-27T15:23:24","modified_gmt":"2020-10-27T14:23:24","slug":"el-dia-internacional-de-la-mujer-y-la-nina-en-la-ciencia-se-celebra-en-la-upo-con-numerosas-actividades","status":"publish","type":"post","link":"https:\/\/www.upo.es\/diario\/institucional\/2018\/02\/el-dia-internacional-de-la-mujer-y-la-nina-en-la-ciencia-se-celebra-en-la-upo-con-numerosas-actividades\/","title":{"rendered":"El D\u00eda Internacional de la Mujer y la Ni\u00f1a en la Ciencia se celebra en la UPO con numerosas actividades"},"content":{"rendered":"<figure id=\"attachment_25583328\" aria-describedby=\"caption-attachment-25583328\" style=\"width: 600px\" class=\"wp-caption aligncenter\"><a href=\"https:\/\/www.upo.es\/diario\/wp-content\/uploads\/2018\/02\/Profesoras-FCEX-UPO_20180208.jpg\"><img loading=\"lazy\" decoding=\"async\" class=\"size-large wp-image-25583328\" alt=\"Profesoras e investigadoras de la Facultad de Ciencias Experimentales\" src=\"https:\/\/www.upo.es\/diario\/wp-content\/uploads\/2018\/02\/Profesoras-FCEX-UPO_20180208-600x337.jpg\" width=\"600\" height=\"337\" \/><\/a><figcaption id=\"caption-attachment-25583328\" class=\"wp-caption-text\">Profesoras e investigadoras de la Facultad de Ciencias Experimentales<\/figcaption><\/figure>\n<p><span style=\"text-decoration: underline;\">El pr\u00f3ximo domingo 11 de febrero se conmemora el <b>D\u00eda Internacional de la Mujer y la Ni\u00f1a en la Ciencia<\/b> y la Universidad Pablo de Olavide celebra esta efem\u00e9ride con numerosas actividades que han organizado la <b>Facultad de Ciencias Experimentales<\/b>, la <b>Escuela Polit\u00e9cnica Superior<\/b> y la <b>Oficina para la Igualdad<\/b> del Vicerrectorado de Cultura y Compromiso Social.<\/span><\/p>\n<p>Esta ma\u00f1ana en el campus de la UPO, con el lema \u201c<b>S\u00famate y visibiliza el papel de las cient\u00edficas<\/b>\u201d, mujeres investigadoras de la Facultad de Ciencias Experimentales se han reunido para tomar una imagen que represente la fecha que se conmemora. Por otra parte, ma\u00f1ana viernes 9 de febrero a las 12:00 horas, <b><a href=\"http:\/\/www.radiolavide.org\/\">RadiOlavide<\/a><\/b> (90.6 FM) emitir\u00e1 el programa \u201c\u00a1Las mujeres cient\u00edficas tienen algo que decir!\u201d con el objetivo de reflexionar en torno a la situaci\u00f3n de las mujeres en las carreras cient\u00edficas, visibilizar su trabajo y promover pr\u00e1cticas que favorezcan la igualdad de g\u00e9nero en el \u00e1mbito cient\u00edfico.<\/p>\n<p><a href=\"https:\/\/www.upo.es\/diario\/wp-content\/uploads\/2018\/02\/Cartel-programa-de-Radio-.jpg\"><img loading=\"lazy\" decoding=\"async\" class=\"alignright size-medium wp-image-25583329\" alt=\"Cartel programa de Radio\" src=\"https:\/\/www.upo.es\/diario\/wp-content\/uploads\/2018\/02\/Cartel-programa-de-Radio--226x320.jpg\" width=\"226\" height=\"320\" \/><\/a>Tambi\u00e9n este viernes, la Escuela Polit\u00e9cnica Superior de la UPO comienza una <b>campa\u00f1a de sensibilizaci\u00f3n<\/b> en Internet y redes sociales que, bajo el t\u00edtulo \u201cPresente, pasado y futuro de mujeres cient\u00edficas e ingenieras\u201d, quiere poner en valor logros de f\u00e9minas cient\u00edficas para favorecer su incorporaci\u00f3n a la Ciencia, especialmente en la rama de ingenier\u00eda.<\/p>\n<p>En la Universidad Pablo de Olavide, el 11 de febrero tambi\u00e9n se va aprovechar para difundir en Internet y redes sociales desde ma\u00f1ana viernes el <b>cuaderno de notas<\/b> que ha elaborado la Divisi\u00f3n de Neurociencias de la Universidad. \u201c<a href=\"https:\/\/www.upo.es\/cms1\/export\/sites\/upo\/upsc\/igualdad\/documentos\/La-ciencia-es-cosa-de-chicas-no-de-mujeres-aun.pdf\">La Ciencia es cosa de chicas, no de mujeres (a\u00fan)<\/a>\u201d es el t\u00edtulo de esta recopilaci\u00f3n de datos e historias sobre el paso de las mujeres por las disciplinas cient\u00edficas, presentada de forma l\u00fadica y entretenida para todos los p\u00fablicos.<\/p>\n<p>El lunes 12 de febrero, en colaboraci\u00f3n con la Universidad de Sevilla (US), el Instituto de Biomedicina de Sevilla (IBIS) y la Sociedad Espa\u00f1ola de Neurociencia (SENC), la UPO organiza la <b><a href=\"https:\/\/jneurocientificas18.wixsite.com\/jneurocientificas\">I Jornada de Neurocient\u00edficas<\/a><\/b>. Se trata de un encuentro que se desarrollar\u00e1 mediante ponencias, talleres y mesas redondas para presentar las actividades cient\u00edficas que realizan las investigadoras de distintos centros de estudio de la ciudad. Esta actividad est\u00e1 coordinada por el Comit\u00e9 de Mujeres en Neurociencia del SENC, que preside la catedr\u00e1tica de la UPO <b>Agn\u00e8s Gruart<\/b>. La sesi\u00f3n de la ma\u00f1ana tendr\u00e1 lugar desde las 9:00 horas en el Sal\u00f3n de Actos de la Facultad de Matem\u00e1ticas de la US y la de la tarde, desde las 16:30, en el Centro C\u00edvico Las Sirenas con entrada libre hasta completar aforo. Un total de 25 instituciones universitarias y cient\u00edficas de toda Espa\u00f1a participan al mismo tiempo en iniciativas similares a la programada en Sevilla, donde m\u00e1s de 120 neurocient\u00edficas impartir\u00e1n charlas y seminarios sobres sus trabajos cient\u00edficos en 18 ciudades.<\/p>\n<p><a href=\"https:\/\/www.upo.es\/diario\/wp-content\/uploads\/2018\/02\/Cartel-Sevilla-Jornada-Neurocient\u00edficas.jpg\"><img loading=\"lazy\" decoding=\"async\" class=\"alignright size-medium wp-image-25583330\" alt=\"Cartel Sevilla Jornada Neurocient\u00edficas\" src=\"https:\/\/www.upo.es\/diario\/wp-content\/uploads\/2018\/02\/Cartel-Sevilla-Jornada-Neurocient\u00edficas-226x320.jpg\" width=\"226\" height=\"320\" \/><\/a>Otras actividades en la UPO con motivo del D\u00eda de la Mujer y la Ni\u00f1a en la Ciencia son la presentaci\u00f3n del programa \u201c<b><a href=\"https:\/\/11defebrero.org\/2018\/01\/26\/la-senc-va-al-cole-tambien-para-hablar-de-mujeres-y-ciencia\/\">La SENC va al cole\u2026 y\/o viceversa<\/a><\/b>\u201d, una actividad para dar a conocer al alumnado de Secundaria las distintas v\u00edas para desarrollar una carrera cient\u00edfica, adem\u00e1s de un taller sobre el papel desempe\u00f1ado por las mujeres en el aporte a la ciencia y a la innovaci\u00f3n. El primer centro educativo que participar\u00e1 ser\u00e1 el IES Hermanos Machado de Dos Hermanas en la Biblioteca del campus el viernes 16 de febrero desde las 9:00 horas.<\/p>\n<p>Por otra parte, docentes e investigadoras de la Universidad Pablo de Olavide impartir\u00e1n charlas en centros educativos de la provincia, actividades que se suman a las m\u00e1s de 1.000 que se est\u00e1n impulsando desde la iniciativa <a href=\"https:\/\/11defebrero.org\/\"><strong>11 de febrero<\/strong><\/a>. As\u00ed, <b>Gloria Brea-Calvo<\/b> expondr\u00e1 \u201cTrabajando por un mundo mejor desde la ciencia. Peripecias de una investigadora de enfermedades raras\u201d en el IES N\u00e9stor Almendros de Tomares y \u201cUna cient\u00edfica es como t\u00fa y como yo\u201d para Primaria en el CEIP Tom\u00e1s de Ybarra de Tomares; <b>Ana Fern\u00e1ndez<\/b> y <b>Silvia Naranjo<\/b> presentar\u00e1n \u201cPeque\u00f1os cient\u00edficos\u201d en el CEIP Olivar de Quinto de Dos Hermanas para alumnado de Primaria; <b>Macarena L\u00f3pez Mayorga<\/b> del CABD hablar\u00e1 \u201cSobre mujeres y ciencia\u201d en el IES Azahar de la capital; <b>Mar\u00eda Alc\u00e1zar Fabra<\/b> impartir\u00e1 en Primaria \u201cEl genoma, las enfermedades raras y mi experiencia como cient\u00edfica\u201d en el CEIP Juan Ram\u00f3n Jim\u00e9nez de Tomares; <b>Carlos Santos Oca\u00f1a<\/b>, \u201cLa Ciencia somos todas y todos\u201d para alumnado de Bachillerato en el IES Lago Ligur de Isla Mayor; <b>Mar\u00eda Dolores Mart\u00edn Bermudo<\/b> del CABD, \u201cLa irremplazable huella de las mujeres en la Ciencia\u201d para Secundaria en el IES Galileo Galilei de Dos Hermanas; y <b>Mariv\u00ed Cascajo Almenara<\/b> del CABD, \u201cCient\u00edficas por un d\u00eda: La patrulla del ADN\u201d para Primaria en el CEIP Luis Cernuda de Dos Hermanas.<\/p>\n","protected":false},"excerpt":{"rendered":"<p>La Facultad de Ciencias Experimentales, la Escuela Polit\u00e9cnica Superior y la Oficina para la Igualdad del Vicerrectorado de Cultura y Compromiso Social de la Universidad Pablo de Olavide han organizado numerosas actividades para conmemorar la efem\u00e9ride del D\u00eda Internacional de la Mujer y la Ni\u00f1a en la Ciencia.<\/p>\n","protected":false},"author":14,"featured_media":0,"comment_status":"closed","ping_status":"open","sticky":false,"template":"","format":"standard","meta":{"_monsterinsights_skip_tracking":false,"_monsterinsights_sitenote_active":false,"_monsterinsights_sitenote_note":"","_monsterinsights_sitenote_category":0,"footnotes":""},"categories":[6],"tags":[219,4693,152,122,4694,2209,3784,4404],"class_list":["post-25583327","post","type-post","status-publish","format-standard","hentry","category-institucional","tag-division-de-neurociencias","tag-efemeride","tag-escuela-politecnica-superior","tag-facultad-ciencias-experimentales","tag-mujer-y-ciencia","tag-oficina-para-la-igualdad","tag-radiolavide","tag-senc"],"_links":{"self":[{"href":"https:\/\/www.upo.es\/diario\/wp-json\/wp\/v2\/posts\/25583327","targetHints":{"allow":["GET"]}}],"collection":[{"href":"https:\/\/www.upo.es\/diario\/wp-json\/wp\/v2\/posts"}],"about":[{"href":"https:\/\/www.upo.es\/diario\/wp-json\/wp\/v2\/types\/post"}],"author":[{"embeddable":true,"href":"https:\/\/www.upo.es\/diario\/wp-json\/wp\/v2\/users\/14"}],"replies":[{"embeddable":true,"href":"https:\/\/www.upo.es\/diario\/wp-json\/wp\/v2\/comments?post=25583327"}],"version-history":[{"count":2,"href":"https:\/\/www.upo.es\/diario\/wp-json\/wp\/v2\/posts\/25583327\/revisions"}],"predecessor-version":[{"id":30862361,"href":"https:\/\/www.upo.es\/diario\/wp-json\/wp\/v2\/posts\/25583327\/revisions\/30862361"}],"wp:attachment":[{"href":"https:\/\/www.upo.es\/diario\/wp-json\/wp\/v2\/media?parent=25583327"}],"wp:term":[{"taxonomy":"category","embeddable":true,"href":"https:\/\/www.upo.es\/diario\/wp-json\/wp\/v2\/categories?post=25583327"},{"taxonomy":"post_tag","embeddable":true,"href":"https:\/\/www.upo.es\/diario\/wp-json\/wp\/v2\/tags?post=25583327"}],"curies":[{"name":"wp","href":"https:\/\/api.w.org\/{rel}","templated":true}]}}