{"id":25627148,"date":"2018-02-14T00:25:12","date_gmt":"2018-02-13T23:25:12","guid":{"rendered":"https:\/\/www.upo.es\/diario\/?p=25627148"},"modified":"2020-10-27T15:34:13","modified_gmt":"2020-10-27T14:34:13","slug":"un-ciclo-de-conferencias-de-la-upo-analiza-el-papel-de-las-encuestas-y-la-sociedad-civil-en-el-proceso-catalan","status":"publish","type":"post","link":"https:\/\/www.upo.es\/diario\/institucional\/2018\/02\/un-ciclo-de-conferencias-de-la-upo-analiza-el-papel-de-las-encuestas-y-la-sociedad-civil-en-el-proceso-catalan\/","title":{"rendered":"Un ciclo de conferencias de la UPO analiza el papel de las encuestas y la sociedad civil en el proceso catal\u00e1n"},"content":{"rendered":"<figure id=\"attachment_25493000\" aria-describedby=\"caption-attachment-25493000\" style=\"width: 320px\" class=\"wp-caption alignright\"><img loading=\"lazy\" decoding=\"async\" class=\"size-medium wp-image-25493000\" alt=\"Foto: anticapitalistes.net\" src=\"https:\/\/www.upo.es\/diario\/wp-content\/uploads\/2018\/01\/arton3936-d07db-320x212.jpg\" width=\"320\" height=\"212\" srcset=\"https:\/\/www.upo.es\/diario\/wp-content\/uploads\/2018\/01\/arton3936-d07db-320x212.jpg 320w, https:\/\/www.upo.es\/diario\/wp-content\/uploads\/2018\/01\/arton3936-d07db.jpg 400w\" sizes=\"auto, (max-width: 320px) 100vw, 320px\" \/><figcaption id=\"caption-attachment-25493000\" class=\"wp-caption-text\">Foto: anticapitalistes.net<\/figcaption><\/figure>\n<p>Hoy mi\u00e9rcoles 14 de febrero tendr\u00e1n lugar dos nuevas ponencias del ciclo de conferencias sobre el movimiento independentista en Catalu\u00f1a que ha organizado el Doctorado en Ciencias Jur\u00eddicas y Pol\u00edticas de la Universidad Pablo de Olavide. En concreto, <b>Juan Montabes Pereira<\/b>, catedr\u00e1tico de Ciencia Pol\u00edtica y de la Administraci\u00f3n de la Universidad de Granada, tratar\u00e1 \u201cLa cuesti\u00f3n catalana: \u00bfqu\u00e9 nos dicen las encuestas?\u201d a partir de las 16:00 horas en la Sala de Grados de la Biblioteca de la UPO. A continuaci\u00f3n, <b>Iv\u00e1n Medina Iborra<\/b>, doctor en Ciencia Pol\u00edtica de la Universidad de Valencia, hablar\u00e1 sobre \u201cLa sociedad civil en el proceso secesionista catal\u00e1n: \u00bf<i>top-down<\/i> o <i>bottom-up<\/i>?\u201d a partir de las 17:30 horas. La entrada es libre hasta completar aforo.<\/p>\n<p>Este ciclo concluir\u00e1 el jueves 15 de marzo con la conferencia \u201cLos nacionalismos irredentos. El caso catal\u00e1n: Del nacional-catolicismo al nacional-populismo\u201d que pronunciar\u00e1 <b>Antonio Robles Egea<\/b>, catedr\u00e1tico de Ciencia Pol\u00edtica y de la Administraci\u00f3n de la Universidad de Granada.<\/p>\n<p>El <a href=\"http:\/\/www.upo.es\/postgrado\/Doctorado-Ciencias-Juridicas-y-Politicas\">Doctorado en Ciencias Jur\u00eddicas y Pol\u00edticas de la Universidad Pablo de Olavide<\/a> est\u00e1 dirigido por el profesor <b>Francisco Infante Ruiz<\/b> y abarca dos grandes sectores de las Ciencias Sociales: Derecho y Ciencias Pol\u00edticas. En cada de uno de ellos, se incluyen l\u00edneas de investigaci\u00f3n muy avanzadas y que responden a un alto grado de excelencia de los grupos de investigaci\u00f3n presentes. El programa se enmarca dentro de una experiencia muy consolidada en la UPO respecto a doctorados jur\u00eddicos y de ciencia pol\u00edtica, de relevancia internacional y prestigio cient\u00edfico.<\/p>\n<ul>\n<li><a href=\"https:\/\/www.upo.es\/upo_opencms\/export\/sites\/upo\/Galerias\/Descargas\/InfoEstudiantes\/Conferencias-Catalunya-DJP.pdf\">M\u00e1s informaci\u00f3n y programa del ciclo \u2013PDF\u2013<\/a><\/li>\n<\/ul>\n","protected":false},"excerpt":{"rendered":"<p>Este ciclo concluir\u00e1 el jueves 15 de marzo con la conferencia \u201cLos nacionalismos irredentos. El caso catal\u00e1n: Del nacional-catolicismo al nacional-populismo\u201d que pronunciar\u00e1 Antonio Robles Egea, catedr\u00e1tico de Ciencia Pol\u00edtica y de la Administraci\u00f3n de la Universidad de Granada.<\/p>\n","protected":false},"author":14,"featured_media":0,"comment_status":"closed","ping_status":"open","sticky":false,"template":"","format":"standard","meta":{"_monsterinsights_skip_tracking":false,"_monsterinsights_sitenote_active":false,"_monsterinsights_sitenote_note":"","_monsterinsights_sitenote_category":0,"footnotes":""},"categories":[6],"tags":[1110,67,227,2205,1972,4704,4706,4705,4703],"class_list":["post-25627148","post","type-post","status-publish","format-standard","hentry","category-institucional","tag-ciclo-de-conferencias","tag-ciencias-politicas-y-de-la-administracion","tag-conferencia","tag-doctorado-en-ciencias-juridicas-y-politicas","tag-encuestas","tag-independentismo","tag-ivan-medina-iborra","tag-juan-montabes-pereira","tag-proceso-catalan"],"_links":{"self":[{"href":"https:\/\/www.upo.es\/diario\/wp-json\/wp\/v2\/posts\/25627148","targetHints":{"allow":["GET"]}}],"collection":[{"href":"https:\/\/www.upo.es\/diario\/wp-json\/wp\/v2\/posts"}],"about":[{"href":"https:\/\/www.upo.es\/diario\/wp-json\/wp\/v2\/types\/post"}],"author":[{"embeddable":true,"href":"https:\/\/www.upo.es\/diario\/wp-json\/wp\/v2\/users\/14"}],"replies":[{"embeddable":true,"href":"https:\/\/www.upo.es\/diario\/wp-json\/wp\/v2\/comments?post=25627148"}],"version-history":[{"count":3,"href":"https:\/\/www.upo.es\/diario\/wp-json\/wp\/v2\/posts\/25627148\/revisions"}],"predecessor-version":[{"id":30862353,"href":"https:\/\/www.upo.es\/diario\/wp-json\/wp\/v2\/posts\/25627148\/revisions\/30862353"}],"wp:attachment":[{"href":"https:\/\/www.upo.es\/diario\/wp-json\/wp\/v2\/media?parent=25627148"}],"wp:term":[{"taxonomy":"category","embeddable":true,"href":"https:\/\/www.upo.es\/diario\/wp-json\/wp\/v2\/categories?post=25627148"},{"taxonomy":"post_tag","embeddable":true,"href":"https:\/\/www.upo.es\/diario\/wp-json\/wp\/v2\/tags?post=25627148"}],"curies":[{"name":"wp","href":"https:\/\/api.w.org\/{rel}","templated":true}]}}