{"id":25627922,"date":"2018-02-13T11:22:42","date_gmt":"2018-02-13T10:22:42","guid":{"rendered":"https:\/\/www.upo.es\/diario\/?p=25627922"},"modified":"2020-10-27T15:33:48","modified_gmt":"2020-10-27T14:33:48","slug":"presentado-el-informe-del-cuarto-trimestre-de-2017-de-la-economia-andaluza","status":"publish","type":"post","link":"https:\/\/www.upo.es\/diario\/institucional\/2018\/02\/presentado-el-informe-del-cuarto-trimestre-de-2017-de-la-economia-andaluza\/","title":{"rendered":"Presentado el Informe del Cuarto Trimestre de 2017 de la Econom\u00eda Andaluza"},"content":{"rendered":"<figure id=\"attachment_25627923\" aria-describedby=\"caption-attachment-25627923\" style=\"width: 320px\" class=\"wp-caption alignright\"><a href=\"https:\/\/www.upo.es\/diario\/wp-content\/uploads\/2018\/02\/Presentacion-IVQ-17-630x315.jpg\"><img loading=\"lazy\" decoding=\"async\" class=\"size-medium wp-image-25627923\" alt=\"Manuel A. Hidalgo, Francisco Herrero y Francisco Ferraro\" src=\"https:\/\/www.upo.es\/diario\/wp-content\/uploads\/2018\/02\/Presentacion-IVQ-17-630x315-320x160.jpg\" width=\"320\" height=\"160\" \/><\/a><figcaption id=\"caption-attachment-25627923\" class=\"wp-caption-text\">Manuel A. Hidalgo, Francisco Herrero y Francisco Ferraro<\/figcaption><\/figure>\n<p>El Observatorio Econ\u00f3mico de Andaluc\u00eda, con la colaboraci\u00f3n de la Fundaci\u00f3n C\u00e1mara, ha presentado el informe \u201c<b>Econom\u00eda andaluza. 4\u00ba Trimestre de 2017<\/b>\u201d, realizado con el apoyo t\u00e9cnico de la Universidad Pablo de Olavide cuyo profesor de Econom\u00eda, M\u00e9todos Cuantitativos e Historia Econ\u00f3mica <b>Manuel Alejandro Hidalgo<\/b>, ha dirigido el equipo de trabajo.<\/p>\n<p>Seg\u00fan la estimaci\u00f3n realizada con el Indicador Sint\u00e9tico de Actividad de Andaluc\u00eda del Observatorio Econ\u00f3mico de Andaluc\u00eda (IOEA), la econom\u00eda andaluza experiment\u00f3 un crecimiento inter trimestral del Producto Interior Bruto (PIB) del 0,7% en el cuarto trimestre de 2017. Esta cifra es similar a la estimada para el tercer trimestre de 2017 en Andaluc\u00eda y a la del \u00faltimo trimestre en Espa\u00f1a. Con esta tasa de crecimiento inter trimestral, el crecimiento interanual del IOEA para el cuarto trimestre de 2017 es del 3,1%, similar estimaci\u00f3n a la obtenida para el tercer trimestre de 2017 y, de nuevo, similar a la estimada para Espa\u00f1a. De esta forma, el crecimiento del PIB andaluz en el a\u00f1o 2017 se eleva al 3,0%, una d\u00e9cima menos que el conjunto de Espa\u00f1a.<\/p>\n<p>Otros datos que aporta el informe son la estabilizaci\u00f3n del aumento del consumo de las familias andaluzas aunque en niveles de crecimiento inferiores al de otros componentes de la demanda;\u00a0 y respecto a la oferta, el comportamiento del sector servicios mimetiza en gran parte el del consumo de las familias, es decir, un crecimiento positivo aunque ligeramente inferior a la media del conjunto de la actividad productiva, pero con una ligera mejor\u00eda.<\/p>\n<p>Para el conjunto del a\u00f1o 2018, las previsiones econ\u00f3micas siguen estando enmarcadas en una fase de crecimiento mundial generalizado y con escasos riesgos a la baja, al menos a corto plazo. La singularidad de la fase en la que se encuentra la econom\u00eda mundial es la generalizaci\u00f3n de la expansi\u00f3n, compartida por todas las grandes \u00e1reas y con menos pa\u00edses en recesi\u00f3n que nunca en la historia desde que se tienen registros (solo un 3%).<\/p>\n<p>Respecto al riesgo de pobreza y su evoluci\u00f3n creciente desde el inicio de la crisis, los hogares con rentas inferiores al 60% de mediana para Espa\u00f1a y Andaluc\u00eda y el porcentaje de familias que, al menos, contestan afirmativamente a cuatro de las preguntas sobre carencias, en Andaluc\u00eda, ambas variables muestran mayor peso. Esto pone de manifiesto que tanto la estructura econ\u00f3mica andaluza como su elevada tasa de paro provocan una mella considerable en el bienestar de una buena parte de las familias andaluzas, seg\u00fan el informe.<\/p>\n","protected":false},"excerpt":{"rendered":"<p>El Observatorio Econ\u00f3mico de Andaluc\u00eda, con la colaboraci\u00f3n de la Fundaci\u00f3n C\u00e1mara, ha presentado el informe \u201cEconom\u00eda andaluza. 4\u00ba Trimestre de 2017\u201d, realizado con el apoyo t\u00e9cnico de la Universidad Pablo de Olavide cuyo profesor de Econom\u00eda, M\u00e9todos Cuantitativos e Historia Econ\u00f3mica Manuel Alejandro Hidalgo, ha dirigido el equipo de trabajo.<\/p>\n","protected":false},"author":14,"featured_media":0,"comment_status":"closed","ping_status":"open","sticky":false,"template":"","format":"standard","meta":{"_monsterinsights_skip_tracking":false,"_monsterinsights_sitenote_active":false,"_monsterinsights_sitenote_note":"","_monsterinsights_sitenote_category":0,"footnotes":""},"categories":[6],"tags":[3371,4709,731,3372,3369,4710,2678],"class_list":["post-25627922","post","type-post","status-publish","format-standard","hentry","category-institucional","tag-economia-andaluza","tag-fundacion-camara","tag-informe","tag-manuel-alejandro-hidalgo","tag-observatorio-economico-de-andalucia","tag-pib","tag-pobreza"],"_links":{"self":[{"href":"https:\/\/www.upo.es\/diario\/wp-json\/wp\/v2\/posts\/25627922","targetHints":{"allow":["GET"]}}],"collection":[{"href":"https:\/\/www.upo.es\/diario\/wp-json\/wp\/v2\/posts"}],"about":[{"href":"https:\/\/www.upo.es\/diario\/wp-json\/wp\/v2\/types\/post"}],"author":[{"embeddable":true,"href":"https:\/\/www.upo.es\/diario\/wp-json\/wp\/v2\/users\/14"}],"replies":[{"embeddable":true,"href":"https:\/\/www.upo.es\/diario\/wp-json\/wp\/v2\/comments?post=25627922"}],"version-history":[{"count":1,"href":"https:\/\/www.upo.es\/diario\/wp-json\/wp\/v2\/posts\/25627922\/revisions"}],"predecessor-version":[{"id":25646771,"href":"https:\/\/www.upo.es\/diario\/wp-json\/wp\/v2\/posts\/25627922\/revisions\/25646771"}],"wp:attachment":[{"href":"https:\/\/www.upo.es\/diario\/wp-json\/wp\/v2\/media?parent=25627922"}],"wp:term":[{"taxonomy":"category","embeddable":true,"href":"https:\/\/www.upo.es\/diario\/wp-json\/wp\/v2\/categories?post=25627922"},{"taxonomy":"post_tag","embeddable":true,"href":"https:\/\/www.upo.es\/diario\/wp-json\/wp\/v2\/tags?post=25627922"}],"curies":[{"name":"wp","href":"https:\/\/api.w.org\/{rel}","templated":true}]}}