{"id":25628701,"date":"2018-02-13T00:06:12","date_gmt":"2018-02-12T23:06:12","guid":{"rendered":"https:\/\/www.upo.es\/diario\/?p=25628701"},"modified":"2020-10-27T15:33:43","modified_gmt":"2020-10-27T14:33:43","slug":"manana-miercoles-ii-jornadas-terapia-contra-la-corrupcion-de-la-universidad-pablo-de-olavide","status":"publish","type":"post","link":"https:\/\/www.upo.es\/diario\/institucional\/2018\/02\/manana-miercoles-ii-jornadas-terapia-contra-la-corrupcion-de-la-universidad-pablo-de-olavide\/","title":{"rendered":"II Jornadas \u201cTerapia contra la Corrupci\u00f3n\u201d de la Universidad Pablo de Olavide"},"content":{"rendered":"<p><a href=\"https:\/\/www.upo.es\/diario\/wp-content\/uploads\/2018\/02\/CDD4recor.jpg\"><img loading=\"lazy\" decoding=\"async\" class=\"alignright size-medium wp-image-25628708\" alt=\"CDD4recor\" src=\"https:\/\/www.upo.es\/diario\/wp-content\/uploads\/2018\/02\/CDD4recor-320x206.jpg\" width=\"320\" height=\"206\" \/><\/a>El rector de la Universidad Pablo de Olavide, <b>Vicente Guzm\u00e1n Fluja<\/b>, inaugura ma\u00f1ana mi\u00e9rcoles 14 de febrero a las 9:30 horas en la Sala de Grados del edificio 7 las <b>II Jornadas \u201cTerapia contra la Corrupci\u00f3n\u201d<\/b>, un foro que analizar\u00e1 las consecuencias de la corrupci\u00f3n como la delincuencia, las p\u00e9rdidas econ\u00f3micas, la opacidad y la frustraci\u00f3n colectiva. En este acto, el rector estar\u00e1 acompa\u00f1ado por <b>Nuria Basi Mor\u00e9<\/b>, presidenta de Grup Set; <b>Ana Arillo Ram\u00edrez<\/b>, presidenta de la Fundaci\u00f3n Alhambra; y <b>Joaqu\u00edn L\u00f3pez L\u00e9rida<\/b>, presidente del Centro de Debate y Desarrollo de Andaluc\u00eda, todas ellas entidades coorganizadoras del encuentro. El evento ser\u00e1 retransmitido en <i>streaming<\/i> y a trav\u00e9s de RadiOlavide en el dial 90.6 FM.<\/p>\n<p>Tras la apertura de las jornadas, <b>Xavier Coller<\/b>, catedr\u00e1tico de Sociolog\u00eda de la Universidad Pablo de Olavide, presentar\u00e1 su ponencia \u201cAlgunas reflexiones sobre la corrupci\u00f3n en las sociedades modernas. El caso de Espa\u00f1a\u201d. A continuaci\u00f3n, a las 10:30 horas, se desarrollar\u00e1 una mesa redonda que bajo el t\u00edtulo \u201cBuenas pr\u00e1cticas en la lucha contra la corrupci\u00f3n\u201d contar\u00e1 con la presencia de <b>Gloria Mart\u00ednez<\/b>, profesora de Relaciones Internacionales de la Universidad Loyola Andaluc\u00eda; y <b>Javier de la Puerta<\/b>, editor de Tendencias Globales, que moderar\u00e1 <b>Lalia Gonz\u00e1lez<\/b>, adjunta al director editorial de Medios Regionales en Andaluc\u00eda.<\/p>\n<p>A partir de las 12:00 horas, la catedr\u00e1tica de Historia e Instituciones Econ\u00f3micas de la UPO <b>Lina G\u00e1lvez<\/b> y el CEO en la empresa Xtraice <b>Adri\u00e1n Ortiz<\/b> participar\u00e1n en el foro \u201c\u00c9tica y Transparencia: Las reglas de oro en la sociedad del siglo XXI\u201d, que moderar\u00e1 <b>Lucrecia Hevia<\/b>, directora de eldiario.es en Andaluc\u00eda. Las jornadas se cerrar\u00e1n con las conclusiones que presentar\u00e1 <b>Ant\u00f3n Costas<\/b>, catedr\u00e1tico de Pol\u00edtica Econ\u00f3mica de la Universidad de Barcelona y miembro de la Junta Directiva del C\u00edrculo de Econom\u00eda.<\/p>\n<p>Despu\u00e9s de la celebraci\u00f3n de unas primeras jornadas en marzo de 2016, las entidades que participan en este proyecto firmaron en mayo del a\u00f1o pasado un convenio de colaboraci\u00f3n para reeditar este foro de reflexi\u00f3n y debate en el que analizar diversos aspectos de este grave problema que actualmente sufren la sociedad y los poderes p\u00fablicos. Adem\u00e1s de las jornadas, el convenio promueve, en el \u00e1mbito acad\u00e9mico, la programaci\u00f3n y realizaci\u00f3n de actividades de investigaci\u00f3n, formaci\u00f3n y divulgaci\u00f3n sobre el tema \u201cTerapia contra la Corrupci\u00f3n\u201d bajo la premisa de que no s\u00f3lo se lucha contra la corrupci\u00f3n con el C\u00f3digo Penal, sino sobre todo con valores, honradez pol\u00edtica, \u00e9tica empresarial y compromiso c\u00edvico, principios que deben generarse desde la educaci\u00f3n temprana.<\/p>\n<p>El <b><a href=\"http:\/\/www.centrodedebate.es\/\">Centro de Debate y Desarrollo<\/a><\/b> de Andaluc\u00eda es una asociaci\u00f3n andaluza formada por un grupo de profesionales de la empresa, la direcci\u00f3n, la ciencia, intelectuales, profesorado de universidad y periodistas que quiere convocar a las capas m\u00e1s din\u00e1micas de la sociedad para promover el desarrollo econ\u00f3mico y social. Por su parte, la <b><a href=\"http:\/\/www.grupset.org\/cat\/\">Fundaci\u00f3 Grup Set<\/a><\/b> fue creada en 1987 en Barcelona por siete mujeres empresarias y profesionales con la idea de fortalecer y promover la sociedad civil. Finalmente, la <b>Fundaci\u00f3n Alhambra<\/b> promueve la investigaci\u00f3n, ense\u00f1anza y difusi\u00f3n de la identidad, la historia y la cultura del pueblo andaluz dentro y fuera de Andaluc\u00eda. rector<\/p>\n","protected":false},"excerpt":{"rendered":"<p>El rector de la Universidad Pablo de Olavide, Vicente Guzm\u00e1n Fluja, inaugura ma\u00f1ana mi\u00e9rcoles 14 de febrero a las 9:30 horas en la Sala de Grados del edificio 7 las II Jornadas \u201cTerapia contra la Corrupci\u00f3n\u201d, un foro que analizar\u00e1 las consecuencias de la corrupci\u00f3n como la delincuencia, las p\u00e9rdidas econ\u00f3micas, la opacidad y la frustraci\u00f3n colectiva. En este acto, el rector estar\u00e1 acompa\u00f1ado por Nuria Basi Mor\u00e9, presidenta de Grup Set; Ana Arillo Ram\u00edrez, presidenta de la Fundaci\u00f3n Alhambra; y Joaqu\u00edn L\u00f3pez L\u00e9rida, presidente del Centro de Debate y Desarrollo de Andaluc\u00eda, todas ellas entidades coorganizadoras del encuentro. El evento ser\u00e1 retransmitido en streaming y a trav\u00e9s de RadiOlavide en el dial 90.6 FM.<\/p>\n","protected":false},"author":14,"featured_media":0,"comment_status":"closed","ping_status":"open","sticky":false,"template":"","format":"standard","meta":{"_monsterinsights_skip_tracking":false,"_monsterinsights_sitenote_active":false,"_monsterinsights_sitenote_note":"","_monsterinsights_sitenote_category":0,"footnotes":""},"categories":[6],"tags":[3217,4056,4055,84,3784,38,146,3216],"class_list":["post-25628701","post","type-post","status-publish","format-standard","hentry","category-institucional","tag-centro-de-debate-y-desarrollo","tag-fundacion-alhambra","tag-fundacion-grup-set","tag-jornadas","tag-radiolavide","tag-rector","tag-sociedad","tag-terapia-contra-la-corrupcion"],"_links":{"self":[{"href":"https:\/\/www.upo.es\/diario\/wp-json\/wp\/v2\/posts\/25628701","targetHints":{"allow":["GET"]}}],"collection":[{"href":"https:\/\/www.upo.es\/diario\/wp-json\/wp\/v2\/posts"}],"about":[{"href":"https:\/\/www.upo.es\/diario\/wp-json\/wp\/v2\/types\/post"}],"author":[{"embeddable":true,"href":"https:\/\/www.upo.es\/diario\/wp-json\/wp\/v2\/users\/14"}],"replies":[{"embeddable":true,"href":"https:\/\/www.upo.es\/diario\/wp-json\/wp\/v2\/comments?post=25628701"}],"version-history":[{"count":2,"href":"https:\/\/www.upo.es\/diario\/wp-json\/wp\/v2\/posts\/25628701\/revisions"}],"predecessor-version":[{"id":30862367,"href":"https:\/\/www.upo.es\/diario\/wp-json\/wp\/v2\/posts\/25628701\/revisions\/30862367"}],"wp:attachment":[{"href":"https:\/\/www.upo.es\/diario\/wp-json\/wp\/v2\/media?parent=25628701"}],"wp:term":[{"taxonomy":"category","embeddable":true,"href":"https:\/\/www.upo.es\/diario\/wp-json\/wp\/v2\/categories?post=25628701"},{"taxonomy":"post_tag","embeddable":true,"href":"https:\/\/www.upo.es\/diario\/wp-json\/wp\/v2\/tags?post=25628701"}],"curies":[{"name":"wp","href":"https:\/\/api.w.org\/{rel}","templated":true}]}}