{"id":25637836,"date":"2018-02-14T13:20:53","date_gmt":"2018-02-14T12:20:53","guid":{"rendered":"https:\/\/www.upo.es\/diario\/?p=25637836"},"modified":"2020-10-27T15:34:43","modified_gmt":"2020-10-27T14:34:43","slug":"xavier-coller-no-existen-las-mordidas-institucionalizadas-pero-hay-un-caldo-de-cultivo-que-tolera-la-corrupcion","status":"publish","type":"post","link":"https:\/\/www.upo.es\/diario\/institucional\/2018\/02\/xavier-coller-no-existen-las-mordidas-institucionalizadas-pero-hay-un-caldo-de-cultivo-que-tolera-la-corrupcion\/","title":{"rendered":"Xavier Coller: \u201cNo existen las mordidas institucionalizadas pero hay un caldo de cultivo que tolera la corrupci\u00f3n\u201d"},"content":{"rendered":"<figure id=\"attachment_25637837\" aria-describedby=\"caption-attachment-25637837\" style=\"width: 320px\" class=\"wp-caption alignright\"><a href=\"https:\/\/www.upo.es\/diario\/wp-content\/uploads\/2018\/02\/Xavier-Coller_TerapiacontraCorrucion_2.jpg\"><img loading=\"lazy\" decoding=\"async\" class=\"size-medium wp-image-25637837\" alt=\"El catedr\u00e1tico de la UPO Xavier Coller\" src=\"https:\/\/www.upo.es\/diario\/wp-content\/uploads\/2018\/02\/Xavier-Coller_TerapiacontraCorrucion_2-320x213.jpg\" width=\"320\" height=\"213\" \/><\/a><figcaption id=\"caption-attachment-25637837\" class=\"wp-caption-text\">El catedr\u00e1tico de la UPO Xavier Coller<\/figcaption><\/figure>\n<p>El catedr\u00e1tico de Sociolog\u00eda de la Universidad Pablo de Olavide, <b>Xavier Coller<\/b>, ha pronunciado la conferencia de apertura de las <b>II Jornadas \u201cTerapia contra la Corrupci\u00f3n\u201d<\/b> que ha inaugurado el rector de la UPO, <b>Vicente Guzm\u00e1n<\/b>, esta ma\u00f1ana en la Sala de Grados del edificio 7. Junto al rector, han participado en la mesa inaugural <b>Nuria Basi Mor\u00e9<\/b>, presidenta de Grup Set; <b>Ana Arillo Ram\u00edrez<\/b>, presidenta de la Fundaci\u00f3n Alhambra; y <b>Anselmo Presencio<\/b>, vocal del Centro de Debate y Desarrollo de Andaluc\u00eda, todas ellas entidades coorganizadoras del encuentro.<\/p>\n<p>Coller se ha referido a la corrupci\u00f3n como un problema social puesto que se refleja en las encuestas a la ciudadan\u00eda, con un impacto negativo tanto en pol\u00edtica como en econom\u00eda. Sin embargo, el catedr\u00e1tico ha se\u00f1alado que aunque abundan los casos de corrupci\u00f3n en Espa\u00f1a y destacan por ser medi\u00e1ticos y con v\u00ednculos pol\u00edticos, \u201cla corrupci\u00f3n no es nueva y forma parte de la naturaleza humana. En democracia, puede convertirse en una epidemia pero la corrupci\u00f3n forma parte del bagaje humano y no la vamos a hacer desaparecer tan f\u00e1cilmente. Se ve m\u00e1s en democracias que en reg\u00edmenes autoritarios, no porque se d\u00e9 m\u00e1s, sino porque hay m\u00e1s ventanas por d\u00f3nde mirar\u201d.<\/p>\n<p>El catedr\u00e1tico ha expuesto los datos que refleja el \u00cdndice de Percepci\u00f3n de la Corrupci\u00f3n en Espa\u00f1a, explicando que los espa\u00f1oles y espa\u00f1olas perciben ahora m\u00e1s corrupci\u00f3n \u2013pasando del puesto 28 al 41-, similarmente a pa\u00edses como Georgia, Costa Rica, Granada, Brun\u00e9i o Chipre. \u201cSin embargo, creo que Espa\u00f1a no es un pa\u00eds corrupto porque no hay una corrupci\u00f3n sist\u00e9mica, no est\u00e1 establecida aunque haya casos llamativos. No existen las mordidas institucionalizadas pero hay un caldo de cultivo que tolera la corrupci\u00f3n. Por otra parte, es probable que estemos llegando a la existencia de una masa cr\u00edtica, que es la que rompe la ficci\u00f3n organizada que mantiene el orden. Esta masa, de momento, se manifiesta en las encuestas pero no hace ruido y es lo que le falta\u201d.<\/p>\n<p>Finalmente, Xavier Coller tambi\u00e9n se ha referido al procedimiento para elegir a las personas que ocupan las listas electorales de los partidos pol\u00edticos: \u201c\u00bfQu\u00e9 tipo de filtro falla? \u00bfQu\u00e9 filtros se podr\u00edan poner? Las personas que tienen que ser propuestas para un cargo, en lugar de ser nombradas por un individuo al que rendir cuentas, podr\u00eda pasar por un servicio de audiencias donde se evaluase su curr\u00edculum y el nombramiento tuviese que ser motivado. Nos evitar\u00edamos algunas sorpresas de aquellos pol\u00edticos que han metido la mano en la caja\u201d.<\/p>\n<figure id=\"attachment_25637838\" aria-describedby=\"caption-attachment-25637838\" style=\"width: 320px\" class=\"wp-caption alignright\"><a href=\"https:\/\/www.upo.es\/diario\/wp-content\/uploads\/2018\/02\/Terapia-contra-corrupcion.jpg\"><img loading=\"lazy\" decoding=\"async\" class=\"size-medium wp-image-25637838\" alt=\"Ana Arillo, Vicente Guzm\u00e1n, Nuria Basi y Anselmo Presencio\" src=\"https:\/\/www.upo.es\/diario\/wp-content\/uploads\/2018\/02\/Terapia-contra-corrupcion-320x213.jpg\" width=\"320\" height=\"213\" \/><\/a><figcaption id=\"caption-attachment-25637838\" class=\"wp-caption-text\">Ana Arillo, Vicente Guzm\u00e1n, Nuria Basi y Anselmo Presencio<\/figcaption><\/figure>\n<p>Previamente, el rector de la UPO ha agradecido la iniciativa de las entidades organizadoras \u201cporque nace como una inquietud de la sociedad civil que plante\u00f3 la forma en la que la universidad pudiese participar en la soluci\u00f3n del problema de la corrupci\u00f3n. Nuestro trabajo debe consistir en generar instrumentos estables de estudio de la corrupci\u00f3n y mecanismos de sanci\u00f3n y prevenci\u00f3n. Adem\u00e1s, la formaci\u00f3n debe volver a tener en cuenta la \u00e9tica y los valores que hacen que una sociedad viva en paz, sin exclusi\u00f3n ni pobreza\u201d, ha concluido <b>Vicente Guzm\u00e1n<\/b>.<\/p>\n<p>Por otra parte, <b>Nuria Basi<\/b> ha felicitado la convocatoria de las jornadas por contar con un p\u00fablico tan joven, \u201cporque la soluci\u00f3n viene por este camino\u201d; <b>Ana Arillo<\/b> se ha referido a la lucha contra la corrupci\u00f3n como un tema de vital importancia \u201cporque creemos que la sociedad necesita ser m\u00e1s honesta y sana, donde la corrupci\u00f3n no se tolere\u201d; y <b>Anselmo Presencio<\/b> ha hecho referencia al origen de las jornadas cuando se pusieron en marcha hace tres a\u00f1os y que \u201cdesgraciadamente, este tema sigue estando vigente\u201d.<\/p>\n<p>Despu\u00e9s de la celebraci\u00f3n de unas primeras jornadas en marzo de 2016, las entidades que participan en este proyecto firmaron en mayo del a\u00f1o pasado un convenio de colaboraci\u00f3n para reeditar este foro de reflexi\u00f3n y debate en el que analizar diversos aspectos de este grave problema que actualmente sufren la sociedad y los poderes p\u00fablicos. Adem\u00e1s de las jornadas, el convenio promueve, en el \u00e1mbito acad\u00e9mico, la programaci\u00f3n y realizaci\u00f3n de actividades de investigaci\u00f3n, formaci\u00f3n y divulgaci\u00f3n sobre el tema \u201cTerapia contra la Corrupci\u00f3n\u201d bajo la premisa de que no s\u00f3lo se lucha contra la corrupci\u00f3n con el C\u00f3digo Penal, sino sobre todo con valores, honradez pol\u00edtica, \u00e9tica empresarial y compromiso c\u00edvico, principios que deben generarse desde la educaci\u00f3n temprana.<\/p>\n<p><a title=\"II Jornadas 'Terapia contra la corrupci\u00f3n'\" href=\"https:\/\/www.flickr.com\/photos\/pablodeolavide\/albums\/72157693410512885\" data-flickr-embed=\"true\" data-header=\"true\"><img loading=\"lazy\" decoding=\"async\" alt=\"II Jornadas 'Terapia contra la corrupci\u00f3n'\" src=\"https:\/\/farm5.staticflickr.com\/4667\/25390333827_b02b2b6a11.jpg\" width=\"500\" height=\"281\" \/><\/a><script charset=\"utf-8\" type=\"text\/javascript\" src=\"\/\/embedr.flickr.com\/assets\/client-code.js\" async=\"\"><\/script><\/p>\n","protected":false},"excerpt":{"rendered":"<p>El catedr\u00e1tico de Sociolog\u00eda de la Universidad Pablo de Olavide, Xavier Coller, ha pronunciado la conferencia de apertura de las II Jornadas \u201cTerapia contra la Corrupci\u00f3n\u201d que ha inaugurado el rector de la UPO, Vicente Guzm\u00e1n. Junto al rector, han participado en la mesa inaugural Nuria Basi Mor\u00e9, presidenta de Grup Set; Ana Arillo Ram\u00edrez, presidenta de la Fundaci\u00f3n Alhambra; y Anselmo Presencio, vocal del Centro de Debate y Desarrollo de Andaluc\u00eda, todas ellas entidades coorganizadoras del encuentro.<\/p>\n","protected":false},"author":14,"featured_media":0,"comment_status":"closed","ping_status":"open","sticky":false,"template":"","format":"standard","meta":{"_monsterinsights_skip_tracking":false,"_monsterinsights_sitenote_active":false,"_monsterinsights_sitenote_note":"","_monsterinsights_sitenote_category":0,"footnotes":""},"categories":[6],"tags":[1173,744,76,146,104,3216],"class_list":["post-25637836","post","type-post","status-publish","format-standard","hentry","category-institucional","tag-corrupcion","tag-democracia","tag-politica","tag-sociedad","tag-sociologia","tag-terapia-contra-la-corrupcion"],"_links":{"self":[{"href":"https:\/\/www.upo.es\/diario\/wp-json\/wp\/v2\/posts\/25637836","targetHints":{"allow":["GET"]}}],"collection":[{"href":"https:\/\/www.upo.es\/diario\/wp-json\/wp\/v2\/posts"}],"about":[{"href":"https:\/\/www.upo.es\/diario\/wp-json\/wp\/v2\/types\/post"}],"author":[{"embeddable":true,"href":"https:\/\/www.upo.es\/diario\/wp-json\/wp\/v2\/users\/14"}],"replies":[{"embeddable":true,"href":"https:\/\/www.upo.es\/diario\/wp-json\/wp\/v2\/comments?post=25637836"}],"version-history":[{"count":3,"href":"https:\/\/www.upo.es\/diario\/wp-json\/wp\/v2\/posts\/25637836\/revisions"}],"predecessor-version":[{"id":25682701,"href":"https:\/\/www.upo.es\/diario\/wp-json\/wp\/v2\/posts\/25637836\/revisions\/25682701"}],"wp:attachment":[{"href":"https:\/\/www.upo.es\/diario\/wp-json\/wp\/v2\/media?parent=25637836"}],"wp:term":[{"taxonomy":"category","embeddable":true,"href":"https:\/\/www.upo.es\/diario\/wp-json\/wp\/v2\/categories?post=25637836"},{"taxonomy":"post_tag","embeddable":true,"href":"https:\/\/www.upo.es\/diario\/wp-json\/wp\/v2\/tags?post=25637836"}],"curies":[{"name":"wp","href":"https:\/\/api.w.org\/{rel}","templated":true}]}}