{"id":25685059,"date":"2018-02-20T07:19:29","date_gmt":"2018-02-20T07:19:29","guid":{"rendered":"https:\/\/www.upo.es\/diario\/?p=25685059"},"modified":"2018-02-21T14:20:50","modified_gmt":"2018-02-21T14:20:50","slug":"manana-se-inaugura-en-la-flora-tristan-la-exposicion-fotografica-el-adn-de-la-memoria","status":"publish","type":"post","link":"https:\/\/www.upo.es\/diario\/institucional\/2018\/02\/manana-se-inaugura-en-la-flora-tristan-la-exposicion-fotografica-el-adn-de-la-memoria\/","title":{"rendered":"Exposici\u00f3n fotogr\u00e1fica \u2018El ADN de la Memoria\u2019 en la Residencia Universitaria Flora Trist\u00e1n"},"content":{"rendered":"<p><a href=\"https:\/\/www.upo.es\/diario\/wp-content\/uploads\/2018\/02\/Expo-ADN_Flora-Tristan_Sevilla.jpg\"><img loading=\"lazy\" decoding=\"async\" class=\"alignright size-medium wp-image-25685060\" alt=\"Expo-ADN_Flora-Tristan_Sevilla\" src=\"https:\/\/www.upo.es\/diario\/wp-content\/uploads\/2018\/02\/Expo-ADN_Flora-Tristan_Sevilla-226x320.jpg\" width=\"226\" height=\"320\" srcset=\"https:\/\/www.upo.es\/diario\/wp-content\/uploads\/2018\/02\/Expo-ADN_Flora-Tristan_Sevilla-226x320.jpg 226w, https:\/\/www.upo.es\/diario\/wp-content\/uploads\/2018\/02\/Expo-ADN_Flora-Tristan_Sevilla-424x600.jpg 424w, https:\/\/www.upo.es\/diario\/wp-content\/uploads\/2018\/02\/Expo-ADN_Flora-Tristan_Sevilla-600x848.jpg 600w, https:\/\/www.upo.es\/diario\/wp-content\/uploads\/2018\/02\/Expo-ADN_Flora-Tristan_Sevilla.jpg 1654w\" sizes=\"auto, (max-width: 226px) 100vw, 226px\" \/><\/a>Hoy\u00a0<strong>martes 20 de febrero a las 20:30 horas<\/strong> se inaugura la exposici\u00f3n<strong> \u201cEl ADN de la Memoria. Fosas del franquismo: semillas de memoria\u201d<\/strong> organizada por la<strong> Asociaci\u00f3n Nuestra Memoria<\/strong> que acoge la Residencia Flora Trist\u00e1n de la Universidad Pablo de Olavide (C\/ Residencia de Estudiantes, s\/n) hasta el 13 de marzo en horario continuo. Tras la inauguraci\u00f3n, tendr\u00e1 lugar un video f\u00f3rum hom\u00f3nimo en el Sal\u00f3n de Actos de la residencia.<\/p>\n<p>El objetivo de esta exposici\u00f3n es<strong> visibilizar la lucha contra el olvido<\/strong> y el constante trabajo que desde las asociaciones memorialistas se est\u00e1 realizando. La muestra re\u00fane fotograf\u00edas de personas desaparecidas tras el golpe de estado, cuyos cuerpos est\u00e1n en fosas comunes, y de los familiares de estas personas que a d\u00eda de hoy forman parte del movimiento de Memoria Hist\u00f3rica. Con la exposici\u00f3n de estas fotograf\u00edas generacionales, se quiere transmitir el mensaje de que las familias de las v\u00edctimas han recogido el testigo para que sus historias no caigan en el olvido. De esta forma, la exposici\u00f3n consta de 35 fotograf\u00edas de 50 x 70 cent\u00edmetros junto con un video con testimonios de sus familiares.<\/p>\n<p><strong>La fotograf\u00eda como imagen ha tenido gran importancia en todo lo relacionado con la recuperaci\u00f3n de la Memoria Hist\u00f3rica<\/strong> y el movimiento memorialista desde su nacimiento en el a\u00f1o 2000. La visualizaci\u00f3n de restos en las exhumaciones de las fosas comunes, junto a los propios rostros de las v\u00edctimas, ha roto los silencios de miles de ciudadanas y ciudadanos m\u00e1s all\u00e1 del \u00e1mbito familiar y local. Esta exposici\u00f3n, de car\u00e1cter itinerante, ha recorrido anteriormente municipios de la provincia de Sevilla, C\u00e1diz, Huelva, Madrid y Badajoz.<\/p>\n<p>&nbsp;<\/p>\n<p>&nbsp;<\/p>\n","protected":false},"excerpt":{"rendered":"<p>\u201cEl ADN de la Memoria. Fosas del franquismo: semillas de memoria\u201d es una exposici\u00f3n organizada por la Asociaci\u00f3n Nuestra Memoria que acoge la Residencia Flora Trist\u00e1n de la Universidad Pablo de Olavide hasta el 13 de marzo en horario continuo. El objetivo de esta muestra es visibilizar la lucha contra el olvido y el constante trabajo que desde las asociaciones memorialistas se est\u00e1 realizando.<\/p>\n","protected":false},"author":6,"featured_media":0,"comment_status":"closed","ping_status":"open","sticky":false,"template":"","format":"standard","meta":{"_monsterinsights_skip_tracking":false,"_monsterinsights_sitenote_active":false,"_monsterinsights_sitenote_note":"","_monsterinsights_sitenote_category":0,"footnotes":""},"categories":[6],"tags":[74,60,2116,150,1085,1745,3264],"class_list":["post-25685059","post","type-post","status-publish","format-standard","hentry","category-institucional","tag-exposiciones","tag-fotografia","tag-guerra-civil","tag-historia","tag-memoria-historica","tag-residencia-universitaria-flora-tristan","tag-victimas"],"_links":{"self":[{"href":"https:\/\/www.upo.es\/diario\/wp-json\/wp\/v2\/posts\/25685059","targetHints":{"allow":["GET"]}}],"collection":[{"href":"https:\/\/www.upo.es\/diario\/wp-json\/wp\/v2\/posts"}],"about":[{"href":"https:\/\/www.upo.es\/diario\/wp-json\/wp\/v2\/types\/post"}],"author":[{"embeddable":true,"href":"https:\/\/www.upo.es\/diario\/wp-json\/wp\/v2\/users\/6"}],"replies":[{"embeddable":true,"href":"https:\/\/www.upo.es\/diario\/wp-json\/wp\/v2\/comments?post=25685059"}],"version-history":[{"count":5,"href":"https:\/\/www.upo.es\/diario\/wp-json\/wp\/v2\/posts\/25685059\/revisions"}],"predecessor-version":[{"id":25704689,"href":"https:\/\/www.upo.es\/diario\/wp-json\/wp\/v2\/posts\/25685059\/revisions\/25704689"}],"wp:attachment":[{"href":"https:\/\/www.upo.es\/diario\/wp-json\/wp\/v2\/media?parent=25685059"}],"wp:term":[{"taxonomy":"category","embeddable":true,"href":"https:\/\/www.upo.es\/diario\/wp-json\/wp\/v2\/categories?post=25685059"},{"taxonomy":"post_tag","embeddable":true,"href":"https:\/\/www.upo.es\/diario\/wp-json\/wp\/v2\/tags?post=25685059"}],"curies":[{"name":"wp","href":"https:\/\/api.w.org\/{rel}","templated":true}]}}