{"id":25685457,"date":"2018-02-19T15:33:36","date_gmt":"2018-02-19T15:33:36","guid":{"rendered":"https:\/\/www.upo.es\/diario\/?p=25685457"},"modified":"2018-02-20T15:08:27","modified_gmt":"2018-02-20T15:08:27","slug":"estudiantes-de-la-universidad-pablo-de-olavide-podran-realizar-practicas-en-el-colegio-san-jose-fesac","status":"publish","type":"post","link":"https:\/\/www.upo.es\/diario\/institucional\/2018\/02\/estudiantes-de-la-universidad-pablo-de-olavide-podran-realizar-practicas-en-el-colegio-san-jose-fesac\/","title":{"rendered":"Estudiantes de la Universidad Pablo de Olavide podr\u00e1n realizar pr\u00e1cticas en el Colegio San Jos\u00e9 FESAC"},"content":{"rendered":"<figure id=\"attachment_25685458\" aria-describedby=\"caption-attachment-25685458\" style=\"width: 320px\" class=\"wp-caption alignright\"><a href=\"https:\/\/www.upo.es\/diario\/wp-content\/uploads\/2018\/02\/Conve-UPO-Fesac_20180219.jpg\"><img loading=\"lazy\" decoding=\"async\" class=\"size-medium wp-image-25685458\" alt=\"Vicente Guzm\u00e1n y Juan Manuel de Mula\" src=\"https:\/\/www.upo.es\/diario\/wp-content\/uploads\/2018\/02\/Conve-UPO-Fesac_20180219-320x213.jpg\" width=\"320\" height=\"213\" srcset=\"https:\/\/www.upo.es\/diario\/wp-content\/uploads\/2018\/02\/Conve-UPO-Fesac_20180219-320x213.jpg 320w, https:\/\/www.upo.es\/diario\/wp-content\/uploads\/2018\/02\/Conve-UPO-Fesac_20180219-600x399.jpg 600w\" sizes=\"auto, (max-width: 320px) 100vw, 320px\" \/><\/a><figcaption id=\"caption-attachment-25685458\" class=\"wp-caption-text\">Vicente Guzm\u00e1n y Juan Manuel de Mula<\/figcaption><\/figure>\n<p>La Universidad Pablo de Olavide y el Colegio San Jos\u00e9 SS.CC. FESAC han firmado esta ma\u00f1ana un convenio de cooperaci\u00f3n educativa entre ambas entidades con el fin de establecer un marco jur\u00eddico e institucional adecuado para impulsar la realizaci\u00f3n de pr\u00e1cticas de los alumnos de la UPO. Mediante este acuerdo, rubricado por el rector de la UPO, <strong>Vicente Guzm\u00e1n<\/strong>, y el director general del Colegio, <strong>Juan Manuel de Mula<\/strong>, los alumnos de esta universidad podr\u00e1n realizar pr\u00e1cticas curriculares y extracurriculares en este centro educativo, as\u00ed como estudiantes de los ciclos formativos de FESAC podr\u00e1n hacer pr\u00e1cticas en la Fundaci\u00f3n UPO.<\/p>\n<p>En el acto de la firma han estado tambi\u00e9n presentes el vicerrector de Estrategia, Empleabilidad y Emprendimiento, Jos\u00e9 Manuel Feria y el vicepresidente ejecutivo de la Fundaci\u00f3n, David Naranjo, as\u00ed como el director pedag\u00f3gico de FESAC, Juan Carlos Heras y la profesora, Ana Navarrete Wic.<\/p>\n<p>Tras la r\u00fabrica del convenio, el rector ha declarado que la Universidad tiene que estar abierta a todos los actores sociales y, preferentemente, las entidades con fines educativos porque, precisamente \u201ces nuestra misi\u00f3n terminar la formaci\u00f3n de los estudiantes que provienen de los ciclos formativos previos\u201d.<\/p>\n<p>Asimismo, ha manifestado que \u201ces necesario encontrar espacios de trabajo en com\u00fan\u201d. En este sentido, ha afirmado que los procesos educativos deben tener continuidad y generar estructuras para que los estudiantes puedan elegir su formaci\u00f3n, en funci\u00f3n de sus expectativas, al tiempo que ha mostrado su satisfacci\u00f3n por poder abrir esta nueva v\u00eda con el colegio.<\/p>\n<p>Por su parte, el director general del Colegio ha destacado la importancia de este acuerdo con la Universidad, como centro de formaci\u00f3n preuniversitario. Adem\u00e1s, ha valorado muy positivamente que los alumnos de la UPO puedan hacer pr\u00e1cticas en el centro, y ha deseado que esta colaboraci\u00f3n vaya a m\u00e1s.<\/p>\n<p>A trav\u00e9s de este convenio se busca establecer l\u00edneas de cooperaci\u00f3n para mejorar la cualificaci\u00f3n profesional de los estudiantes de t\u00edtulos oficiales y t\u00edtulos propios de la Universidad Pablo de Olavide. De esta manera, el Colegio San Jos\u00e9 SS.CC. FESAC facilitar\u00e1 a los estudiantes de la UPO los medios e instalaciones necesarios para la realizaci\u00f3n de las pr\u00e1cticas correspondientes.<\/p>\n<p>Podr\u00e1n beneficiarse de estas pr\u00e1cticas alumnos matriculados en cualquier ense\u00f1anza oficial impartida por la UPO, as\u00ed como estudiantes que en el momento de solicitar las pr\u00e1cticas se encuentren en alg\u00fan programa de movilidad acad\u00e9mica en la Universidad Pablo de Olavide.<\/p>\n<p>Por otro lado, tambi\u00e9n podr\u00e1n realizar pr\u00e1cticas en el Colegio San Jos\u00e9-FESAC los estudiantes matriculados en cualquier T\u00edtulo Propio impartido en la UPO que contemple pr\u00e1cticas obligatorias en su programa acad\u00e9mico. Todas estas pr\u00e1cticas ser\u00e1n gestionadas a trav\u00e9s de la Fundaci\u00f3n Universidad Pablo de Olavide.<\/p>\n<p>El Colegio San Jos\u00e9 es una entidad educativa fundada en los a\u00f1os cincuenta en Sevilla y que en 2016 incorpor\u00f3 a sus planes de estudio la formaci\u00f3n profesional para mayores de 18 a\u00f1os a trav\u00e9s de FESAC. Se trata de un programa dependiente del colegio que busca apoyar a las personas inscritas a la inserci\u00f3n laboral por medio de formaci\u00f3n reglada y no reglada a partir del emprendimiento, la innovaci\u00f3n y el trabajo en equipo.<\/p>\n","protected":false},"excerpt":{"rendered":"<p>La Universidad Pablo de Olavide y el Colegio San Jos\u00e9 SS.CC. FESAC han firmado  un convenio de cooperaci\u00f3n educativa entre ambas entidades con el fin de establecer un marco jur\u00eddico e institucional adecuado para impulsar la realizaci\u00f3n de pr\u00e1cticas de los alumnos de la UPO. Mediante este acuerdo, rubricado por el rector de la UPO, Vicente Guzm\u00e1n, y el director general del Colegio, Juan Manuel de Mula, los alumnos de esta universidad podr\u00e1n realizar pr\u00e1cticas curriculares y extracurriculares en este centro educativo, as\u00ed como estudiantes de los ciclos formativos de FESAC podr\u00e1n hacer pr\u00e1cticas en la Fundaci\u00f3n UPO.<\/p>\n","protected":false},"author":6,"featured_media":0,"comment_status":"closed","ping_status":"open","sticky":false,"template":"","format":"standard","meta":{"_monsterinsights_skip_tracking":false,"_monsterinsights_sitenote_active":false,"_monsterinsights_sitenote_note":"","_monsterinsights_sitenote_category":0,"footnotes":""},"categories":[6],"tags":[326,3494,2474,65,38,106],"class_list":["post-25685457","post","type-post","status-publish","format-standard","hentry","category-institucional","tag-convenio","tag-cooperacion-educativa","tag-fundacion-universidad-pablo-de-olavide","tag-practicas","tag-rector","tag-vicente-c-guzman"],"_links":{"self":[{"href":"https:\/\/www.upo.es\/diario\/wp-json\/wp\/v2\/posts\/25685457","targetHints":{"allow":["GET"]}}],"collection":[{"href":"https:\/\/www.upo.es\/diario\/wp-json\/wp\/v2\/posts"}],"about":[{"href":"https:\/\/www.upo.es\/diario\/wp-json\/wp\/v2\/types\/post"}],"author":[{"embeddable":true,"href":"https:\/\/www.upo.es\/diario\/wp-json\/wp\/v2\/users\/6"}],"replies":[{"embeddable":true,"href":"https:\/\/www.upo.es\/diario\/wp-json\/wp\/v2\/comments?post=25685457"}],"version-history":[{"count":7,"href":"https:\/\/www.upo.es\/diario\/wp-json\/wp\/v2\/posts\/25685457\/revisions"}],"predecessor-version":[{"id":25695188,"href":"https:\/\/www.upo.es\/diario\/wp-json\/wp\/v2\/posts\/25685457\/revisions\/25695188"}],"wp:attachment":[{"href":"https:\/\/www.upo.es\/diario\/wp-json\/wp\/v2\/media?parent=25685457"}],"wp:term":[{"taxonomy":"category","embeddable":true,"href":"https:\/\/www.upo.es\/diario\/wp-json\/wp\/v2\/categories?post=25685457"},{"taxonomy":"post_tag","embeddable":true,"href":"https:\/\/www.upo.es\/diario\/wp-json\/wp\/v2\/tags?post=25685457"}],"curies":[{"name":"wp","href":"https:\/\/api.w.org\/{rel}","templated":true}]}}