{"id":25704680,"date":"2018-02-22T00:21:03","date_gmt":"2018-02-21T23:21:03","guid":{"rendered":"https:\/\/www.upo.es\/diario\/?p=25704680"},"modified":"2020-10-27T15:35:58","modified_gmt":"2020-10-27T14:35:58","slug":"manana-comienza-la-programacion-cultura-minima-de-la-upo-con-el-bloos-blooze-blues-de-luz-trio","status":"publish","type":"post","link":"https:\/\/www.upo.es\/diario\/cultura\/2018\/02\/manana-comienza-la-programacion-cultura-minima-de-la-upo-con-el-bloos-blooze-blues-de-luz-trio\/","title":{"rendered":"Comienza la programaci\u00f3n Cultura M\u00ednima de la UPO con el \u201cBloos, Blooze, Blues\u201d de Luz Tr\u00edo"},"content":{"rendered":"<figure id=\"attachment_13782580\" aria-describedby=\"caption-attachment-13782580\" style=\"width: 320px\" class=\"wp-caption alignright\"><a href=\"https:\/\/www.upo.es\/diario\/wp-content\/uploads\/2016\/06\/LuzTrio.jpg\"><img loading=\"lazy\" decoding=\"async\" class=\"size-medium wp-image-13782580\" alt=\"Concierto \u201cBloos, Blooze, Blues\u201d a cargo de  Luz Tr\u00edo\" src=\"https:\/\/www.upo.es\/diario\/wp-content\/uploads\/2016\/06\/LuzTrio-320x161.jpg\" width=\"320\" height=\"161\" srcset=\"https:\/\/www.upo.es\/diario\/wp-content\/uploads\/2016\/06\/LuzTrio-320x161.jpg 320w, https:\/\/www.upo.es\/diario\/wp-content\/uploads\/2016\/06\/LuzTrio-600x303.jpg 600w, https:\/\/www.upo.es\/diario\/wp-content\/uploads\/2016\/06\/LuzTrio.jpg 1522w\" sizes=\"auto, (max-width: 320px) 100vw, 320px\" \/><\/a><figcaption id=\"caption-attachment-13782580\" class=\"wp-caption-text\">Concierto \u201cBloos, Blooze, Blues\u201d a cargo de Luz Tr\u00edo<\/figcaption><\/figure>\n<p><i>Cultura M\u00ednima<\/i>, el programa de la Universidad Pablo de Olavide para el fomento de artistas y creadores emergentes, comienza hoy jueves 22 de febrero su programaci\u00f3n de 2018 con la actuaci\u00f3n de <b>Luz Tr\u00edo<\/b>, que presentar\u00e1 \u201c<b>Bloos, Blooze, Blues<\/b>\u201d a las 19:30 horas en el espacio cultural El Entramado. La entrada tiene un precio de 2 euros.<\/p>\n<p>El espect\u00e1culo de Luz Tr\u00edo \u2013compuesto por <b>Luz Fern\u00e1ndez<\/b>, <b>Javi Repiso<\/b> y <b>Chema Tornero<\/b>\u2013 hace alusi\u00f3n al g\u00e9nero musical del blues que, seg\u00fan sus int\u00e9rpretes, se escriba como se escriba, ha mantenido la esencia de sus ra\u00edces africanas mientras se ha fusionado con diversos estilos y g\u00e9neros a lo largo de su historia.<\/p>\n<p>En la programaci\u00f3n de <em>Cultura M\u00ednima<\/em> tienen cabida todo tipo de disciplinas art\u00edsticas \u2013artes esc\u00e9nicas, artes pl\u00e1sticas, m\u00fasica, literatura, flamenco, recitales de poes\u00eda, ac\u00fasticos de agrupaciones musicales o solistas, etc\u00e9tera\u2013 y proyectos culturales que partan o no de la comunidad universitaria, con la \u00fanica condici\u00f3n de que puedan llevarse a cabo en El Entramado, el espacio cultural de la Universidad Pablo de Olavide situado a la entrada del campus.<\/p>\n<p><i>Cultura M\u00ednima<\/i> es una iniciativa del <b>Vicerrectorado de Cultura y Compromiso Social<\/b> de la UPO, a trav\u00e9s del <b><a href=\"https:\/\/www.upo.es\/upsc\/extension_cultural\/\">Servicio de Extensi\u00f3n Cultural<\/a><\/b>, que tuvo abierto durante el mes de enero el plazo para la presentaci\u00f3n de propuestas art\u00edsticas culturales a representar a lo largo de este a\u00f1o. Como resultado, adem\u00e1s de la convocatoria de ma\u00f1ana jueves, participar\u00e1n durante 2018 en su programaci\u00f3n: <b>C\u00eda. Baal<\/b> con \u201cCrotch\u201d; <b>Ilusa Teatro<\/b> con \u201cUn, dos, tres\u2026 \u00a1Cambio!\u201d; <b>Caleidoscopia<\/b> con \u201cVerbos al borde del precipicio\u201d; <b>Asociaci\u00f3n Compa\u00f1\u00eda sin tel\u00f3n Teatro Espont\u00e1neo<\/b> con \u201cActuamos porque t\u00fa cuentas\u201d; el <b>Coro de la UPO<\/b> con \u201cSones de ida y vuelta\u201d y \u201cEl nacimiento de la polifon\u00eda\u201d; <b>El Granero Teatro<\/b> con \u201cReversible\u201d; <b>Teatro Circo La Plaza<\/b> con \u201cDonde habite el olvido\u201d; <b>Mago Alexku<\/b> con \u201cA un palmo\u201d; <b>Asociaci\u00f3n La Casa Despierta<\/b> con \u201cHielo al sol\u201d; <b>Purple Snake Blues<\/b> con \u201cPalabra de blues\u201d; <b>Colectivo Herederas de Salem<\/b> con \u201cRecital Herederas de Salem\u201d; y <b>L-Amora<\/b> con \u201cEl libro vivo de los abrazos\u201d.<\/p>\n<p>Del total de propuestas presentadas, una comisi\u00f3n ha evaluado las 14 seleccionadas en base a la creatividad, la vanguardia y la contemporaneidad de las mismas, as\u00ed como la espectacularidad de la dramaturgia y el dominio t\u00e9cnico. Todo ello teniendo en cuenta la necesaria diversidad de la programaci\u00f3n de la agenda cultural de la Universidad y la adecuaci\u00f3n al espacio esc\u00e9nico. El Servicio de Extensi\u00f3n Cultural de la UPO ofrece, para llevar a cabo las propuestas, el espacio de representaci\u00f3n, el equipamiento t\u00e9cnico y apoyo al montaje, comunicaci\u00f3n y publicidad, la grabaci\u00f3n \u00edntegra de la acci\u00f3n cultural y una ayuda de 180 euros.<\/p>\n","protected":false},"excerpt":{"rendered":"<p>Cultura M\u00ednima, el programa de la Universidad Pablo de Olavide para el fomento de artistas y creadores emergentes, comienza hoy jueves 22 de febrero su programaci\u00f3n de 2018 con la actuaci\u00f3n de Luz Tr\u00edo, que presentar\u00e1 \u201cBloos, Blooze, Blues\u201d a las 19:30 horas en el espacio cultural El Entramado. La entrada tiene un precio de 2 euros.<\/p>\n","protected":false},"author":14,"featured_media":0,"comment_status":"closed","ping_status":"open","sticky":false,"template":"","format":"standard","meta":{"_monsterinsights_skip_tracking":false,"_monsterinsights_sitenote_active":false,"_monsterinsights_sitenote_note":"","_monsterinsights_sitenote_category":0,"footnotes":""},"categories":[7],"tags":[4733,5834,3649,4734,402,2664,2667],"class_list":["post-25704680","post","type-post","status-publish","format-standard","hentry","category-cultura","tag-blues","tag-cultura","tag-espacio-cultural-el-entramado","tag-luz-trio","tag-musica","tag-programa-cultura-minima","tag-vicerrectorado-de-cultura-y-compromiso-social"],"_links":{"self":[{"href":"https:\/\/www.upo.es\/diario\/wp-json\/wp\/v2\/posts\/25704680","targetHints":{"allow":["GET"]}}],"collection":[{"href":"https:\/\/www.upo.es\/diario\/wp-json\/wp\/v2\/posts"}],"about":[{"href":"https:\/\/www.upo.es\/diario\/wp-json\/wp\/v2\/types\/post"}],"author":[{"embeddable":true,"href":"https:\/\/www.upo.es\/diario\/wp-json\/wp\/v2\/users\/14"}],"replies":[{"embeddable":true,"href":"https:\/\/www.upo.es\/diario\/wp-json\/wp\/v2\/comments?post=25704680"}],"version-history":[{"count":3,"href":"https:\/\/www.upo.es\/diario\/wp-json\/wp\/v2\/posts\/25704680\/revisions"}],"predecessor-version":[{"id":30862383,"href":"https:\/\/www.upo.es\/diario\/wp-json\/wp\/v2\/posts\/25704680\/revisions\/30862383"}],"wp:attachment":[{"href":"https:\/\/www.upo.es\/diario\/wp-json\/wp\/v2\/media?parent=25704680"}],"wp:term":[{"taxonomy":"category","embeddable":true,"href":"https:\/\/www.upo.es\/diario\/wp-json\/wp\/v2\/categories?post=25704680"},{"taxonomy":"post_tag","embeddable":true,"href":"https:\/\/www.upo.es\/diario\/wp-json\/wp\/v2\/tags?post=25704680"}],"curies":[{"name":"wp","href":"https:\/\/api.w.org\/{rel}","templated":true}]}}