{"id":25704684,"date":"2018-02-21T00:01:06","date_gmt":"2018-02-20T23:01:06","guid":{"rendered":"https:\/\/www.upo.es\/diario\/?p=25704684"},"modified":"2020-10-27T15:35:38","modified_gmt":"2020-10-27T14:35:38","slug":"los-rectores-de-la-upo-y-la-uned-inauguran-manana-el-ii-seminario-de-innovacion-docente","status":"publish","type":"post","link":"https:\/\/www.upo.es\/diario\/institucional\/2018\/02\/los-rectores-de-la-upo-y-la-uned-inauguran-manana-el-ii-seminario-de-innovacion-docente\/","title":{"rendered":"Los rectores de la UPO y la UNED inauguran el II Seminario de Innovaci\u00f3n Docente"},"content":{"rendered":"<p><span style=\"text-decoration: underline;\"><a href=\"https:\/\/www.upo.es\/diario\/wp-content\/uploads\/2018\/02\/congre_Innovagogia.jpg\"><img loading=\"lazy\" decoding=\"async\" class=\"alignright size-medium wp-image-25704685\" alt=\"congre_Innovagogia\" src=\"https:\/\/www.upo.es\/diario\/wp-content\/uploads\/2018\/02\/congre_Innovagogia-227x320.jpg\" width=\"227\" height=\"320\" \/><\/a>El rector de la Universidad Pablo de Olavide, <b>Vicente Guzm\u00e1n<\/b>, y el rector de la Universidad Nacional de Educaci\u00f3n a Distancia (UNED), <b>Alejandro Tiana<\/b>, presidir\u00e1n el acto de inauguraci\u00f3n del <b>II Seminario de Innovaci\u00f3n Docente: Nuevas Perspectivas y Temas Emergentes<\/b>, ma\u00f1ana jueves 22 de febrero a las 10:00 horas en la Sala de Grados de la Biblioteca de la UPO.<\/span> Los rectores estar\u00e1n acompa\u00f1ados por los profesores de la Universidad Pablo de Olavide <b>Mariano Reyes<\/b>, director general de Formaci\u00f3n e Innovaci\u00f3n Docente, y <b>David Cobos<\/b>, director de Innovagog\u00eda. La entrada es libre hasta completar aforo.<\/p>\n<p>Este seminario pretende presentar experiencias docentes innovadoras en el \u00e1mbito educacional y est\u00e1 dirigido a docentes, alumnado y p\u00fablico en general interesado en esta tem\u00e1tica. Adem\u00e1s, este encuentro se enmarca en el pr\u00f3ximo <b>IV Congreso Virtual Internacional sobre Innovaci\u00f3n Pedag\u00f3gica y Praxis Educativa<\/b> que tendr\u00e1 lugar del 20 al 22 de marzo organizado por el colectivo docente internacional <a href=\"http:\/\/www.innovagogia.es\/\">Innovagog\u00eda<\/a> y AFOE Formaci\u00f3n, en el que la Universidad Pablo de Olavide participa de manera activa.<\/p>\n<p>Las pr\u00f3ximas tendencias y retos de las TIC en educaci\u00f3n, el car\u00e1cter <i>eco<\/i> de la innovaci\u00f3n educativa, la evaluaci\u00f3n democr\u00e1tica dentro del modelo de aprendizaje invertido en educaci\u00f3n f\u00edsica y los proyectos de base tecnol\u00f3gica para el fomento de la innovaci\u00f3n ser\u00e1n las tem\u00e1ticas de las ponencias que se desarrollar\u00e1n a lo largo de la jornada.<\/p>\n","protected":false},"excerpt":{"rendered":"<p>El rector de la Universidad Pablo de Olavide, Vicente Guzm\u00e1n, y el rector de la Universidad Nacional de Educaci\u00f3n a Distancia (UNED), Alejandro Tiana, presidir\u00e1n el acto de inauguraci\u00f3n del II Seminario de Innovaci\u00f3n Docente: Nuevas Perspectivas y Temas Emergentes, ma\u00f1ana jueves 22 de febrero a las 10:00 horas en la Sala de Grados de la Biblioteca de la UPO.<\/p>\n","protected":false},"author":14,"featured_media":0,"comment_status":"closed","ping_status":"open","sticky":false,"template":"","format":"standard","meta":{"_monsterinsights_skip_tracking":false,"_monsterinsights_sitenote_active":false,"_monsterinsights_sitenote_note":"","_monsterinsights_sitenote_category":0,"footnotes":""},"categories":[6],"tags":[125,354,2497,1250,38,78,1490],"class_list":["post-25704684","post","type-post","status-publish","format-standard","hentry","category-institucional","tag-biblioteca","tag-congreso","tag-innovacion-docente","tag-innovagogia","tag-rector","tag-seminario","tag-uned"],"_links":{"self":[{"href":"https:\/\/www.upo.es\/diario\/wp-json\/wp\/v2\/posts\/25704684","targetHints":{"allow":["GET"]}}],"collection":[{"href":"https:\/\/www.upo.es\/diario\/wp-json\/wp\/v2\/posts"}],"about":[{"href":"https:\/\/www.upo.es\/diario\/wp-json\/wp\/v2\/types\/post"}],"author":[{"embeddable":true,"href":"https:\/\/www.upo.es\/diario\/wp-json\/wp\/v2\/users\/14"}],"replies":[{"embeddable":true,"href":"https:\/\/www.upo.es\/diario\/wp-json\/wp\/v2\/comments?post=25704684"}],"version-history":[{"count":3,"href":"https:\/\/www.upo.es\/diario\/wp-json\/wp\/v2\/posts\/25704684\/revisions"}],"predecessor-version":[{"id":30862370,"href":"https:\/\/www.upo.es\/diario\/wp-json\/wp\/v2\/posts\/25704684\/revisions\/30862370"}],"wp:attachment":[{"href":"https:\/\/www.upo.es\/diario\/wp-json\/wp\/v2\/media?parent=25704684"}],"wp:term":[{"taxonomy":"category","embeddable":true,"href":"https:\/\/www.upo.es\/diario\/wp-json\/wp\/v2\/categories?post=25704684"},{"taxonomy":"post_tag","embeddable":true,"href":"https:\/\/www.upo.es\/diario\/wp-json\/wp\/v2\/tags?post=25704684"}],"curies":[{"name":"wp","href":"https:\/\/api.w.org\/{rel}","templated":true}]}}