{"id":25714561,"date":"2018-02-23T00:01:52","date_gmt":"2018-02-22T23:01:52","guid":{"rendered":"https:\/\/www.upo.es\/diario\/?p=25714561"},"modified":"2020-10-27T15:36:10","modified_gmt":"2020-10-27T14:36:10","slug":"conferencia-del-director-del-museo-arqueologico-nacional-en-el-master-en-historia-y-humanidades-digitales","status":"publish","type":"post","link":"https:\/\/www.upo.es\/diario\/institucional\/2018\/02\/conferencia-del-director-del-museo-arqueologico-nacional-en-el-master-en-historia-y-humanidades-digitales\/","title":{"rendered":"Conferencia del director del Museo Arqueol\u00f3gico Nacional en el M\u00e1ster en Historia y Humanidades Digitales"},"content":{"rendered":"<p><a href=\"https:\/\/www.upo.es\/diario\/wp-content\/uploads\/2018\/02\/2017_2018_Poster_Carretero_v2-1.jpg\"><img loading=\"lazy\" decoding=\"async\" class=\"alignright size-medium wp-image-25714562\" alt=\"2017_2018_Poster_Carretero_v2-1\" src=\"https:\/\/www.upo.es\/diario\/wp-content\/uploads\/2018\/02\/2017_2018_Poster_Carretero_v2-1-227x320.jpg\" width=\"227\" height=\"320\" \/><\/a>La Comisi\u00f3n Acad\u00e9mica del <b>M\u00e1ster Universitario en Historia y Humanidades Digitales<\/b> de la Universidad Pablo de Olavide ha organizado para hoy viernes 23 de febrero en la Sala de Grados del edificio 6 a las 12:30 horas la conferencia \u201c<b>Estrategia digital y difusi\u00f3n online de colecciones y actividades del Museo Arqueol\u00f3gico Nacional<\/b>\u201d que ser\u00e1 impartida por <b>Andr\u00e9s Carretero P\u00e9rez<\/b>, director de dicho organismo<b>.<\/b> Este encuentro se celebra en el marco del ciclo de conferencias que bajo el t\u00edtulo \u201c<b>Globalizaci\u00f3n, Historia y Humanidades Digitales<\/b>\u201d se desarrolla como actividad paralela al propio M\u00e1ster.<\/p>\n<p>Andr\u00e9s Carretero ha sido director y subdirector de numerosos museos en Espa\u00f1a, comenzando con la Subdirecci\u00f3n del Museo del Pueblo Espa\u00f1ol que mantuvo desde 1984 a 2001. Posteriormente, entre 1991 y 1994, asumi\u00f3 la Direcci\u00f3n de los Museos Estatales del Ministerio de Cultura hasta ser subdirector del Museo Nacional de Antropolog\u00eda entre 1994 y 2002 y m\u00e1s tarde dirigir el Museo del Traje (2004-2008). Desde el a\u00f1o 2010, asume la Direcci\u00f3n del Museo Arqueol\u00f3gico Nacional, que comenz\u00f3 su reforma en 2008 hasta 2011.<\/p>\n<p>El <a href=\"http:\/\/www.man.es\/man\/home.html\">Museo Arqueol\u00f3gico Nacional<\/a>, fundado en 1867 y sito en la calle Serrano de Madrid, es una instituci\u00f3n p\u00fablica cuyo objetivo es ofrecer una interpretaci\u00f3n rigurosa, atractiva, interesante y cr\u00edtica del significado de los objetos que pertenecieron a los distintos pueblos de la actual Espa\u00f1a y del \u00e1mbito mediterr\u00e1neo, desde la Antig\u00fcedad hasta \u00e9pocas recientes, de manera que el conocimiento de su historia sea \u00fatil para analizar y comprender la realidad actual.<\/p>\n<p>El <a href=\"https:\/\/www.upo.es\/postgrado\/Master-Oficial-Historia-y-Humanidades-Digitales\">M\u00e1ster Universitario en Historia y Humanidades Digitales<\/a> est\u00e1 dirigido a estudiantes con inter\u00e9s en realizar una formaci\u00f3n cr\u00edtica y s\u00f3lida sobre la Historia y las Humanidades del siglo XXI. Su objetivo es especializar a egresados y egresadas en las disciplinas que conforman las Humanidades y las Ciencias Sociales en metodolog\u00edas digitales aplicadas a la investigaci\u00f3n, docencia y divulgaci\u00f3n de la Historia y las Humanidades. En su aplicaci\u00f3n, el curso tiene una especial incidencia en formar a personal de investigaci\u00f3n, an\u00e1lisis espacial y redes aplicadas a estas disciplinas;\u00a0 y gestores, difusores y dinamizadores del patrimonio cultural a partir del medio digital.<\/p>\n","protected":false},"excerpt":{"rendered":"<p>La Comisi\u00f3n Acad\u00e9mica del M\u00e1ster Universitario en Historia y Humanidades Digitales de la Universidad Pablo de Olavide ha organizado para hoy viernes 23 de febrero en la Sala de Grados del edificio 6 a las 12:30 horas la conferencia \u201cEstrategia digital y difusi\u00f3n online de colecciones y actividades del Museo Arqueol\u00f3gico Nacional\u201d que ser\u00e1 impartida por Andr\u00e9s Carretero P\u00e9rez, director de dicho organismo.<\/p>\n","protected":false},"author":14,"featured_media":0,"comment_status":"closed","ping_status":"open","sticky":false,"template":"","format":"standard","meta":{"_monsterinsights_skip_tracking":false,"_monsterinsights_sitenote_active":false,"_monsterinsights_sitenote_note":"","_monsterinsights_sitenote_category":0,"footnotes":""},"categories":[6],"tags":[1110,227,2134,150,132,3893,4742],"class_list":["post-25714561","post","type-post","status-publish","format-standard","hentry","category-institucional","tag-ciclo-de-conferencias","tag-conferencia","tag-digitalizacion","tag-historia","tag-humanidades","tag-master-en-historia-y-humanidades-digitales","tag-museo-arqueologico-nacional"],"_links":{"self":[{"href":"https:\/\/www.upo.es\/diario\/wp-json\/wp\/v2\/posts\/25714561","targetHints":{"allow":["GET"]}}],"collection":[{"href":"https:\/\/www.upo.es\/diario\/wp-json\/wp\/v2\/posts"}],"about":[{"href":"https:\/\/www.upo.es\/diario\/wp-json\/wp\/v2\/types\/post"}],"author":[{"embeddable":true,"href":"https:\/\/www.upo.es\/diario\/wp-json\/wp\/v2\/users\/14"}],"replies":[{"embeddable":true,"href":"https:\/\/www.upo.es\/diario\/wp-json\/wp\/v2\/comments?post=25714561"}],"version-history":[{"count":3,"href":"https:\/\/www.upo.es\/diario\/wp-json\/wp\/v2\/posts\/25714561\/revisions"}],"predecessor-version":[{"id":30862386,"href":"https:\/\/www.upo.es\/diario\/wp-json\/wp\/v2\/posts\/25714561\/revisions\/30862386"}],"wp:attachment":[{"href":"https:\/\/www.upo.es\/diario\/wp-json\/wp\/v2\/media?parent=25714561"}],"wp:term":[{"taxonomy":"category","embeddable":true,"href":"https:\/\/www.upo.es\/diario\/wp-json\/wp\/v2\/categories?post=25714561"},{"taxonomy":"post_tag","embeddable":true,"href":"https:\/\/www.upo.es\/diario\/wp-json\/wp\/v2\/tags?post=25714561"}],"curies":[{"name":"wp","href":"https:\/\/api.w.org\/{rel}","templated":true}]}}