{"id":25722464,"date":"2018-02-23T10:02:06","date_gmt":"2018-02-23T10:02:06","guid":{"rendered":"https:\/\/www.upo.es\/diario\/?p=25722464"},"modified":"2020-10-27T13:41:18","modified_gmt":"2020-10-27T12:41:18","slug":"andalucia-ecocampus-vuelve-a-la-upo-con-una-actividad-en-el-parque-natural-sierra-norte-de-sevilla","status":"publish","type":"post","link":"https:\/\/www.upo.es\/diario\/institucional\/2018\/02\/andalucia-ecocampus-vuelve-a-la-upo-con-una-actividad-en-el-parque-natural-sierra-norte-de-sevilla\/","title":{"rendered":"Andaluc\u00eda Ecocampus vuelve a la UPO con una actividad en el Parque Natural Sierra Norte de Sevilla"},"content":{"rendered":"<p><a href=\"https:\/\/www.upo.es\/diario\/wp-content\/uploads\/2018\/02\/cartel_act_5_final-1.jpg\"><img loading=\"lazy\" decoding=\"async\" class=\"alignright size-medium wp-image-25722465\" alt=\"cartel_act_5_final-1\" src=\"https:\/\/www.upo.es\/diario\/wp-content\/uploads\/2018\/02\/cartel_act_5_final-1-228x320.jpg\" width=\"228\" height=\"320\" \/><\/a>El vicerrectorado de Cultura y Compromiso Social de la <b>Universidad Pablo de Olavide<\/b> y la <b>Consejer\u00eda de Medio Ambiente y Ordenaci\u00f3n del Territorio<\/b> a trav\u00e9s del <a href=\"https:\/\/ecocampusupo20172018.wordpress.com\/inicio\/\">Proyecto Andaluc\u00eda Ecocampus<\/a>, en colaboraci\u00f3n con la <b>Red de Voluntariado Ambiental de la Sierra Norte de Sevilla y el Ayuntamiento de Almad\u00e9n de la Plata<\/b>, han organizado una actividad abierta al p\u00fablico para la recuperaci\u00f3n del Gal\u00e1pago Europeo. Esta jornada se desarrollar\u00e1 en el Parque Natural Sierra Norte de Sevilla ma\u00f1ana s\u00e1bado 24 de febrero y se trata de una actividad gratuita, destinada a personas adultas, con plazas limitadas y que requiere inscripci\u00f3n previa.<\/p>\n<p>Entre los objetivos que persigue esta iniciativa, se pretende concienciar a la comunidad universitaria sobre la conservaci\u00f3n del Gal\u00e1pago Europeo y el peligro que conllevan las especies ex\u00f3ticas; implicar a la ciudadan\u00eda en acciones relacionadas con la conservaci\u00f3n de especies; y dar a conocer el Parque Natural Sierra Norte, sus problem\u00e1ticas y formas de gesti\u00f3n asociadas.<\/p>\n<p>Durante la jornada, se realizar\u00e1 un muestreo de las especies en los lugares clave y se desarrollar\u00e1n acciones de mejora del h\u00e1bitat consistentes en trabajos de limpieza, reforestaci\u00f3n, vallado, etc\u00e9tera. En el Parque Natural Sierra Norte de Sevilla, conviven dos especies aut\u00f3ctonas de gal\u00e1pagos: <i>Emys orbicularis<\/i> y <i>Mauremys leprosa<\/i>. El Gal\u00e1pago Leproso cuenta con poblaciones saludables en el espacio natural, mientras que el Gal\u00e1pago Europeo ha sufrido una fuerte regresi\u00f3n en la zona, as\u00ed como en el resto de Espa\u00f1a. Sus principales amenazas son la p\u00e9rdida del h\u00e1bitat, el peque\u00f1o tama\u00f1o de las poblaciones y la presencia de especies ex\u00f3ticas invasoras. Esta especie cuenta con escasos y fragmentados n\u00facleos en el Parque Natural Sierra Norte.<\/p>\n<p>Para llegar al destino de esta actividad se partir\u00e1 en autob\u00fas desde el campus de la Universidad Pablo de Olavide a las 9:00 horas. Una vez en el parque, adem\u00e1s, se visitar\u00e1 el Tronco F\u00f3sil y la Cascada del Chorro.<\/p>\n<ul>\n<li>Inscripci\u00f3n y m\u00e1s informaci\u00f3n sobre la <a href=\"https:\/\/ecocampusupo20172018.wordpress.com\/recuperacion-del-galapago-europeo-emys-orbicularis\/\">actividad para la recuperaci\u00f3n del Gal\u00e1pago Europeo<\/a>.<\/li>\n<\/ul>\n","protected":false},"excerpt":{"rendered":"<p>El vicerrectorado de Cultura y Compromiso Social de la Universidad Pablo de Olavide y la Consejer\u00eda de Medio Ambiente y Ordenaci\u00f3n del Territorio a trav\u00e9s del Proyecto Andaluc\u00eda Ecocampus, en colaboraci\u00f3n con la Red de Voluntariado Ambiental de la Sierra Norte de Sevilla y el Ayuntamiento de Almad\u00e9n de la Plata, han organizado una actividad abierta al p\u00fablico para la recuperaci\u00f3n del Gal\u00e1pago Europeo. <\/p>\n","protected":false},"author":14,"featured_media":0,"comment_status":"closed","ping_status":"open","sticky":false,"template":"","format":"standard","meta":{"_monsterinsights_skip_tracking":false,"_monsterinsights_sitenote_active":false,"_monsterinsights_sitenote_note":"","_monsterinsights_sitenote_category":0,"footnotes":""},"categories":[6],"tags":[3998,4746,3654,4747,4744,4745,2667],"class_list":["post-25722464","post","type-post","status-publish","format-standard","hentry","category-institucional","tag-andalucia-ecocampus","tag-ayuntamiento-de-almaden-de-la-plata","tag-consejeria-de-medio-ambiente","tag-galapago-europeo","tag-parque-natural-sierra-norte","tag-red-de-voluntariado-ambiental","tag-vicerrectorado-de-cultura-y-compromiso-social"],"_links":{"self":[{"href":"https:\/\/www.upo.es\/diario\/wp-json\/wp\/v2\/posts\/25722464","targetHints":{"allow":["GET"]}}],"collection":[{"href":"https:\/\/www.upo.es\/diario\/wp-json\/wp\/v2\/posts"}],"about":[{"href":"https:\/\/www.upo.es\/diario\/wp-json\/wp\/v2\/types\/post"}],"author":[{"embeddable":true,"href":"https:\/\/www.upo.es\/diario\/wp-json\/wp\/v2\/users\/14"}],"replies":[{"embeddable":true,"href":"https:\/\/www.upo.es\/diario\/wp-json\/wp\/v2\/comments?post=25722464"}],"version-history":[{"count":1,"href":"https:\/\/www.upo.es\/diario\/wp-json\/wp\/v2\/posts\/25722464\/revisions"}],"predecessor-version":[{"id":30862392,"href":"https:\/\/www.upo.es\/diario\/wp-json\/wp\/v2\/posts\/25722464\/revisions\/30862392"}],"wp:attachment":[{"href":"https:\/\/www.upo.es\/diario\/wp-json\/wp\/v2\/media?parent=25722464"}],"wp:term":[{"taxonomy":"category","embeddable":true,"href":"https:\/\/www.upo.es\/diario\/wp-json\/wp\/v2\/categories?post=25722464"},{"taxonomy":"post_tag","embeddable":true,"href":"https:\/\/www.upo.es\/diario\/wp-json\/wp\/v2\/tags?post=25722464"}],"curies":[{"name":"wp","href":"https:\/\/api.w.org\/{rel}","templated":true}]}}