{"id":25723269,"date":"2018-02-26T00:34:31","date_gmt":"2018-02-25T23:34:31","guid":{"rendered":"https:\/\/www.upo.es\/diario\/?p=25723269"},"modified":"2020-10-27T15:36:23","modified_gmt":"2020-10-27T14:36:23","slug":"programacion-especial-de-radio-abierta-sevilla-por-el-dia-de-andalucia-en-la-residencia-flora-tristan-de-la-upo","status":"publish","type":"post","link":"https:\/\/www.upo.es\/diario\/institucional\/2018\/02\/programacion-especial-de-radio-abierta-sevilla-por-el-dia-de-andalucia-en-la-residencia-flora-tristan-de-la-upo\/","title":{"rendered":"Programaci\u00f3n especial de Radio Abierta Sevilla por el D\u00eda de Andaluc\u00eda en la Residencia Flora Trist\u00e1n de la UPO"},"content":{"rendered":"<p><span style=\"text-decoration: underline;\"><a href=\"https:\/\/www.upo.es\/diario\/wp-content\/uploads\/2018\/02\/28124561_10214678115563641_1600713914_o-1.jpg\"><img loading=\"lazy\" decoding=\"async\" class=\"alignright size-medium wp-image-25723270\" alt=\"28124561_10214678115563641_1600713914_o-1\" src=\"https:\/\/www.upo.es\/diario\/wp-content\/uploads\/2018\/02\/28124561_10214678115563641_1600713914_o-1-226x320.jpg\" width=\"226\" height=\"320\" \/><\/a>El espacio radiof\u00f3nico \u201c<b>Mujeres por el Barrio<\/b>\u201d de <b>Radio Abierta Sevilla<\/b> en la <b>Residencia Universitaria Flora Trist\u00e1n<\/b> de la Universidad Pablo de Olavide, ha organizado para hoy lunes 26 de febrero a las 20:00 horas un programa especial con motivo de la celebraci\u00f3n del D\u00eda de Andaluc\u00eda el mi\u00e9rcoles 28 de febrero.<\/span> En concreto, el profesor de la UPO <b>\u00c1ngel del R\u00edo S\u00e1nchez<\/b>, expondr\u00e1 la historia de los andaluces y andaluzas que estuvieron en campos de concentraci\u00f3n nazis.<\/p>\n<p>El programa radiof\u00f3nico, al que se puede asistir como p\u00fablico, se desarrollar\u00e1 en el Sal\u00f3n de Usos M\u00faltiples de la Flora Trist\u00e1n y contar\u00e1 con la participaci\u00f3n del profesor e investigador de Antropolog\u00eda \u00c1ngel del R\u00edo, del Departamento de Geograf\u00eda, Historia y Filosof\u00eda de la Universidad Pablo de Olavide, as\u00ed como con la de alumnado becario de la residencia interesado en cuestiones culturales.<\/p>\n<p>Radio Abierta Sevilla es un proyecto de comunicaci\u00f3n y participaci\u00f3n en Pol\u00edgono Sur, gestionado por el <b>Colegio P\u00fablico Andaluc\u00eda<\/b> y la <b>Asociaci\u00f3n Entre Amigos de Sevilla<\/b> con la colaboraci\u00f3n de la Residencia Universitaria Flora Trist\u00e1n.<\/p>\n<p>La Residencia Universitaria Flora Trist\u00e1n, ubicada en Pol\u00edgono Sur, es una iniciativa pionera en Andaluc\u00eda que pretende proporcionar a los estudiantes universitarios una formaci\u00f3n humana integral m\u00e1s all\u00e1 de la formaci\u00f3n acad\u00e9mica, adem\u00e1s de contribuir a la revitalizaci\u00f3n del barrio a trav\u00e9s de la presencia cotidiana de los j\u00f3venes universitarios, ejemplo de transferencia del conocimiento y del compromiso social como elemento identitario de la Universidad Pablo de Olavide.<\/p>\n","protected":false},"excerpt":{"rendered":"<p>El espacio radiof\u00f3nico \u201cMujeres por el Barrio\u201d de Radio Abierta Sevilla en la Residencia Universitaria Flora Trist\u00e1n de la Universidad Pablo de Olavide, ha organizado un programa especial con motivo de la celebraci\u00f3n del D\u00eda de Andaluc\u00eda con la participaci\u00f3n del profesor de la UPO \u00c1ngel del R\u00edo S\u00e1nchez sobre la historia de los andaluces y andaluzas que estuvieron en campos de concentraci\u00f3n nazis.<\/p>\n","protected":false},"author":14,"featured_media":0,"comment_status":"closed","ping_status":"open","sticky":false,"template":"","format":"standard","meta":{"_monsterinsights_skip_tracking":false,"_monsterinsights_sitenote_active":false,"_monsterinsights_sitenote_note":"","_monsterinsights_sitenote_category":0,"footnotes":""},"categories":[6],"tags":[1045,4750,3191,4748,357,4601,1064],"class_list":["post-25723269","post","type-post","status-publish","format-standard","hentry","category-institucional","tag-antropologia","tag-campos-de-concentracion","tag-dia-de-andalucia","tag-mujeres-por-el-barrio","tag-poligono-sur","tag-radio-abierta-sevilla","tag-residencia-flora-tristan"],"_links":{"self":[{"href":"https:\/\/www.upo.es\/diario\/wp-json\/wp\/v2\/posts\/25723269","targetHints":{"allow":["GET"]}}],"collection":[{"href":"https:\/\/www.upo.es\/diario\/wp-json\/wp\/v2\/posts"}],"about":[{"href":"https:\/\/www.upo.es\/diario\/wp-json\/wp\/v2\/types\/post"}],"author":[{"embeddable":true,"href":"https:\/\/www.upo.es\/diario\/wp-json\/wp\/v2\/users\/14"}],"replies":[{"embeddable":true,"href":"https:\/\/www.upo.es\/diario\/wp-json\/wp\/v2\/comments?post=25723269"}],"version-history":[{"count":2,"href":"https:\/\/www.upo.es\/diario\/wp-json\/wp\/v2\/posts\/25723269\/revisions"}],"predecessor-version":[{"id":30862391,"href":"https:\/\/www.upo.es\/diario\/wp-json\/wp\/v2\/posts\/25723269\/revisions\/30862391"}],"wp:attachment":[{"href":"https:\/\/www.upo.es\/diario\/wp-json\/wp\/v2\/media?parent=25723269"}],"wp:term":[{"taxonomy":"category","embeddable":true,"href":"https:\/\/www.upo.es\/diario\/wp-json\/wp\/v2\/categories?post=25723269"},{"taxonomy":"post_tag","embeddable":true,"href":"https:\/\/www.upo.es\/diario\/wp-json\/wp\/v2\/tags?post=25723269"}],"curies":[{"name":"wp","href":"https:\/\/api.w.org\/{rel}","templated":true}]}}