{"id":25723672,"date":"2018-02-23T12:59:36","date_gmt":"2018-02-23T11:59:36","guid":{"rendered":"https:\/\/www.upo.es\/diario\/?p=25723672"},"modified":"2020-10-27T15:36:15","modified_gmt":"2020-10-27T14:36:15","slug":"el-equipo-de-gobierno-de-la-upo-visita-la-exposicion-adriano-metamorfosis-en-el-museo-arqueologico","status":"publish","type":"post","link":"https:\/\/www.upo.es\/diario\/institucional\/2018\/02\/el-equipo-de-gobierno-de-la-upo-visita-la-exposicion-adriano-metamorfosis-en-el-museo-arqueologico\/","title":{"rendered":"El equipo de Gobierno de la UPO visita la exposici\u00f3n \u201cAdriano-Metamorfosis\u201d en el Museo Arqueol\u00f3gico"},"content":{"rendered":"<figure id=\"attachment_25723673\" aria-describedby=\"caption-attachment-25723673\" style=\"width: 600px\" class=\"wp-caption aligncenter\"><a href=\"https:\/\/www.upo.es\/diario\/wp-content\/uploads\/2018\/02\/Adriano-1.jpg\"><img loading=\"lazy\" decoding=\"async\" class=\"size-large wp-image-25723673\" alt=\"Representaci\u00f3n de la UPO en el Museo Arqueol\u00f3gico\" src=\"https:\/\/www.upo.es\/diario\/wp-content\/uploads\/2018\/02\/Adriano-1-600x400.jpg\" width=\"600\" height=\"400\" \/><\/a><figcaption id=\"caption-attachment-25723673\" class=\"wp-caption-text\">Representaci\u00f3n de la UPO en el Museo Arqueol\u00f3gico<\/figcaption><\/figure>\n<p><span style=\"text-decoration: underline;\">El rector <b>Vicente Guzm\u00e1n Fluja<\/b>, acompa\u00f1ado por el equipo de gobierno, autoridades acad\u00e9micas y cargos de gesti\u00f3n de la Universidad Pablo de Olavide, ha visitado esta ma\u00f1ana la exposici\u00f3n \u201c<b>Adriano-Metamorfosis. El nacimiento de una nueva Roma<\/b>\u201d en el Museo Arqueol\u00f3gico de Sevilla.<\/span> La muestra, que conmemoran los 1.900 a\u00f1os desde la llegada al trono del emperador Adriano, se puede visitar hasta el 8 de abril.<\/p>\n<p>La exposici\u00f3n sobre el emperador Adriano est\u00e1 organizada por la Universidad Pablo de Olavide, la Universidad de Sevilla y la Consejer\u00eda de Cultura de la Junta de Andaluc\u00eda y se puede visitar en el Museo Arqueol\u00f3gico y en el Conjunto Arqueol\u00f3gico de It\u00e1lica (Santiponce). Su comisario es el catedr\u00e1tico de la UPO <b>Juan Manuel Cort\u00e9s Copete<\/b> y la comisaria t\u00e9cnica, <b>Ana Navarro Ortega<\/b>, directora del Museo.<\/p>\n<figure id=\"attachment_25723674\" aria-describedby=\"caption-attachment-25723674\" style=\"width: 320px\" class=\"wp-caption alignright\"><a href=\"https:\/\/www.upo.es\/diario\/wp-content\/uploads\/2018\/02\/Adriano-5.jpg\"><img loading=\"lazy\" decoding=\"async\" class=\"size-medium wp-image-25723674\" alt=\"En el centro, Juan Manuel Cort\u00e9s Copete, comisario de la exposici\u00f3n\" src=\"https:\/\/www.upo.es\/diario\/wp-content\/uploads\/2018\/02\/Adriano-5-320x213.jpg\" width=\"320\" height=\"213\" \/><\/a><figcaption id=\"caption-attachment-25723674\" class=\"wp-caption-text\">En el centro, Juan Manuel Cort\u00e9s Copete, comisario de la exposici\u00f3n<\/figcaption><\/figure>\n<p>Adem\u00e1s del rector, han visitado la muestra: Bruno Mart\u00ednez Haya, vicerrector de Investigaci\u00f3n y Transferencia de Tecnolog\u00eda; Eugenio Fedriani Martel, vicerrector de Planificaci\u00f3n Docente; Pilar Rodr\u00edguez Reina, vicerrectora de Relaciones Institucionales y Comunicaci\u00f3n; Antonio Herrera Gonz\u00e1lez de Molina, vicerrector de Estudiantes; Alicia Troncoso Lora, vicerrectora de Tecnolog\u00edas de la Informaci\u00f3n e Innovaci\u00f3n Digital; Jos\u00e9 Mar\u00eda Seco Mart\u00ednez, secretario general; Esther Carrizosa Prieto, vicesecretaria general; David Naranjo Gil, vicepresidente ejecutivo de Fundaciones; Fernando Contreras Ib\u00e1\u00f1ez, gerente; Mercedes de la Torre Garc\u00eda, directora general de Acceso, Difusi\u00f3n y Captaci\u00f3n; Germ\u00e1n Jara\u00edz Arroyo, director general del Proyecto Social Flora Trist\u00e1n; Francisco Mart\u00ednez \u00c1lvarez, director general de Infraestructura, Campus y Sostenibilidad; Mar\u00eda \u00c1ngeles Ortega de la Torre, directora general de Profesorado; Ra\u00fal Gir\u00e1ldez Rojo, director general de Seguimiento y Garant\u00eda de Calidad de Postgrado; Mar\u00eda Jos\u00e9 Trigueros Mart\u00edn, directora general de Comunicaci\u00f3n; Mar\u00eda \u00c1ngeles Hinojosa Lizana, Vicegerente de Organizaci\u00f3n Administrativa y Recursos Humanos; Rafael Murillo Fern\u00e1ndez, vicegerente de Asuntos Econ\u00f3micos; Norberto D\u00edaz D\u00edaz, director de la Escuela Polit\u00e9cnica Superior; Rosa Mar\u00eda D\u00edaz Jim\u00e9nez, decana de la Facultad de Ciencias Sociales; Jes\u00fas Ramos Prieto, director del Departamento de Derecho P\u00fablico; Flor Guerrero Casas, directora del Departamento de Econom\u00eda y M\u00e9todos Cuantitativos; Mar\u00eda Rosa Herrera, directora del Departamento de Trabajo Social y Servicios Sociales; Carmen Cabello Medina, directora del Departamento de Organizaci\u00f3n de Empresas y Marketing; y Clemente Navarro Y\u00e1\u00f1ez, director del Departamento de Sociolog\u00eda.<\/p>\n<p>\u201cAdriano-Metamorfosis\u201d nace del Proyecto de I+D+i Adriano y la Integraci\u00f3n de la Diversidad Regional, financiado por el Ministerio de Econom\u00eda y Competitividad y est\u00e1 concebida como una iniciativa com\u00fan conjunta de cinco pa\u00edses europeos. Este proyecto tiene su sede en la Universidad Pablo de Olavide, en colaboraci\u00f3n con la Universidad de Sevilla, y en \u00e9l participa personal investigador de instituciones acad\u00e9micas y cient\u00edficas de Grecia, Italia, Alemania y Gran Breta\u00f1a, junto con instituciones y universidades espa\u00f1olas.<\/p>\n","protected":false},"excerpt":{"rendered":"<p>El rector Vicente Guzm\u00e1n Fluja, acompa\u00f1ado por el equipo de gobierno, autoridades acad\u00e9micas y cargos de gesti\u00f3n de la Universidad Pablo de Olavide, ha visitado la exposici\u00f3n \u201cAdriano-Metamorfosis. El nacimiento de una nueva Roma\u201d en el Museo Arqueol\u00f3gico de Sevilla. La muestra, que conmemoran los 1.900 a\u00f1os desde la llegada al trono del emperador Adriano, se puede visitar hasta el 8 de abril.<\/p>\n","protected":false},"author":14,"featured_media":0,"comment_status":"closed","ping_status":"open","sticky":false,"template":"","format":"standard","meta":{"_monsterinsights_skip_tracking":false,"_monsterinsights_sitenote_active":false,"_monsterinsights_sitenote_note":"","_monsterinsights_sitenote_category":0,"footnotes":""},"categories":[6],"tags":[4752,2689,4751,74,3655,38],"class_list":["post-25723672","post","type-post","status-publish","format-standard","hentry","category-institucional","tag-adriano-metamorfosis","tag-emperador-adriano","tag-equipo-de-gobierno","tag-exposiciones","tag-museo-arqueologico-de-sevilla","tag-rector"],"_links":{"self":[{"href":"https:\/\/www.upo.es\/diario\/wp-json\/wp\/v2\/posts\/25723672","targetHints":{"allow":["GET"]}}],"collection":[{"href":"https:\/\/www.upo.es\/diario\/wp-json\/wp\/v2\/posts"}],"about":[{"href":"https:\/\/www.upo.es\/diario\/wp-json\/wp\/v2\/types\/post"}],"author":[{"embeddable":true,"href":"https:\/\/www.upo.es\/diario\/wp-json\/wp\/v2\/users\/14"}],"replies":[{"embeddable":true,"href":"https:\/\/www.upo.es\/diario\/wp-json\/wp\/v2\/comments?post=25723672"}],"version-history":[{"count":1,"href":"https:\/\/www.upo.es\/diario\/wp-json\/wp\/v2\/posts\/25723672\/revisions"}],"predecessor-version":[{"id":29624152,"href":"https:\/\/www.upo.es\/diario\/wp-json\/wp\/v2\/posts\/25723672\/revisions\/29624152"}],"wp:attachment":[{"href":"https:\/\/www.upo.es\/diario\/wp-json\/wp\/v2\/media?parent=25723672"}],"wp:term":[{"taxonomy":"category","embeddable":true,"href":"https:\/\/www.upo.es\/diario\/wp-json\/wp\/v2\/categories?post=25723672"},{"taxonomy":"post_tag","embeddable":true,"href":"https:\/\/www.upo.es\/diario\/wp-json\/wp\/v2\/tags?post=25723672"}],"curies":[{"name":"wp","href":"https:\/\/api.w.org\/{rel}","templated":true}]}}