{"id":25752286,"date":"2018-02-26T12:49:30","date_gmt":"2018-02-26T11:49:30","guid":{"rendered":"https:\/\/www.upo.es\/diario\/?p=25752286"},"modified":"2020-10-27T15:36:28","modified_gmt":"2020-10-27T14:36:28","slug":"vicente-guzman-queremos-que-el-talento-investigador-joven-llegue-a-la-universidad-y-se-quede-en-la-upo","status":"publish","type":"post","link":"https:\/\/www.upo.es\/diario\/institucional\/2018\/02\/vicente-guzman-queremos-que-el-talento-investigador-joven-llegue-a-la-universidad-y-se-quede-en-la-upo\/","title":{"rendered":"Vicente Guzm\u00e1n: \u201cQueremos que el talento investigador joven llegue a la universidad y se quede en la UPO\u201d"},"content":{"rendered":"<figure id=\"attachment_25752287\" aria-describedby=\"caption-attachment-25752287\" style=\"width: 320px\" class=\"wp-caption alignright\"><a href=\"https:\/\/www.upo.es\/diario\/wp-content\/uploads\/2018\/02\/Exp-Ciencia-Int-UPO.jpg\"><img loading=\"lazy\" decoding=\"async\" class=\"size-medium wp-image-25752287\" alt=\"El investigador Luis Merino y el rector de la UPO Vicente Guzm\u00e1n\" src=\"https:\/\/www.upo.es\/diario\/wp-content\/uploads\/2018\/02\/Exp-Ciencia-Int-UPO-320x180.jpg\" width=\"320\" height=\"180\" \/><\/a><figcaption id=\"caption-attachment-25752287\" class=\"wp-caption-text\">El investigador Luis Merino y el rector de la UPO Vicente Guzm\u00e1n<\/figcaption><\/figure>\n<p>El rector <b>Vicente Guzm\u00e1n Fluja<\/b> ha inaugurado en la Sala de Exposiciones de la Biblioteca la exposici\u00f3n \u201c<b>Ciencia Internacional en la UPO<\/b>\u201d, una muestra representativa de los proyectos internacionales de investigaci\u00f3n liderados en la Universidad Pablo de Olavide o con participaci\u00f3n relevante de su personal investigador. El rector ha estado acompa\u00f1ado por <b>Bruno Mart\u00ednez Haya<\/b>, vicerrector de Investigaci\u00f3n y Transferencia de Tecnolog\u00eda, y <b>Rosario Jim\u00e9nez Rodr\u00edguez<\/b>, directora de la Oficina de Transferencia de Resultados de la Investigaci\u00f3n (OTRI). La exposici\u00f3n puede visitarse hasta el 7 de marzo.<\/p>\n<p>Vicente Guzm\u00e1n ha agradecido al personal de investigaci\u00f3n de los proyectos que se recogen en la exposici\u00f3n \u201cporque este trabajo posiciona internacionalmente a la Universidad Pablo de Olavide y muestra el camino a otros para que esa proyecci\u00f3n sea a\u00fan mayor. No han sido tiempos f\u00e1ciles para la investigaci\u00f3n pero hemos tenido la suerte de contar con investigaci\u00f3n de mucho prestigio, que nos ha caracterizado siempre\u201d. El rector ha recordado que Espa\u00f1a ha sido de los pa\u00edses que m\u00e1s ha perdido en I+D+i durante la crisis, por ello \u201cqueremos que el talento investigador joven llegue a la universidad y se quede para que la UPO siga posicionada en los mejores niveles de investigaci\u00f3n como hasta ahora, adem\u00e1s ahora, incluyendo la perspectiva de la internacionalizaci\u00f3n\u201d, ha concluido.<\/p>\n<p>Por su parte, Bruno Mart\u00ednez ha presentado el <b>Proyecto Europa Redes y Gestores<\/b>, CAPACITA H2020, que el Ministerio de Econom\u00eda, Industria y Competitividad (MINECO) ha concedido a la <b>Oficina de Proyectos Europeos<\/b> de la <a href=\"https:\/\/www.upo.es\/otri\/portada\"><b>OTRI<\/b><\/a> de la UPO con el objetivo de reforzar su competencia como estructura de apoyo a la participaci\u00f3n de la Universidad en iniciativas europeas relacionadas con la ciencia y la tecnolog\u00eda. Adem\u00e1s, ha se\u00f1alado que \u201cla exposici\u00f3n muestra algo que la UPO ha sabido hacer desde su fundaci\u00f3n: la atracci\u00f3n del talento, de una mejor manera a lo que se esperaba por su tama\u00f1a como entidad. Nuestra apuesta es por los investigadores j\u00f3venes y con talento y, como instituci\u00f3n, tenemos que crear la infraestructura para ayudar en el dif\u00edcil y cambiante camino europeo\u201d. El vicerrector ha informado que se han presentado m\u00e1s de 200 propuestas en el marco de H2020 y que la Universidad Pablo de Olavide ha liderado a las universidades p\u00fablicas andaluzas en las <i>Grants<\/i>, por lo que \u201cahora m\u00e1s que nunca, es necesaria la incorporaci\u00f3n de personal investigador. Nuestra fortaleza es la estructura de esta universidad, con programas interdisciplinares sin barreras f\u00edsicas\u201d.<\/p>\n<p>Finalmente, Rosario Jim\u00e9nez ha explicado que la exposici\u00f3n \u201cCiencia Internacional en la UPO\u201d, organizada por el <a href=\"https:\/\/www.upo.es\/rectorado\/vicerrectorado\/investigacion\/presentacion\/\"><b>Vicerrectorado de Investigaci\u00f3n y Transferencia de Tecnolog\u00eda<\/b><\/a><b>,<\/b> tiene como objetivo plasmar la participaci\u00f3n de la Universidad Pablo de Olavide en el Programa Marco de Investigaci\u00f3n de la Uni\u00f3n Europea y otros programas similares internacionales. De esta forma, la muestra da visibilidad a proyectos de muy variadas tem\u00e1ticas como Historia, Biolog\u00eda, Ciencia de materiales, Neurociencias, estudios de G\u00e9nero, Rob\u00f3tica o Climatolog\u00eda, todos ellos proyectos financiados por programas europeos integrados en el VII Programa Marco y de Horizonte 2020, adem\u00e1s de otras convocatorias de \u00e1mbito europeo e internacional.<\/p>\n<p>Igualmente, con la idea de destacar la diversidad en la participaci\u00f3n de este tipo de programas, algunos paneles corresponden a proyectos colaborativos de investigaci\u00f3n o de creaci\u00f3n de redes, es decir, desarrollados en consorcios multinacionales; mientras que otros son proyectos concedidos a investigadores e investigadoras de forma personal, como los correspondientes al Consejo Europeo de Investigaci\u00f3n, ERC y acciones individuales Marie Curie, MSCA-IF.<\/p>\n<p><a title=\"Ciencia Internacional en la UPO\" href=\"https:\/\/www.flickr.com\/photos\/pablodeolavide\/albums\/72157690873603982\" data-flickr-embed=\"true\" data-header=\"true\"><img loading=\"lazy\" decoding=\"async\" alt=\"Ciencia Internacional en la UPO\" src=\"https:\/\/farm5.staticflickr.com\/4703\/40454866312_c6cd756459_z.jpg\" width=\"640\" height=\"360\" \/><\/a><script charset=\"utf-8\" type=\"text\/javascript\" src=\"\/\/embedr.flickr.com\/assets\/client-code.js\" async=\"\"><\/script><\/p>\n","protected":false},"excerpt":{"rendered":"<p>El rector Vicente Guzm\u00e1n Fluja ha inaugurado en la Sala de Exposiciones de la Biblioteca la exposici\u00f3n \u201cCiencia Internacional en la UPO\u201d, una muestra representativa de los proyectos internacionales de investigaci\u00f3n liderados en la Universidad Pablo de Olavide o con participaci\u00f3n relevante de su personal investigador. El rector ha estado acompa\u00f1ado por Bruno Mart\u00ednez Haya, vicerrector de Investigaci\u00f3n y Transferencia de Tecnolog\u00eda, y Rosario Jim\u00e9nez Rodr\u00edguez, directora de la Oficina de Transferencia de Resultados de la Investigaci\u00f3n (OTRI). La exposici\u00f3n puede visitarse hasta el 7 de marzo.<\/p>\n","protected":false},"author":14,"featured_media":0,"comment_status":"closed","ping_status":"open","sticky":false,"template":"","format":"standard","meta":{"_monsterinsights_skip_tracking":false,"_monsterinsights_sitenote_active":false,"_monsterinsights_sitenote_note":"","_monsterinsights_sitenote_category":0,"footnotes":""},"categories":[6],"tags":[125,74,733,619,925,56,83,38,1481],"class_list":["post-25752286","post","type-post","status-publish","format-standard","hentry","category-institucional","tag-biblioteca","tag-exposiciones","tag-h2020","tag-idi","tag-internacionalizacion","tag-investigacion","tag-otri","tag-rector","tag-vicerrectorado-de-investigacion-y-transferencia-tecnologica"],"_links":{"self":[{"href":"https:\/\/www.upo.es\/diario\/wp-json\/wp\/v2\/posts\/25752286","targetHints":{"allow":["GET"]}}],"collection":[{"href":"https:\/\/www.upo.es\/diario\/wp-json\/wp\/v2\/posts"}],"about":[{"href":"https:\/\/www.upo.es\/diario\/wp-json\/wp\/v2\/types\/post"}],"author":[{"embeddable":true,"href":"https:\/\/www.upo.es\/diario\/wp-json\/wp\/v2\/users\/14"}],"replies":[{"embeddable":true,"href":"https:\/\/www.upo.es\/diario\/wp-json\/wp\/v2\/comments?post=25752286"}],"version-history":[{"count":2,"href":"https:\/\/www.upo.es\/diario\/wp-json\/wp\/v2\/posts\/25752286\/revisions"}],"predecessor-version":[{"id":25779958,"href":"https:\/\/www.upo.es\/diario\/wp-json\/wp\/v2\/posts\/25752286\/revisions\/25779958"}],"wp:attachment":[{"href":"https:\/\/www.upo.es\/diario\/wp-json\/wp\/v2\/media?parent=25752286"}],"wp:term":[{"taxonomy":"category","embeddable":true,"href":"https:\/\/www.upo.es\/diario\/wp-json\/wp\/v2\/categories?post=25752286"},{"taxonomy":"post_tag","embeddable":true,"href":"https:\/\/www.upo.es\/diario\/wp-json\/wp\/v2\/tags?post=25752286"}],"curies":[{"name":"wp","href":"https:\/\/api.w.org\/{rel}","templated":true}]}}