{"id":25801051,"date":"2018-03-02T10:39:06","date_gmt":"2018-03-02T10:39:06","guid":{"rendered":"https:\/\/www.upo.es\/diario\/?p=25801051"},"modified":"2018-03-05T07:45:26","modified_gmt":"2018-03-05T07:45:26","slug":"la-universidad-pablo-de-olavide-participa-en-fiesa-2018-primera-feria-de-educacion-superior-argentina","status":"publish","type":"post","link":"https:\/\/www.upo.es\/diario\/institucional\/2018\/03\/la-universidad-pablo-de-olavide-participa-en-fiesa-2018-primera-feria-de-educacion-superior-argentina\/","title":{"rendered":"La Universidad Pablo de Olavide participa en FIESA 2018, primera feria de educaci\u00f3n superior argentina"},"content":{"rendered":"<figure id=\"attachment_25801463\" aria-describedby=\"caption-attachment-25801463\" style=\"width: 577px\" class=\"wp-caption aligncenter\"><a href=\"https:\/\/www.upo.es\/diario\/wp-content\/uploads\/2018\/03\/UPO_Fiesa.jpg\"><img loading=\"lazy\" decoding=\"async\" class=\"size-full wp-image-25801463\" alt=\"Isabel Lucena y Miguel \u00c1ngel Herrera en el stand de la UPO en FIESA 2018\" src=\"https:\/\/www.upo.es\/diario\/wp-content\/uploads\/2018\/03\/UPO_Fiesa.jpg\" width=\"577\" height=\"349\" srcset=\"https:\/\/www.upo.es\/diario\/wp-content\/uploads\/2018\/03\/UPO_Fiesa.jpg 577w, https:\/\/www.upo.es\/diario\/wp-content\/uploads\/2018\/03\/UPO_Fiesa-320x193.jpg 320w\" sizes=\"auto, (max-width: 577px) 100vw, 577px\" \/><\/a><figcaption id=\"caption-attachment-25801463\" class=\"wp-caption-text\">Isabel Lucena y Miguel \u00c1ngel Herrera en FIESA 2018<\/figcaption><\/figure>\n<p>La primera <a href=\"http:\/\/fiesa2018.com.ar\/\">Feria Internacional de Educaci\u00f3n Superior Argentina (FIESA)<\/a> se ha celebrado durante esta semana en la Ciudad de Mendoza. Bajo el lema \u2018La educaci\u00f3n superior argentina abierta al mundo\u2019 han participado en ella 140 universidades e instituciones de educaci\u00f3n superior de m\u00e1s de 20 pa\u00edses.<strong> La Universidad Pablo de Olavide ha estado presente en FIESA, representada por Isabel Lucena, vicerrectora de Internacionalizaci\u00f3n, y por Miguel \u00c1ngel Herrera, director del \u00c1rea de Relaciones Internacionales y Cooperaci\u00f3n<\/strong>.<\/p>\n<p><a href=\"https:\/\/www.upo.es\/diario\/wp-content\/uploads\/2018\/03\/UPO_Fiesa-exterior.jpg\"><img loading=\"lazy\" decoding=\"async\" class=\"alignright size-medium wp-image-25801464\" alt=\"Logo FIESA 2018\" src=\"https:\/\/www.upo.es\/diario\/wp-content\/uploads\/2018\/03\/UPO_Fiesa-exterior-320x197.jpg\" width=\"320\" height=\"197\" srcset=\"https:\/\/www.upo.es\/diario\/wp-content\/uploads\/2018\/03\/UPO_Fiesa-exterior-320x197.jpg 320w, https:\/\/www.upo.es\/diario\/wp-content\/uploads\/2018\/03\/UPO_Fiesa-exterior-600x370.jpg 600w, https:\/\/www.upo.es\/diario\/wp-content\/uploads\/2018\/03\/UPO_Fiesa-exterior.jpg 1280w\" sizes=\"auto, (max-width: 320px) 100vw, 320px\" \/><\/a>Las pol\u00edticas ling\u00fc\u00edsticas; la internacionalizaci\u00f3n; la empleabilidad; los organismos internacionales; los rankings; las competencias y los cr\u00e9ditos; la internacionalizaci\u00f3n de la extensi\u00f3n y la vinculaci\u00f3n universitaria son los principales ejes tem\u00e1ticos en los que se han centrado las ponencias y los <i>workshops<\/i> organizados en el marco de FIESA 2018.<\/p>\n<p>En un mundo altamente interconectado, la internacionalizaci\u00f3n de la educaci\u00f3n superior constituye un eje central dentro de las pol\u00edticas universitarias de un n\u00famero cada vez mayor de pa\u00edses. Las universidades del siglo XXI construyen nuevos v\u00ednculos con el mundo para mejorar su competitividad docente e investigadora, aumentar sus programas de movilidad y potenciar su acceso a nuevas fuentes de conocimiento y recursos. Por ello, la Universidad Pablo de Olavide tiene entre sus principales objetivos estrat\u00e9gicos para 2020 la internacionalizaci\u00f3n.<\/p>\n","protected":false},"excerpt":{"rendered":"<p>La primera Feria Internacional de Educaci\u00f3n Superior Argentina (FIESA) se ha celebrado entre el 27 de febrero y el 2 de marzo en la Ciudad de Mendoza. Bajo el lema \u2018La educaci\u00f3n superior argentina abierta al mundo\u2019 han participado en ella 140 universidades e instituciones de educaci\u00f3n superior de m\u00e1s de 20 pa\u00edses. La Universidad Pablo de Olavide ha estado presente en FIESA, representada por Isabel Lucena, vicerrectora de Internacionalizaci\u00f3n, y por Miguel \u00c1ngel Herrera, director del \u00c1rea de Relaciones Internacionales y Cooperaci\u00f3n.<\/p>\n","protected":false},"author":6,"featured_media":0,"comment_status":"closed","ping_status":"open","sticky":false,"template":"","format":"standard","meta":{"_monsterinsights_skip_tracking":false,"_monsterinsights_sitenote_active":false,"_monsterinsights_sitenote_note":"","_monsterinsights_sitenote_category":0,"footnotes":""},"categories":[6],"tags":[876,847,1042,925,171,39],"class_list":["post-25801051","post","type-post","status-publish","format-standard","hentry","category-institucional","tag-argentina","tag-aric","tag-feria","tag-internacionalizacion","tag-relaciones-internacionales","tag-universidades"],"_links":{"self":[{"href":"https:\/\/www.upo.es\/diario\/wp-json\/wp\/v2\/posts\/25801051","targetHints":{"allow":["GET"]}}],"collection":[{"href":"https:\/\/www.upo.es\/diario\/wp-json\/wp\/v2\/posts"}],"about":[{"href":"https:\/\/www.upo.es\/diario\/wp-json\/wp\/v2\/types\/post"}],"author":[{"embeddable":true,"href":"https:\/\/www.upo.es\/diario\/wp-json\/wp\/v2\/users\/6"}],"replies":[{"embeddable":true,"href":"https:\/\/www.upo.es\/diario\/wp-json\/wp\/v2\/comments?post=25801051"}],"version-history":[{"count":2,"href":"https:\/\/www.upo.es\/diario\/wp-json\/wp\/v2\/posts\/25801051\/revisions"}],"predecessor-version":[{"id":25819415,"href":"https:\/\/www.upo.es\/diario\/wp-json\/wp\/v2\/posts\/25801051\/revisions\/25819415"}],"wp:attachment":[{"href":"https:\/\/www.upo.es\/diario\/wp-json\/wp\/v2\/media?parent=25801051"}],"wp:term":[{"taxonomy":"category","embeddable":true,"href":"https:\/\/www.upo.es\/diario\/wp-json\/wp\/v2\/categories?post=25801051"},{"taxonomy":"post_tag","embeddable":true,"href":"https:\/\/www.upo.es\/diario\/wp-json\/wp\/v2\/tags?post=25801051"}],"curies":[{"name":"wp","href":"https:\/\/api.w.org\/{rel}","templated":true}]}}