{"id":25820653,"date":"2018-03-08T05:35:20","date_gmt":"2018-03-08T05:35:20","guid":{"rendered":"https:\/\/www.upo.es\/diario\/?p=25820653"},"modified":"2018-03-09T07:37:41","modified_gmt":"2018-03-09T07:37:41","slug":"la-universidad-pablo-de-olavide-se-suma-a-las-acciones-con-motivo-del-dia-internacional-de-las-mujeres","status":"publish","type":"post","link":"https:\/\/www.upo.es\/diario\/institucional\/2018\/03\/la-universidad-pablo-de-olavide-se-suma-a-las-acciones-con-motivo-del-dia-internacional-de-las-mujeres\/","title":{"rendered":"La Universidad Pablo de Olavide se suma a las acciones con motivo del D\u00eda Internacional de las Mujeres"},"content":{"rendered":"<p style=\"text-align: justify;\"><a href=\"https:\/\/www.upo.es\/diario\/wp-content\/uploads\/2018\/03\/Cartel8marzo.jpg\"><img loading=\"lazy\" decoding=\"async\" class=\"alignright size-medium wp-image-25822332\" alt=\"Cartel8marzo\" src=\"https:\/\/www.upo.es\/diario\/wp-content\/uploads\/2018\/03\/Cartel8marzo-226x320.jpg\" width=\"226\" height=\"320\" srcset=\"https:\/\/www.upo.es\/diario\/wp-content\/uploads\/2018\/03\/Cartel8marzo-226x320.jpg 226w, https:\/\/www.upo.es\/diario\/wp-content\/uploads\/2018\/03\/Cartel8marzo-424x600.jpg 424w, https:\/\/www.upo.es\/diario\/wp-content\/uploads\/2018\/03\/Cartel8marzo-600x848.jpg 600w, https:\/\/www.upo.es\/diario\/wp-content\/uploads\/2018\/03\/Cartel8marzo.jpg 1588w\" sizes=\"auto, (max-width: 226px) 100vw, 226px\" \/><\/a>La Universidad Pablo de Olavide ha organizado y coordinado numerosas actividades para esta semana con motivo de la celebraci\u00f3n del <b>D\u00eda Internacional de las Mujeres<\/b>, que coordina y promueve la <b>Oficina para la Igualdad (OPI<\/b>) del Vicerrectorado de Cultura y Compromiso Social. En esta ocasi\u00f3n, el lema de la campa\u00f1a por el 8 de marzo es \u201c<b>Alza tu voz por la igualdad<\/b>\u201d.<\/p>\n<p style=\"text-align: justify;\">El lunes 5 de marzo se emiti\u00f3 a las 12:00 horas un <b>programa especial en RadiOlavide<\/b> en el que participan representantes del CEUPO, el Caf\u00e9 Feminista, la Asociaci\u00f3n Queer me dices, el Observatorio GEP&amp;DO, el M\u00e1ster de G\u00e9nero e Igualdad y la revista \u00abLa Pluma Violeta\u00bb y que tiene como objetivo conocer las opiniones de los estudiantes de la UPO en cuanto a la percepci\u00f3n sobre la situaci\u00f3n en t\u00e9rminos de igualdad entre mujeres y hombres.<\/p>\n<figure id=\"attachment_25820655\" aria-describedby=\"caption-attachment-25820655\" style=\"width: 320px\" class=\"wp-caption alignright\"><a href=\"https:\/\/www.upo.es\/diario\/wp-content\/uploads\/2018\/03\/8_marzo-foto.jpg\"><img loading=\"lazy\" decoding=\"async\" class=\"size-medium wp-image-25820655\" alt=\"En el programa de radio &quot;Alzamos nuestras voces por la igualdad entre mujeres y hombres&quot; estudiantes de grado y postgrado reflexionan sobre la situaci\u00f3n actual de las mujeres.\" src=\"https:\/\/www.upo.es\/diario\/wp-content\/uploads\/2018\/03\/8_marzo-foto-320x184.jpg\" width=\"320\" height=\"184\" srcset=\"https:\/\/www.upo.es\/diario\/wp-content\/uploads\/2018\/03\/8_marzo-foto-320x184.jpg 320w, https:\/\/www.upo.es\/diario\/wp-content\/uploads\/2018\/03\/8_marzo-foto.jpg 480w\" sizes=\"auto, (max-width: 320px) 100vw, 320px\" \/><\/a><figcaption id=\"caption-attachment-25820655\" class=\"wp-caption-text\">En el programa de radio \u00abAlzamos nuestras voces por la igualdad entre mujeres y hombres\u00bb estudiantes de grado y postgrado reflexionan sobre la situaci\u00f3n actual de las mujeres.<\/figcaption><\/figure>\n<p style=\"text-align: justify;\">Por otra parte, distintas Facultades, as\u00ed como la Residencia Flora Trist\u00e1n, el Aula Abierta de Mayores, la Oficina de Voluntariado y Solidaridad, el CEI CamBio y el grupo de investigaci\u00f3n EcoEcoFem impulsan el desarrollo de jornadas, exposiciones fotogr\u00e1ficas, obras teatrales, video f\u00f3rum, etc\u00e9tera, con el objeto de visibilizar el papel de las mujeres en el \u00e1mbito universitario, pol\u00edtico, econ\u00f3mico, social y cultural. Adem\u00e1s, esta campa\u00f1a cuenta con la colaboraci\u00f3n de distintas organizaciones y asociaciones que trabajan en la promoci\u00f3n de la igualdad entre mujeres y hombres.<\/p>\n<figure id=\"attachment_25821081\" aria-describedby=\"caption-attachment-25821081\" style=\"width: 320px\" class=\"wp-caption alignright\"><a href=\"https:\/\/www.upo.es\/diario\/wp-content\/uploads\/2018\/03\/cuento.jpg\"><img loading=\"lazy\" decoding=\"async\" class=\"size-medium wp-image-25821081 \" alt=\"En este especial de radio se presenta el cuento &quot;De Matilde a Martina&quot; de M\u00aa \u00c1ngeles Camacho, Pilar D\u00edaz y Raquel S\u00e1nches, personal de Administraci\u00f3n y Servicios de la UPO y agentes clave de la Red Universitaria contra la Violencia de G\u00e9nero de la UPO.\" src=\"https:\/\/www.upo.es\/diario\/wp-content\/uploads\/2018\/03\/cuento-320x238.jpg\" width=\"320\" height=\"238\" srcset=\"https:\/\/www.upo.es\/diario\/wp-content\/uploads\/2018\/03\/cuento-320x238.jpg 320w, https:\/\/www.upo.es\/diario\/wp-content\/uploads\/2018\/03\/cuento-600x446.jpg 600w, https:\/\/www.upo.es\/diario\/wp-content\/uploads\/2018\/03\/cuento.jpg 1736w\" sizes=\"auto, (max-width: 320px) 100vw, 320px\" \/><\/a><figcaption id=\"caption-attachment-25821081\" class=\"wp-caption-text\">En el especial de radio se presenta el cuento \u00abDe Matilde a Martina\u00bb de M\u00aa \u00c1ngeles Camacho, Pilar D\u00edaz y Raquel S\u00e1nches, personal de Administraci\u00f3n y Servicios de la UPO y agentes clave de la Red Universitaria contra la Violencia de G\u00e9nero de la UPO.<\/figcaption><\/figure>\n<p style=\"text-align: justify;\">Los d\u00edas 5, 7, 12 y 19 de marzo tendr\u00e1 lugar en el CEIP Al-\u00c1ndalus de Tomares, sede del Aula Abierta de Mayores de la UPO en esta localidad, el <b>curso \u201cLa mujer en el Arte y la Literatura\u201d<\/b>. Por otra parte, los d\u00edas 5 y 12 de marzo se desarrollar\u00e1 otro curso, <b>\u201cEscritoras de Espa\u00f1a, Francia, Gran Breta\u00f1a y Estados Unidos\u201d<\/b> en el marco del Aula Abierta de Mayores de Gilena, que tendr\u00e1 lugar en el Centro Cultural.<\/p>\n<p style=\"text-align: justify;\">El mi\u00e9rcoles 7 se han celebrado las <b>Jornadas \u201cMujeres, agricultura y ecofeminismo\u201d<\/b> en la Sala de Grados del CEICamBio de la Biblioteca, organizadas por CEICamBio, GEP&amp;DO, EcoEcoFEm y la Oficina para la Igualdad. Por la tarde, se representar\u00e1 la obra de teatro <b>\u201cDivorciadas, evang\u00e9licas y vegetarianas\u201d<\/b> en el Sal\u00f3n de Actos del CABD del campus de la UPO con la producci\u00f3n del Grupo Apuleyo, Espacio Abierto y organizada por AG Sanitaria Sur de Sevilla, UGC Prevenci\u00f3n y Promoci\u00f3n de la Salud, Comisi\u00f3n Interdisciplinar contra la Violencia de G\u00e9nero y la OPI.<\/p>\n<p style=\"text-align: justify;\">La Residencia Flora Trist\u00e1n, como integrante de Komando G Entidades por la Igualdad en Pol\u00edgono Sur bajo el lema \u201cSin mujeres el Pol\u00edgono Sur se para\u201d, realizar\u00e1 la actividad <b>Nosotras somos Radio Abierta<\/b>, un programa en directo y con p\u00fablico el que se visibilizaran las aportaciones de las mujeres a la radio comunitaria y viceversa \u00a0y se celebrar\u00e1 ma\u00f1ana martes 6 de marzo de 19.30 a 21 horas en la Factor\u00eda Cultural. Asimismo, el mi\u00e9rcoles 7 de marzo, en la Residencia Universitaria Flora Trist\u00e1n de la UPO, se celebrar\u00e1 el <b>Cine F\u00f3rum Flore\u00f1o<\/b> <b>\u201cLa mayor\u00eda oprimida\u201d<\/b> de Elenonore Purriat, que continuar\u00e1 con la charla debate <b>\u201cLa \u00e9tica del cuidado: el camino necesario hacia la justicia social\u201d<\/b>. Ser\u00e1 a las 20:00 horas en el Sal\u00f3n de Actos con la colaboraci\u00f3n del Grupo EcoEcoFem y el Observatorio GEP&amp;DOAsimismo.<\/p>\n<p style=\"text-align: justify;\">La actividad central del 8 de Marzo de la Residencia Universitaria Flora Trist\u00e1n \u00a0es la creaci\u00f3n de la <b>campa\u00f1a audiovisual de sensibilizaci\u00f3n por la igualdad \u201cEn Pol\u00edgono Sur #anosotrastambi\u00e9nnoshapasado\u201d<\/b>, que pretende denunciar las desigualdades que se viven d\u00eda a d\u00eda en Pol\u00edgono Sur. Han participado m\u00e1s de 12 hombres representativos del tejido asociativo y educativo\u00a0 de Pol\u00edgono Sur y alrededor de 60 mujeres de las distintas entidades, t\u00e9cnicas, profesoras, alumnado etc. Este v\u00eddeo se expondr\u00e1 el jueves 8 de marzo en la Factor\u00eda Cultural tras la marcha de mujeres por el barrio.<\/p>\n<p style=\"text-align: justify;\">Para concluir la semana de conmemoraci\u00f3n del D\u00eda de las Mujeres, el viernes 9 de marzo a las 12:00 horas se inaugura la exposici\u00f3n fotogr\u00e1fica de Fidel Meneses <b>\u201cSoy luz: Mujeres que rompen con las cadenas de la violencia de g\u00e9nero\u201d<\/b> que se podr\u00e1 visitar hasta el lunes 19 en la Sala de Exposiciones de la Biblioteca de la UPO, organizada por la OPI. Esta exposici\u00f3n se enmarca en la campa\u00f1a de difusi\u00f3n para la prevenci\u00f3n de la violencia de g\u00e9nero de la Red Universitaria contra la Violencia de Genero de la UPO. A la misma hora se celebra el taller \u201cM\u00fasica por la Igualdad\u201d en la Sala de Estudiantes del edificio 24, organizado por estudiantes del M\u00e1ster de Genero e Igualdad, Agentes Clave de la Red contra la Violencia de G\u00e9nero, C\u00edrculo de Lectura Feminista y la OPI. Y, finalmente, a las 11:00 horas se presentar\u00e1 el video de esta Red Universitaria, producido por La Mercer\u00eda Producciones.<\/p>\n<p style=\"text-align: justify;\">A estas actividades se suman, por una parte, la presentaci\u00f3n de la revista <b>\u201cLa Pluma Violeta\u201d<\/b> ma\u00f1ana martes a las 13:00 horas en la Sala de Grados del edificio 7. Se trata de una publicaci\u00f3n digital sobre g\u00e9nero e historia del feminismo elaborada a lo largo del primer semestre de este curso por alumnado de la asignatura \u201cG\u00e9nero y cr\u00edtica de las ideolog\u00edas\u201d de la Facultad de Humanidades. Por otra parte, del lunes 5 al jueves 8 se celebran las <b>Jornadas \u201cMujeres, Arte y Poder. Invenciones sobre mujeres empoderadas en la Literatura y las Artes\u201d<\/b> en la Facultad de Geograf\u00eda e Historia de la Universidad de Sevilla, en las que tambi\u00e9n participan la Oficina para la Igualdad de la UPO y el Ayuntamiento de Sevilla.<\/p>\n<p style=\"text-align: justify;\">Asimismo, el Consejo de Estudiantes de la Universidad Pablo de Olavide (CEUPO) ha organizado diversas charlas, talleres y video f\u00f3rum para el martes 6 y el mi\u00e9rcoles 7 en relaci\u00f3n con la celebraci\u00f3n del D\u00eda de las Mujeres con tem\u00e1ticas como la construcci\u00f3n de los roles de g\u00e9nero, la discriminaci\u00f3n laboral o las masculinidades.<\/p>\n<ul>\n<li style=\"text-align: justify;\"><a href=\"https:\/\/www.upo.es\/upsc\/igualdad\/dia-internacional-mujeres\/\">Programaci\u00f3n completa<\/a> del D\u00eda Internacional de las Mujeres en la Universidad Pablo de Olavide.<\/li>\n<\/ul>\n","protected":false},"excerpt":{"rendered":"<p>La Universidad Pablo de Olavide ha organizado y coordinado numerosas actividades con motivo de la celebraci\u00f3n del D\u00eda Internacional de las Mujeres, que coordina y promueve la Oficina para la Igualdad del Vicerrectorado de Cultura y Compromiso Social. En esta ocasi\u00f3n, el lema de la campa\u00f1a por el 8 de marzo es \u201cAlza tu voz por la igualdad\u201d.  <\/p>\n","protected":false},"author":4,"featured_media":0,"comment_status":"closed","ping_status":"open","sticky":false,"template":"","format":"standard","meta":{"_monsterinsights_skip_tracking":false,"_monsterinsights_sitenote_active":false,"_monsterinsights_sitenote_note":"","_monsterinsights_sitenote_category":0,"footnotes":""},"categories":[6],"tags":[52,224,1200,2733,517,1168,2209,3784,1064,4779],"class_list":["post-25820653","post","type-post","status-publish","format-standard","hentry","category-institucional","tag-aula-abierta-de-mayores","tag-cei-cambio","tag-dia-internacional-de-las-mujeres","tag-ecoecofem","tag-igualdad","tag-oficina-de-voluntariado-y-solidaridad","tag-oficina-para-la-igualdad","tag-radiolavide","tag-residencia-flora-tristan","tag-revista-la-pluma-violeta"],"_links":{"self":[{"href":"https:\/\/www.upo.es\/diario\/wp-json\/wp\/v2\/posts\/25820653","targetHints":{"allow":["GET"]}}],"collection":[{"href":"https:\/\/www.upo.es\/diario\/wp-json\/wp\/v2\/posts"}],"about":[{"href":"https:\/\/www.upo.es\/diario\/wp-json\/wp\/v2\/types\/post"}],"author":[{"embeddable":true,"href":"https:\/\/www.upo.es\/diario\/wp-json\/wp\/v2\/users\/4"}],"replies":[{"embeddable":true,"href":"https:\/\/www.upo.es\/diario\/wp-json\/wp\/v2\/comments?post=25820653"}],"version-history":[{"count":26,"href":"https:\/\/www.upo.es\/diario\/wp-json\/wp\/v2\/posts\/25820653\/revisions"}],"predecessor-version":[{"id":25820662,"href":"https:\/\/www.upo.es\/diario\/wp-json\/wp\/v2\/posts\/25820653\/revisions\/25820662"}],"wp:attachment":[{"href":"https:\/\/www.upo.es\/diario\/wp-json\/wp\/v2\/media?parent=25820653"}],"wp:term":[{"taxonomy":"category","embeddable":true,"href":"https:\/\/www.upo.es\/diario\/wp-json\/wp\/v2\/categories?post=25820653"},{"taxonomy":"post_tag","embeddable":true,"href":"https:\/\/www.upo.es\/diario\/wp-json\/wp\/v2\/tags?post=25820653"}],"curies":[{"name":"wp","href":"https:\/\/api.w.org\/{rel}","templated":true}]}}