{"id":25892171,"date":"2018-03-13T00:13:26","date_gmt":"2018-03-13T00:13:26","guid":{"rendered":"https:\/\/www.upo.es\/diario\/?p=25892171"},"modified":"2020-10-27T13:39:56","modified_gmt":"2020-10-27T12:39:56","slug":"el-catedratico-de-la-upo-jose-maria-delgado-participa-en-la-iii-semana-del-cerebro-en-sevilla","status":"publish","type":"post","link":"https:\/\/www.upo.es\/diario\/institucional\/2018\/03\/el-catedratico-de-la-upo-jose-maria-delgado-participa-en-la-iii-semana-del-cerebro-en-sevilla\/","title":{"rendered":"El catedr\u00e1tico de la UPO Jos\u00e9 Mar\u00eda Delgado interviene en la III Semana del Cerebro en Sevilla"},"content":{"rendered":"<p><a href=\"https:\/\/www.upo.es\/diario\/wp-content\/uploads\/2018\/03\/Neurothinking-2018-final-1.jpg\"><img loading=\"lazy\" decoding=\"async\" class=\"alignright size-medium wp-image-25892172\" alt=\"Neurothinking 2018 final-1\" src=\"https:\/\/www.upo.es\/diario\/wp-content\/uploads\/2018\/03\/Neurothinking-2018-final-1-260x320.jpg\" width=\"260\" height=\"320\" \/><\/a>El catedr\u00e1tico de Neurociencia de la Universidad Pablo de Olavide <b>Jos\u00e9 Mar\u00eda Delgado<\/b> pronunciar\u00e1 hoy martes 13 de marzo a las 19:00 horas la conferencia \u201c\u00bfPara qu\u00e9 sirve el cerebro?\u201d en el local La Sra. Pop (C\/ Amor de Dios, 55) en el marco de la <b>III Semana del Cerebro<\/b>.<\/p>\n<p>Con el patrocinio de la Sociedad Espa\u00f1ola de Neurociencia que dirige la catedr\u00e1tica de la UPO Agn\u00e8s Gruart y la colaboraci\u00f3n de la Universidad de Sevilla, la Semana del Cerebro es una campa\u00f1a global para incrementar el conocimiento sobre el funcionamiento cerebral y los beneficios que ese conocimiento puede reportar al desarrollo de las sociedades actuales. Este a\u00f1o, las actividades programadas tienen lugar a lo largo de la semana del 12 al 16 de marzo y est\u00e1n dirigidas a p\u00fablico de todas las edades.<\/p>\n<p>Desde hace varios a\u00f1os, la <i>DANA Foundation<\/i> auspicia la Semana del Cerebro, una entidad sin \u00e1nimo de lucro especializada en la difusi\u00f3n de informaci\u00f3n acerca del cerebro y de sus patolog\u00edas que est\u00e1 formada por neurocient\u00edficos y neurocienr\u00edficas de reconocido prestigio de centros de investigaci\u00f3n internacionales, entre los que se incluyen los profesores Agn\u00e8s Gruart y Jos\u00e9 Mar\u00eda Delgado de la Universidad Pablo de Olavide.<\/p>\n<p>El lunes 12 de marzo comenzaron el resto de conferencias con \u201cMigra\u00f1a: una patolog\u00eda compleja. Tratamiento y educaci\u00f3n\u201d de <b>Carmen Gonz\u00e1lez<\/b>. Adem\u00e1s, el mi\u00e9rcoles 14, <b>Mar\u00eda Luz Montesinos<\/b> pronunciar\u00e1 su ponencia \u201cNeurociencia de la m\u00fasica\u201d; el jueves 15, <b>Antonio Jos\u00e9 Herrera<\/b> har\u00e1 lo propio con \u201c\u00bfPor qu\u00e9 nos est\u00e1 costando tanto vencer al Alzheimer y al Parkinson?\u201d; y el viernes 16 es el turno para la conferencia \u201cHablemos correctamente: Neurofisiolog\u00eda y frases hechas\u201d por parte de <b>Luis Herrero<\/b>.<\/p>\n<p>Jos\u00e9 Mar\u00eda Delgado Garc\u00eda es autor de m\u00e1s de 250 art\u00edculos cient\u00edficos de Neurociencia, as\u00ed como varios libros de divulgaci\u00f3n. La revista <b>Science<\/b> seleccion\u00f3 un trabajo liderado por este investigador como uno de los diez hallazgos cient\u00edficos m\u00e1s relevantes del a\u00f1o 2006. El profesor Delgado es miembro de la Sociedad Espa\u00f1ola de Ciencias Fisiol\u00f3gicas as\u00ed como de prestigiosas sociedades cient\u00edficas como la <i>European Neurosciences Association<\/i>, la <i>European Brain and Behavior Society<\/i>, <i>New York Academy of Sciences<\/i>, la <i>International Brain Research Organization<\/i> o la Sociedad Espa\u00f1ola de Neurociencia.<\/p>\n","protected":false},"excerpt":{"rendered":"<p>El catedr\u00e1tico de Neurociencia de la Universidad Pablo de Olavide Jos\u00e9 Mar\u00eda Delgado pronunciar\u00e1 hoy martes 13 de marzo a las 19:00 horas la conferencia \u201c\u00bfPara qu\u00e9 sirve el cerebro?\u201d en el local La Sra. Pop (C\/ Amor de Dios, 55) en el marco de la III Semana del Cerebro.<\/p>\n","protected":false},"author":14,"featured_media":0,"comment_status":"closed","ping_status":"open","sticky":false,"template":"","format":"standard","meta":{"_monsterinsights_skip_tracking":false,"_monsterinsights_sitenote_active":false,"_monsterinsights_sitenote_note":"","_monsterinsights_sitenote_category":0,"footnotes":""},"categories":[6],"tags":[227,4806,592,4805,114,4804,4403],"class_list":["post-25892171","post","type-post","status-publish","format-standard","hentry","category-institucional","tag-conferencia","tag-dana-foundation","tag-jose-maria-delgado","tag-la-sra-pop","tag-neurociencia","tag-semana-del-cerebro","tag-sociedad-espanola-de-neurociencias"],"_links":{"self":[{"href":"https:\/\/www.upo.es\/diario\/wp-json\/wp\/v2\/posts\/25892171","targetHints":{"allow":["GET"]}}],"collection":[{"href":"https:\/\/www.upo.es\/diario\/wp-json\/wp\/v2\/posts"}],"about":[{"href":"https:\/\/www.upo.es\/diario\/wp-json\/wp\/v2\/types\/post"}],"author":[{"embeddable":true,"href":"https:\/\/www.upo.es\/diario\/wp-json\/wp\/v2\/users\/14"}],"replies":[{"embeddable":true,"href":"https:\/\/www.upo.es\/diario\/wp-json\/wp\/v2\/comments?post=25892171"}],"version-history":[{"count":2,"href":"https:\/\/www.upo.es\/diario\/wp-json\/wp\/v2\/posts\/25892171\/revisions"}],"predecessor-version":[{"id":30862404,"href":"https:\/\/www.upo.es\/diario\/wp-json\/wp\/v2\/posts\/25892171\/revisions\/30862404"}],"wp:attachment":[{"href":"https:\/\/www.upo.es\/diario\/wp-json\/wp\/v2\/media?parent=25892171"}],"wp:term":[{"taxonomy":"category","embeddable":true,"href":"https:\/\/www.upo.es\/diario\/wp-json\/wp\/v2\/categories?post=25892171"},{"taxonomy":"post_tag","embeddable":true,"href":"https:\/\/www.upo.es\/diario\/wp-json\/wp\/v2\/tags?post=25892171"}],"curies":[{"name":"wp","href":"https:\/\/api.w.org\/{rel}","templated":true}]}}