{"id":25902054,"date":"2018-03-14T00:24:45","date_gmt":"2018-03-13T23:24:45","guid":{"rendered":"https:\/\/www.upo.es\/diario\/?p=25902054"},"modified":"2020-10-27T15:37:27","modified_gmt":"2020-10-27T14:37:27","slug":"manana-comienza-en-la-upo-el-congreso-interdisciplinar-de-jovenes-investigadores-en-estudios-adrianeos","status":"publish","type":"post","link":"https:\/\/www.upo.es\/diario\/institucional\/2018\/03\/manana-comienza-en-la-upo-el-congreso-interdisciplinar-de-jovenes-investigadores-en-estudios-adrianeos\/","title":{"rendered":"Comienza en la UPO el Congreso Interdisciplinar de J\u00f3venes Investigadores en Estudios Adrianeos"},"content":{"rendered":"<p><a href=\"https:\/\/www.upo.es\/diario\/wp-content\/uploads\/2018\/03\/CIJIEA_Programa-300.png\"><img loading=\"lazy\" decoding=\"async\" class=\"alignright size-medium wp-image-25900322\" alt=\"Congreso Interdisciplinar de J\u00f3venes Investigadores en Estudios Adrianeos\" src=\"https:\/\/www.upo.es\/diario\/wp-content\/uploads\/2018\/03\/CIJIEA_Programa-300-225x320.png\" width=\"225\" height=\"320\" srcset=\"https:\/\/www.upo.es\/diario\/wp-content\/uploads\/2018\/03\/CIJIEA_Programa-300-225x320.png 225w, https:\/\/www.upo.es\/diario\/wp-content\/uploads\/2018\/03\/CIJIEA_Programa-300.png 300w\" sizes=\"auto, (max-width: 225px) 100vw, 225px\" \/><\/a>El <b>\u00c1rea de Historia Antigua<\/b> de la Universidad Pablo de Olavide ha organizado el <b>Congreso Interdisciplinar de J\u00f3venes Investigadores en Estudios Adrianeos (CIJIEA)<\/b> que comienza hoy mi\u00e9rcoles 14 de marzo a las 16:00 horas en la Sala de Grados de la Biblioteca y que se desarrollar\u00e1 hasta el viernes 16 con motivo de la conmemoraci\u00f3n de los 1.900 a\u00f1os del ascenso al poder del emperador Adriano (117-138 d.C.).<\/p>\n<p>En este congreso, que se desarrolla con la financiaci\u00f3n del <b>V Plan Propio de Investigaci\u00f3n y Transferencia<\/b> de la Universidad Pablo de Olavide y la participaci\u00f3n de la <b>Facultad de Humanidades<\/b>, se analizar\u00e1 la \u00e9poca, la figura y la obra del emperador italicense. Para ello, el programa cuenta con 18 ponentes de la UPO, la Universidad de Sevilla y otras universidades espa\u00f1olas e internacionales. Adem\u00e1s, Juan Manuel Cortes Copete, catedr\u00e1tico de Historia Antigua de la Olavide, impartir\u00e1 la conferencia inaugural bajo el t\u00edtulo \u201cEl reto de estudiar hoy a Adriano\u201d; Elena Mu\u00f1iz Grijalvo, profesora del Departamento de Geograf\u00eda, Historia y Filosof\u00eda, pronunciar\u00e1 la ponencia \u201cEspacios de culto en la It\u00e1lica de Adriano\u201d; y Fernando Lozano G\u00f3mez, del Departamento de Historia Antigua de la Universidad de Sevilla, tratar\u00e1 las \u201cNuevas f\u00f3rmulas para expresar la divinidad: el colosalismo en \u00e9poca de Adriano\u201d.<\/p>\n<p>La arquitectura y la decoraci\u00f3n de Villa Adriana, los <i>auditoria<\/i> de Adriano, el <i>Traianerum<\/i> italicense, los morteros romanos de It\u00e1lica, su imagen urbana, el comercio annonario b\u00e9tico, la ideolog\u00eda en el imperio, el templo de H\u00e9rcules gaditano, los cultos solares en el siglo II, la divinizaci\u00f3n como medio de propaganda o el cristianismo en la \u00e9poca del emperador son algunas del resto de tem\u00e1ticas que se tratar\u00e1n en este congreso que acoge la Universidad Pablo de Olavide.<\/p>\n<p>Las dos primeras jornadas del congreso estar\u00e1n dedicadas a sesiones de conferencias, mientras que el viernes se realizar\u00e1 una visita a la exposici\u00f3n \u201cAdriano \u2013 Metamorfosis\u201d que acoge el Museo Arqueol\u00f3gico de Sevilla y al Conjunto Arqueol\u00f3gico de It\u00e1lica en Santiponce. Cada sesi\u00f3n de ponencias se cerrar\u00e1 con un debate participativo seg\u00fan ha previsto la organizaci\u00f3n del congreso, formada por Roc\u00edo Gordillo Herv\u00e1s, Carmen Alarc\u00f3n Hern\u00e1ndez, Joaqu\u00edn L\u00f3pez Ben\u00edtez y Manuel Alejandro Gonz\u00e1lez Mu\u00f1oz.<\/p>\n<ul>\n<li>Inscripci\u00f3n en el correo electr\u00f3nico <a href=\"mailto:cijiea2018@gmail.com\">cijiea2018@gmail.com<\/a><\/li>\n<\/ul>\n<ul>\n<li>Programa del <a href=\"https:\/\/www.upo.es\/upo_opencms\/export\/sites\/upo\/Galerias\/Descargas\/BecasAyudas\/CIJIEA_Programa.pdf\">Congreso Interdisciplinar de J\u00f3venes Investigadores en Estudios Adrianeos<\/a><\/li>\n<\/ul>\n","protected":false},"excerpt":{"rendered":"<p>Las dos primeras jornadas del congreso est\u00e1n dedicadas a sesiones de conferencias, mientras que el viernes se realizar\u00e1 una visita a la exposici\u00f3n \u201cAdriano \u2013 Metamorfosis\u201d que acoge el Museo Arqueol\u00f3gico de Sevilla y al Conjunto Arqueol\u00f3gico de It\u00e1lica en Santiponce.<\/p>\n","protected":false},"author":14,"featured_media":0,"comment_status":"closed","ping_status":"open","sticky":false,"template":"","format":"standard","meta":{"_monsterinsights_skip_tracking":false,"_monsterinsights_sitenote_active":false,"_monsterinsights_sitenote_note":"","_monsterinsights_sitenote_category":0,"footnotes":""},"categories":[6],"tags":[2240,3656,125,354,4814,96,4813,4815],"class_list":["post-25902054","post","type-post","status-publish","format-standard","hentry","category-institucional","tag-adriano","tag-area-de-historia-antigua","tag-biblioteca","tag-congreso","tag-estudios-adrianeos","tag-facultad-de-humanidades","tag-jovenes-investigadores","tag-plan-propio-de-investigacion"],"_links":{"self":[{"href":"https:\/\/www.upo.es\/diario\/wp-json\/wp\/v2\/posts\/25902054","targetHints":{"allow":["GET"]}}],"collection":[{"href":"https:\/\/www.upo.es\/diario\/wp-json\/wp\/v2\/posts"}],"about":[{"href":"https:\/\/www.upo.es\/diario\/wp-json\/wp\/v2\/types\/post"}],"author":[{"embeddable":true,"href":"https:\/\/www.upo.es\/diario\/wp-json\/wp\/v2\/users\/14"}],"replies":[{"embeddable":true,"href":"https:\/\/www.upo.es\/diario\/wp-json\/wp\/v2\/comments?post=25902054"}],"version-history":[{"count":1,"href":"https:\/\/www.upo.es\/diario\/wp-json\/wp\/v2\/posts\/25902054\/revisions"}],"predecessor-version":[{"id":30862855,"href":"https:\/\/www.upo.es\/diario\/wp-json\/wp\/v2\/posts\/25902054\/revisions\/30862855"}],"wp:attachment":[{"href":"https:\/\/www.upo.es\/diario\/wp-json\/wp\/v2\/media?parent=25902054"}],"wp:term":[{"taxonomy":"category","embeddable":true,"href":"https:\/\/www.upo.es\/diario\/wp-json\/wp\/v2\/categories?post=25902054"},{"taxonomy":"post_tag","embeddable":true,"href":"https:\/\/www.upo.es\/diario\/wp-json\/wp\/v2\/tags?post=25902054"}],"curies":[{"name":"wp","href":"https:\/\/api.w.org\/{rel}","templated":true}]}}