{"id":25932974,"date":"2018-03-19T00:46:44","date_gmt":"2018-03-18T23:46:44","guid":{"rendered":"https:\/\/www.upo.es\/diario\/?p=25932974"},"modified":"2020-10-27T15:37:47","modified_gmt":"2020-10-27T14:37:47","slug":"el-lunes-comienza-en-la-upo-la-cuarta-edicion-del-curso-de-espanol-para-personas-refugiadas-e-inmigrantes","status":"publish","type":"post","link":"https:\/\/www.upo.es\/diario\/institucional\/2018\/03\/el-lunes-comienza-en-la-upo-la-cuarta-edicion-del-curso-de-espanol-para-personas-refugiadas-e-inmigrantes\/","title":{"rendered":"Comienza en la UPO la cuarta edici\u00f3n del Curso de Espa\u00f1ol para personas refugiadas e inmigrantes"},"content":{"rendered":"<figure id=\"attachment_21023554\" aria-describedby=\"caption-attachment-21023554\" style=\"width: 320px\" class=\"wp-caption alignright\"><a href=\"https:\/\/www.upo.es\/diario\/wp-content\/uploads\/2017\/06\/entre_MPinto.jpg\"><img loading=\"lazy\" decoding=\"async\" class=\"size-medium wp-image-21023554\" alt=\"Alumnado del Curso de Espa\u00f1ol y su profesor de una edici\u00f3n anterior\" src=\"https:\/\/www.upo.es\/diario\/wp-content\/uploads\/2017\/06\/entre_MPinto-320x184.jpg\" width=\"320\" height=\"184\" \/><\/a><figcaption id=\"caption-attachment-21023554\" class=\"wp-caption-text\">Alumnado del Curso de Espa\u00f1ol y su profesor en una edici\u00f3n anterior<\/figcaption><\/figure>\n<p><span style=\"text-decoration: underline;\" data-mce-mark=\"1\">La cuarta edici\u00f3n del <strong>Curso de Espa\u00f1ol para personas refugiadas e inmigrantes<\/strong>, organizado por la Universidad Pablo de Olavide, dar\u00e1 comienzo hoy lunes 19 de marzo. Estas clases, que se prolongar\u00e1n hasta mediados de mayo, son gratuitas para aquellas personas que acrediten esta condici\u00f3n<\/span>. En esta ocasi\u00f3n, se han inscrito 52 estudiantes procedentes de <b>Costa de Marfil, S\u00e1hara, Camer\u00fan, Guinea, Gambia, Palestina, Mauritania, Mali, Ucrania, Yemen, Marruecos, Nigeria, Siria, Ghana, Ir\u00e1n y Afganist\u00e1n<\/b>.<\/p>\n<p>El objetivo de este curso es favorecer la comunicaci\u00f3n a personas refugiadas e inmigrantes con la comunidad de acogida, de manera que les permita participar en la vida social y laboral. De esta forma, los refugiados y refugiadas que llegan a Sevilla sin conocimientos b\u00e1sicos del idioma reciben clases de espa\u00f1ol con el objetivo de que puedan relacionarse con un entorno que no les sea hostil desde el punto de vista ling\u00fc\u00edstico.<\/p>\n<p>El <strong>Vicerrectorado de Internacionalizaci\u00f3n<\/strong> y el <strong>Vicerrectorado de Postgrado y Formaci\u00f3n Permanente<\/strong>, a trav\u00e9s de la <strong>Direcci\u00f3n General de Idiomas y Estudiantes Extranjeros<\/strong>, y el <strong>Centro Universitario Internacional<\/strong> organizan estos cursos dentro del programa de T\u00edtulos Propios. De esta forma, la UPO suscribe el acuerdo de la Asamblea General de CRUE Universidades Espa\u00f1olas, del 7 de septiembre de 2015, por el que se determina que estas instituciones no pueden permanecer indiferentes ante el drama de la poblaci\u00f3n refugiada.<\/p>\n<p>Durante la Conferencia Anual de EAIE (European Association for International Education) celebrada en Sevilla durante el pasado mes de septiembre, el Curso de Espa\u00f1ol para refugiados e inmigrantes de la UPO fue punto de referencia en un taller que desarroll\u00f3 la directora general de Idiomas y Estudiantes Extranjeros de la UPO, <strong>Ver\u00f3nica Pacheco<\/strong>, junto con dos colegas de la Universidad Duale Hochschule Baden-W\u00fcrttemberg (Alemania) y la Karlstad University (Suecia). Con el objetivo de analizar c\u00f3mo se realiza la acogida ling\u00fc\u00edstica a personas refugiadas en estos pa\u00edses, se pusieron en com\u00fan las tres experiencias para debatir c\u00f3mo mejorar este trabajo, teniendo en cuenta que el Curso de Espa\u00f1ol de la UPO es una actividad que ha sido muy bien valorada y acogida por sus estudiantes.<\/p>\n","protected":false},"excerpt":{"rendered":"<p>La cuarta edici\u00f3n del Curso de Espa\u00f1ol para personas refugiadas e inmigrantes, organizado por la Universidad Pablo de Olavide, dar\u00e1 comienzo hoy lunes 19 de marzo. Estas clases, que se prolongar\u00e1n hasta mediados de mayo, son gratuitas para aquellas personas que acrediten esta condici\u00f3n. En esta ocasi\u00f3n, se han inscrito 52 estudiantes procedentes de Costa de Marfil, S\u00e1hara, Camer\u00fan, Guinea, Gambia, Palestina, Mauritania, Mali, Ucrania, Yemen, Marruecos, Nigeria, Siria, Ghana, Ir\u00e1n y Afganist\u00e1n.<\/p>\n","protected":false},"author":14,"featured_media":0,"comment_status":"closed","ping_status":"open","sticky":false,"template":"","format":"standard","meta":{"_monsterinsights_skip_tracking":false,"_monsterinsights_sitenote_active":false,"_monsterinsights_sitenote_note":"","_monsterinsights_sitenote_category":0,"footnotes":""},"categories":[6],"tags":[906,4836,3951,694,4837,3620,3728],"class_list":["post-25932974","post","type-post","status-publish","format-standard","hentry","category-institucional","tag-cui","tag-curso-de-espanol","tag-direccion-general-de-idiomas","tag-inmigrantes","tag-personas-refugiadas","tag-vicerrectorado-de-internacionalizacion","tag-vicerrectorado-de-postgrado-y-formacion-permanente"],"_links":{"self":[{"href":"https:\/\/www.upo.es\/diario\/wp-json\/wp\/v2\/posts\/25932974","targetHints":{"allow":["GET"]}}],"collection":[{"href":"https:\/\/www.upo.es\/diario\/wp-json\/wp\/v2\/posts"}],"about":[{"href":"https:\/\/www.upo.es\/diario\/wp-json\/wp\/v2\/types\/post"}],"author":[{"embeddable":true,"href":"https:\/\/www.upo.es\/diario\/wp-json\/wp\/v2\/users\/14"}],"replies":[{"embeddable":true,"href":"https:\/\/www.upo.es\/diario\/wp-json\/wp\/v2\/comments?post=25932974"}],"version-history":[{"count":5,"href":"https:\/\/www.upo.es\/diario\/wp-json\/wp\/v2\/posts\/25932974\/revisions"}],"predecessor-version":[{"id":30862381,"href":"https:\/\/www.upo.es\/diario\/wp-json\/wp\/v2\/posts\/25932974\/revisions\/30862381"}],"wp:attachment":[{"href":"https:\/\/www.upo.es\/diario\/wp-json\/wp\/v2\/media?parent=25932974"}],"wp:term":[{"taxonomy":"category","embeddable":true,"href":"https:\/\/www.upo.es\/diario\/wp-json\/wp\/v2\/categories?post=25932974"},{"taxonomy":"post_tag","embeddable":true,"href":"https:\/\/www.upo.es\/diario\/wp-json\/wp\/v2\/tags?post=25932974"}],"curies":[{"name":"wp","href":"https:\/\/api.w.org\/{rel}","templated":true}]}}