{"id":25965498,"date":"2018-03-21T05:21:39","date_gmt":"2018-03-21T04:21:39","guid":{"rendered":"https:\/\/www.upo.es\/diario\/?p=25965498"},"modified":"2020-10-27T15:38:07","modified_gmt":"2020-10-27T14:38:07","slug":"mujer-y-conflicto-belico-en-la-literatura-grecolatina-manana-conferencia-en-la-catedra-general-castanos","status":"publish","type":"post","link":"https:\/\/www.upo.es\/diario\/cultura\/2018\/03\/mujer-y-conflicto-belico-en-la-literatura-grecolatina-manana-conferencia-en-la-catedra-general-castanos\/","title":{"rendered":"\u201cMujer y conflicto b\u00e9lico en la literatura grecolatina\u201d, conferencia en la C\u00e1tedra General Casta\u00f1os"},"content":{"rendered":"<figure id=\"attachment_25985990\" aria-describedby=\"caption-attachment-25985990\" style=\"width: 600px\" class=\"wp-caption aligncenter\"><a href=\"https:\/\/www.upo.es\/diario\/wp-content\/uploads\/2018\/03\/Rosario-Moreno_MujerLiteraturaConflictoBelico.jpg\"><img loading=\"lazy\" decoding=\"async\" class=\"size-large wp-image-25985990\" alt=\"Rosario Moreno Soldevila durante su conferencia en sal\u00f3n de actos de Capitan\u00eda General\" src=\"https:\/\/www.upo.es\/diario\/wp-content\/uploads\/2018\/03\/Rosario-Moreno_MujerLiteraturaConflictoBelico-600x413.jpg\" width=\"600\" height=\"413\" srcset=\"https:\/\/www.upo.es\/diario\/wp-content\/uploads\/2018\/03\/Rosario-Moreno_MujerLiteraturaConflictoBelico-600x413.jpg 600w, https:\/\/www.upo.es\/diario\/wp-content\/uploads\/2018\/03\/Rosario-Moreno_MujerLiteraturaConflictoBelico-320x220.jpg 320w, https:\/\/www.upo.es\/diario\/wp-content\/uploads\/2018\/03\/Rosario-Moreno_MujerLiteraturaConflictoBelico.jpg 800w\" sizes=\"auto, (max-width: 600px) 100vw, 600px\" \/><\/a><figcaption id=\"caption-attachment-25985990\" class=\"wp-caption-text\">Rosario Moreno Soldevila durante su conferencia en sal\u00f3n de actos de Capitan\u00eda General<\/figcaption><\/figure>\n<p>Rosario Moreno Soldevila, decana de la Facultad de Humanidades de la Universidad Pablo de Olavide, imparti\u00f3 ayer martes d\u00eda 20 en el Sal\u00f3n de Actos de Capitan\u00eda General, la conferencia\u00a0\u00a0\u201c<b>Mujer y conflicto b\u00e9lico en la literatura grecolatina<\/b>\u201d. El acto se enmarca en la C\u00e1tedra General Casta\u00f1os, de la que forma parte la UPO junto con otras instituciones de Sevilla.<\/p>\n<p>Frente a la afirmaci\u00f3n de que en el mundo antiguo la guerra era un \u00e1mbito estrictamente masculino, en \u201cMujer y conflicto b\u00e9lico en la literatura grecolatina\u201d, Rosario Moreno abord\u00f3 algunas de las distintas maneras en que los textos cl\u00e1sicos, griegos y latinos presentan la vinculaci\u00f3n entre ambos conceptos. Partiendo de los poemas hom\u00e9ricos y llegando hasta la literatura latina de \u00e9poca imperial, su autora propone un recorrido por diferentes \u00e1mbitos, incluyendo algunos ejemplos de mujeres guerreras en el mito, la leyenda y la historia y, sobre todo, destacando el papel de la f\u00e9mina en la prevenci\u00f3n y resoluci\u00f3n de conflictos.<\/p>\n<p><b>Rosario Moreno Soldevila<\/b> es licenciada en Filolog\u00eda por la Universidad de Sevilla y doctora por la Universidad Pablo de Olavide. Es profesora titular de Filolog\u00eda Latina en el Departamento de Filolog\u00eda y Traducci\u00f3n y decana de la Facultad de Humanidades de la UPO. Su investigaci\u00f3n se centra en la literatura latina, siendo sus l\u00edneas principales las obras del poeta latino Marcial y de Plinio el Joven, as\u00ed como los motivos amatorios en la literatura cl\u00e1sica. Actualmente es investigadora principal del Proyecto I+D \u201cMotivos amatorios en la poes\u00eda latina tard\u00eda\u201d.<\/p>\n<p>La <a href=\"https:\/\/catedrageneralcastanos.org\/\">C\u00e1tedra General Casta\u00f1os<\/a> se cre\u00f3 en el a\u00f1o 1989 por iniciativa del Cuartel General de la Regi\u00f3n Militar Sur con la finalidad de constituir una plataforma cultural c\u00edvico-militar que favoreciera el estudio y la investigaci\u00f3n de los temas hist\u00f3ricos, art\u00edsticos y culturales de Espa\u00f1a y los pa\u00edses de ra\u00edz cultural hispana. Hist\u00f3ricamente, la C\u00e1tedra ha permanecido vinculada con Capitan\u00eda General, donde tiene su sede, con el objetivo de mantener e incrementar las relaciones culturales del mundo militar con la ciudadan\u00eda de Sevilla. La Universidad Pablo de Olavide firm\u00f3 en 2005 con la C\u00e1tedra un convenio de cooperaci\u00f3n educativa a trav\u00e9s del cual ambas instituciones impulsan la celebraci\u00f3n de actividades formativas de tipo cultural, cient\u00edfico, t\u00e9cnico y de investigaci\u00f3n en materias de inter\u00e9s com\u00fan.<\/p>\n","protected":false},"excerpt":{"rendered":"<p>Frente a la afirmaci\u00f3n de que en el mundo antiguo la guerra era un \u00e1mbito estrictamente masculino, en \u201cMujer y conflicto b\u00e9lico en la literatura grecolatina\u201d, Rosario Moreno abord\u00f3 algunas de las distintas maneras en que los textos cl\u00e1sicos, griegos y latinos presentan la vinculaci\u00f3n entre ambos conceptos.<\/p>\n","protected":false},"author":14,"featured_media":0,"comment_status":"closed","ping_status":"open","sticky":false,"template":"","format":"standard","meta":{"_monsterinsights_skip_tracking":false,"_monsterinsights_sitenote_active":false,"_monsterinsights_sitenote_note":"","_monsterinsights_sitenote_category":0,"footnotes":""},"categories":[7],"tags":[4428,227,4848,4849,233,3957],"class_list":["post-25965498","post","type-post","status-publish","format-standard","hentry","category-cultura","tag-catedra-general-castanos","tag-conferencia","tag-conflicto-belico","tag-literatura-grecolatina","tag-mujer","tag-rosario-moreno-soldevila"],"_links":{"self":[{"href":"https:\/\/www.upo.es\/diario\/wp-json\/wp\/v2\/posts\/25965498","targetHints":{"allow":["GET"]}}],"collection":[{"href":"https:\/\/www.upo.es\/diario\/wp-json\/wp\/v2\/posts"}],"about":[{"href":"https:\/\/www.upo.es\/diario\/wp-json\/wp\/v2\/types\/post"}],"author":[{"embeddable":true,"href":"https:\/\/www.upo.es\/diario\/wp-json\/wp\/v2\/users\/14"}],"replies":[{"embeddable":true,"href":"https:\/\/www.upo.es\/diario\/wp-json\/wp\/v2\/comments?post=25965498"}],"version-history":[{"count":6,"href":"https:\/\/www.upo.es\/diario\/wp-json\/wp\/v2\/posts\/25965498\/revisions"}],"predecessor-version":[{"id":30862416,"href":"https:\/\/www.upo.es\/diario\/wp-json\/wp\/v2\/posts\/25965498\/revisions\/30862416"}],"wp:attachment":[{"href":"https:\/\/www.upo.es\/diario\/wp-json\/wp\/v2\/media?parent=25965498"}],"wp:term":[{"taxonomy":"category","embeddable":true,"href":"https:\/\/www.upo.es\/diario\/wp-json\/wp\/v2\/categories?post=25965498"},{"taxonomy":"post_tag","embeddable":true,"href":"https:\/\/www.upo.es\/diario\/wp-json\/wp\/v2\/tags?post=25965498"}],"curies":[{"name":"wp","href":"https:\/\/api.w.org\/{rel}","templated":true}]}}