{"id":25966828,"date":"2018-03-20T00:25:42","date_gmt":"2018-03-20T00:25:42","guid":{"rendered":"https:\/\/www.upo.es\/diario\/?p=25966828"},"modified":"2018-03-21T13:08:19","modified_gmt":"2018-03-21T13:08:19","slug":"el-vicerrector-de-postgrado-y-formacion-permanente-de-la-upo-presenta-manana-la-oferta-de-postgrado-20182019","status":"publish","type":"post","link":"https:\/\/www.upo.es\/diario\/institucional\/2018\/03\/el-vicerrector-de-postgrado-y-formacion-permanente-de-la-upo-presenta-manana-la-oferta-de-postgrado-20182019\/","title":{"rendered":"El vicerrector de Postgrado y Formaci\u00f3n Permanente de la UPO presenta la oferta de postgrado 2018\/2019"},"content":{"rendered":"<figure id=\"attachment_25975531\" aria-describedby=\"caption-attachment-25975531\" style=\"width: 600px\" class=\"wp-caption aligncenter\"><a href=\"https:\/\/www.upo.es\/diario\/wp-content\/uploads\/2018\/03\/Jornadas_MasterUPO_2018_03_20_067.jpg\"><img loading=\"lazy\" decoding=\"async\" class=\"size-large wp-image-25975531\" alt=\"Miguel \u00c1ngel Gual durante la presentaci\u00f3n de la Jornada 'MasterUPO'\" src=\"https:\/\/www.upo.es\/diario\/wp-content\/uploads\/2018\/03\/Jornadas_MasterUPO_2018_03_20_067-600x337.jpg\" width=\"600\" height=\"337\" srcset=\"https:\/\/www.upo.es\/diario\/wp-content\/uploads\/2018\/03\/Jornadas_MasterUPO_2018_03_20_067-600x337.jpg 600w, https:\/\/www.upo.es\/diario\/wp-content\/uploads\/2018\/03\/Jornadas_MasterUPO_2018_03_20_067-320x180.jpg 320w\" sizes=\"auto, (max-width: 600px) 100vw, 600px\" \/><\/a><figcaption id=\"caption-attachment-25975531\" class=\"wp-caption-text\">Miguel \u00c1ngel Gual durante la presentaci\u00f3n de la Jornada &#8216;M\u00e1sterUPO&#8217;<\/figcaption><\/figure>\n<p>El <b>Centro de Estudios de Postgrado de la Universidad Pablo de Olavide<\/b> celebra hoy, en el edificio Alexander von Humboldt, la <strong>VI Jornada de Puertas Abiertas de Postgrado \u2018M\u00e1ster UPO\u2019<\/strong>. Miguel \u00c1ngel Gual Font, vicerrector de Postgrado y Formaci\u00f3n Permanente, ha impartido una charla informativa sobre los programas de m\u00e1ster, de doctorado y los t\u00edtulos propios que la Universidad Pablo de Olavide impartir\u00e1 el pr\u00f3ximo curso 2018\/2019.<\/p>\n<p><img loading=\"lazy\" decoding=\"async\" class=\"alignright size-full wp-image-25859964\" alt=\"Jornada de Puertas Abiertas M\u00e1sterUPO - 20 de marzo de 2018\" src=\"https:\/\/www.upo.es\/diario\/wp-content\/uploads\/2018\/03\/Puertas-Abiertas-Postgrado-300.jpg\" width=\"300\" height=\"214\" \/> Tras conocer las diferencias entre los distintos t\u00edtulos de postgrado y las posibilidades de becas y ayudas a las que pueden optar, aquellas personas interesadas, ya sea en uno o en varios programas, han podido entrevistarse con sus directores y directoras, tanto para conocer m\u00e1s a fondo los contenidos y las pr\u00e1cticas que incluyen, como resolver las dudas que se les planteen o recibir orientaci\u00f3n sobre las posibles salidas profesionales del curso elegido.<\/p>\n<p>La Universidad Pablo de Olavide, a trav\u00e9s de su Centro de Estudios de Postgrado y de la Fundaci\u00f3n UPO, ofertar\u00e1 el curso pr\u00f3ximo m\u00e1s de 150 programas de postgrado entre m\u00e1steres, doctorados, diplomas de especializaci\u00f3n y extensi\u00f3n universitaria, t\u00edtulos de experto y certificados de extensi\u00f3n universitaria.<\/p>\n<p>M\u00e1s informaci\u00f3n: <a href=\"http:\/\/www.upo.es\/postgrado\/texto\/948856f0-b7b6-11e2-9760-11bdca50d69c\/Jornada-de-Puertas-Abiertas-Postgrado-UPO\">www.upo.es\/postgrado\/<\/a><\/p>\n","protected":false},"excerpt":{"rendered":"<p>El Centro de Estudios de Postgrado de la Universidad Pablo de Olavide ha celebrado, en el edificio Alexander von Humboldt, la VI Jornada de Puertas Abiertas de Postgrado \u2018M\u00e1ster UPO\u2019. Miguel \u00c1ngel Gual Font, vicerrector de Postgrado y Formaci\u00f3n Permanente, ha impartido una charla informativa sobre los programas de m\u00e1ster, de doctorado y los t\u00edtulos propios que la Universidad Pablo de Olavide impartir\u00e1 el pr\u00f3ximo curso 2018\/2019.<\/p>\n","protected":false},"author":6,"featured_media":0,"comment_status":"closed","ping_status":"open","sticky":false,"template":"","format":"standard","meta":{"_monsterinsights_skip_tracking":false,"_monsterinsights_sitenote_active":false,"_monsterinsights_sitenote_note":"","_monsterinsights_sitenote_category":0,"footnotes":""},"categories":[6],"tags":[614,3203,973,609,328,2474,118,2001,82],"class_list":["post-25966828","post","type-post","status-publish","format-standard","hentry","category-institucional","tag-cedep","tag-centro-de-estudios-de-postgrado","tag-doctorado","tag-especializacion","tag-formacion-permanente","tag-fundacion-universidad-pablo-de-olavide","tag-master","tag-miguel-angel-gual-font","tag-postgrado"],"_links":{"self":[{"href":"https:\/\/www.upo.es\/diario\/wp-json\/wp\/v2\/posts\/25966828","targetHints":{"allow":["GET"]}}],"collection":[{"href":"https:\/\/www.upo.es\/diario\/wp-json\/wp\/v2\/posts"}],"about":[{"href":"https:\/\/www.upo.es\/diario\/wp-json\/wp\/v2\/types\/post"}],"author":[{"embeddable":true,"href":"https:\/\/www.upo.es\/diario\/wp-json\/wp\/v2\/users\/6"}],"replies":[{"embeddable":true,"href":"https:\/\/www.upo.es\/diario\/wp-json\/wp\/v2\/comments?post=25966828"}],"version-history":[{"count":8,"href":"https:\/\/www.upo.es\/diario\/wp-json\/wp\/v2\/posts\/25966828\/revisions"}],"predecessor-version":[{"id":25986436,"href":"https:\/\/www.upo.es\/diario\/wp-json\/wp\/v2\/posts\/25966828\/revisions\/25986436"}],"wp:attachment":[{"href":"https:\/\/www.upo.es\/diario\/wp-json\/wp\/v2\/media?parent=25966828"}],"wp:term":[{"taxonomy":"category","embeddable":true,"href":"https:\/\/www.upo.es\/diario\/wp-json\/wp\/v2\/categories?post=25966828"},{"taxonomy":"post_tag","embeddable":true,"href":"https:\/\/www.upo.es\/diario\/wp-json\/wp\/v2\/tags?post=25966828"}],"curies":[{"name":"wp","href":"https:\/\/api.w.org\/{rel}","templated":true}]}}