{"id":25986447,"date":"2018-03-22T03:43:07","date_gmt":"2018-03-22T02:43:07","guid":{"rendered":"https:\/\/www.upo.es\/diario\/?p=25986447"},"modified":"2020-10-27T15:39:38","modified_gmt":"2020-10-27T14:39:38","slug":"la-facultad-de-humanidades-celebra-las-ii-jornadas-de-puertas-abiertas-manana-jueves","status":"publish","type":"post","link":"https:\/\/www.upo.es\/diario\/institucional\/2018\/03\/la-facultad-de-humanidades-celebra-las-ii-jornadas-de-puertas-abiertas-manana-jueves\/","title":{"rendered":"La Facultad de Humanidades celebra las II Jornadas de Puertas Abiertas"},"content":{"rendered":"<p><a href=\"https:\/\/www.upo.es\/diario\/wp-content\/uploads\/2018\/03\/Cartel-II-Jornadas-de-puertas-abiertas-de-la-Facultad-de-Humanidades-300.jpg\"><img loading=\"lazy\" decoding=\"async\" class=\"alignright size-medium wp-image-25963296\" alt=\"II JORNADAS DE PUERTAS ABIERTAS DE LA FACULTAD DE HUMANIDADES - 22 de marzo, 17 horas\" src=\"https:\/\/www.upo.es\/diario\/wp-content\/uploads\/2018\/03\/Cartel-II-Jornadas-de-puertas-abiertas-de-la-Facultad-de-Humanidades-300-240x320.jpg\" width=\"240\" height=\"320\" srcset=\"https:\/\/www.upo.es\/diario\/wp-content\/uploads\/2018\/03\/Cartel-II-Jornadas-de-puertas-abiertas-de-la-Facultad-de-Humanidades-300-240x320.jpg 240w, https:\/\/www.upo.es\/diario\/wp-content\/uploads\/2018\/03\/Cartel-II-Jornadas-de-puertas-abiertas-de-la-Facultad-de-Humanidades-300.jpg 300w\" sizes=\"auto, (max-width: 240px) 100vw, 240px\" \/><\/a>Hoy jueves 22 de marzo a las 17:00 horas en la Sala de Grados del edificio 7, la <b>Facultad de Humanidades<\/b> de la Universidad Pablo de Olavide celebra las <b>II Jornadas de Puertas Abiertas<\/b>, una iniciativa con la que el decanato de esta Facultad pretende dar a conocer su oferta acad\u00e9mica de Grado y las caracter\u00edsticas diferenciadoras de su programa formativo a profesorado, orientadores, familias de alumnos y alumnas, estudiantes de Secundaria y Bachillerato y a la sociedad en general.<\/p>\n<p>En primer lugar, se presentar\u00e1 y detallar\u00e1 la oferta acad\u00e9mica de la Facultad, complement\u00e1ndola con informaci\u00f3n sobre las salidas profesionales de los Grados en Humanidades; Geograf\u00eda e Historia (con itinerario biling\u00fce en ingl\u00e9s); Traducci\u00f3n e Interpretaci\u00f3n; y Doble Grado en Humanidades y Traducci\u00f3n e Interpretaci\u00f3n. Posteriormente, a las 18:00 horas, se visitar\u00e1n las instalaciones del campus de la Universidad Pablo de Olavide como son las aulas de docencia, las aulas t\u00e9cnicas, los laboratorios, la biblioteca o las instalaciones deportivas.<\/p>\n<p>Junto con la Escuela Polit\u00e9cnica Superior y las Facultades de Ciencias Experimentales y Ciencias Sociales, la Facultad de Humanidades de la Universidad Pablo de Olavide es uno de los centros acreditados por la Agencia Nacional de Evaluaci\u00f3n de la Calidad y Acreditaci\u00f3n (<b>ANECA<\/b>) por la implantaci\u00f3n del <b>Sistema de Garant\u00eda de Calidad<\/b>. De los 172 centros universitarios que hay en Andaluc\u00eda, solo seis de ellos cuentan con certificados AUDIT; y de estos, cuatro pertenecen a la UPO.<\/p>\n<p>Por otra parte, en la cuarta y \u00faltima adjudicaci\u00f3n de la Primera Fase de Preinscripci\u00f3n para el presente curso acad\u00e9mico, el <b><a href=\"https:\/\/www.upo.es\/portal\/impe\/web\/contenido\/7fe42ae7-43b3-11de-874c-3fe5a96f4a88?channel=c1f3624d-2f47-11de-b088-3fe5a96f4a88\">Doble Grado en Humanidades y Traducci\u00f3n e Interpretaci\u00f3n en Ingl\u00e9s<\/a><\/b> alcanz\u00f3 la nota de corte m\u00e1s alta de la Universidad Pablo de Olavide, un 12,360 sobre 14. El Doble Grado en Humanidades y Traducci\u00f3n e Interpretaci\u00f3n tiene como objetivo ofrecer una s\u00f3lida formaci\u00f3n human\u00edstica, as\u00ed como el dominio de lenguas extranjeras al m\u00e1s alto nivel, las t\u00e9cnicas para la traducci\u00f3n y la interpretaci\u00f3n y el manejo de TICs.<\/p>\n<p>El <b><a href=\"https:\/\/www.upo.es\/portal\/impe\/web\/contenido\/10435ac1-43b3-11de-874c-3fe5a96f4a88?channel=c1f3624d-2f47-11de-b088-3fe5a96f4a88\">Grado en Traducci\u00f3n e Interpretaci\u00f3n<\/a><\/b> existe en la UPO en una triple vertiente en funci\u00f3n de la primera lengua extranjera elegida: ingl\u00e9s, franc\u00e9s y alem\u00e1n. Estos estudios abarcan una formaci\u00f3n muy completa, en la que se combina el estudio de las lenguas extranjeras con la civilizaci\u00f3n de los pa\u00edses y con el uso de las nuevas tecnolog\u00edas aplicadas al campo de la traducci\u00f3n.<\/p>\n<p><b><a href=\"https:\/\/www.upo.es\/portal\/impe\/web\/contenido\/0f14779d-43b3-11de-874c-3fe5a96f4a88?channel=c1f3624d-2f47-11de-b088-3fe5a96f4a88\">Humanidades<\/a><\/b> es un grado que ofrece al estudiante una formaci\u00f3n global, abarcando materias como la Historia, el Arte, la Literatura, la Geograf\u00eda, la Ling\u00fc\u00edstica y la Filosof\u00eda. Esto hace que el graduado tenga un bagaje de conocimientos multidisciplinar.<\/p>\n<p><b><a href=\"https:\/\/www.upo.es\/portal\/impe\/web\/contenido\/41651d85-73b3-11df-a821-3fe5a96f4a88?channel=c1f3624d-2f47-11de-b088-3fe5a96f4a88\">Geograf\u00eda e Historia<\/a><\/b> tiene como fin el conocimiento profundo del pasado y la comprensi\u00f3n global del presente partiendo de aspectos tan variados como la historia del pensamiento o de la literatura, el an\u00e1lisis antropol\u00f3gico de las sociedades, la historia de la ciencia o la de las religiones.<\/p>\n<ul>\n<li>Inscripci\u00f3n en las <a href=\"https:\/\/docs.google.com\/forms\/d\/e\/1FAIpQLSeGlLFn4D7B2x1jrg6o-ieGk8vEV2tgZbYfYd4VxGf00bRPMw\/viewform\">II Jornadas de Puertas Abiertas de la Facultad de Humanidades<\/a> de la Universidad Pablo de Olavide<\/li>\n<\/ul>\n","protected":false},"excerpt":{"rendered":"<p>Hoy jueves a las 17:00 horas en la Sala de Grados del edificio 7, la Facultad de Humanidades de la Universidad Pablo de Olavide celebra las II Jornadas de Puertas Abiertas, una iniciativa con la que el decanato de esta Facultad pretende dar a conocer su oferta acad\u00e9mica de Grado y las caracter\u00edsticas diferenciadoras de su programa formativo a profesorado, orientadores, familias de alumnos y alumnas, estudiantes de Secundaria y Bachillerato y a la sociedad en general.<\/p>\n","protected":false},"author":14,"featured_media":0,"comment_status":"closed","ping_status":"open","sticky":false,"template":"","format":"standard","meta":{"_monsterinsights_skip_tracking":false,"_monsterinsights_sitenote_active":false,"_monsterinsights_sitenote_note":"","_monsterinsights_sitenote_category":0,"footnotes":""},"categories":[6],"tags":[644,1566,21,96,1546,1567,1555,84,377,376,1382],"class_list":["post-25986447","post","type-post","status-publish","format-standard","hentry","category-institucional","tag-bachillerato","tag-doble-grado-en-humanidades-y-en-traduccion-e-interpretacion","tag-estudiantes","tag-facultad-de-humanidades","tag-grado-en-geografia-e-historia","tag-grado-en-humanidades","tag-grado-en-traduccion-e-interpretacion","tag-jornadas","tag-oferta-academica","tag-puertas-abiertas","tag-secundaria"],"_links":{"self":[{"href":"https:\/\/www.upo.es\/diario\/wp-json\/wp\/v2\/posts\/25986447","targetHints":{"allow":["GET"]}}],"collection":[{"href":"https:\/\/www.upo.es\/diario\/wp-json\/wp\/v2\/posts"}],"about":[{"href":"https:\/\/www.upo.es\/diario\/wp-json\/wp\/v2\/types\/post"}],"author":[{"embeddable":true,"href":"https:\/\/www.upo.es\/diario\/wp-json\/wp\/v2\/users\/14"}],"replies":[{"embeddable":true,"href":"https:\/\/www.upo.es\/diario\/wp-json\/wp\/v2\/comments?post=25986447"}],"version-history":[{"count":4,"href":"https:\/\/www.upo.es\/diario\/wp-json\/wp\/v2\/posts\/25986447\/revisions"}],"predecessor-version":[{"id":30862429,"href":"https:\/\/www.upo.es\/diario\/wp-json\/wp\/v2\/posts\/25986447\/revisions\/30862429"}],"wp:attachment":[{"href":"https:\/\/www.upo.es\/diario\/wp-json\/wp\/v2\/media?parent=25986447"}],"wp:term":[{"taxonomy":"category","embeddable":true,"href":"https:\/\/www.upo.es\/diario\/wp-json\/wp\/v2\/categories?post=25986447"},{"taxonomy":"post_tag","embeddable":true,"href":"https:\/\/www.upo.es\/diario\/wp-json\/wp\/v2\/tags?post=25986447"}],"curies":[{"name":"wp","href":"https:\/\/api.w.org\/{rel}","templated":true}]}}