{"id":25986887,"date":"2018-03-21T13:56:58","date_gmt":"2018-03-21T12:56:58","guid":{"rendered":"https:\/\/www.upo.es\/diario\/?p=25986887"},"modified":"2020-10-27T15:39:17","modified_gmt":"2020-10-27T14:39:17","slug":"vicente-guzman-los-estudios-de-trabajo-social-son-una-parte-importante-del-desarrollo-y-el-futuro-de-la-upo","status":"publish","type":"post","link":"https:\/\/www.upo.es\/diario\/institucional\/2018\/03\/vicente-guzman-los-estudios-de-trabajo-social-son-una-parte-importante-del-desarrollo-y-el-futuro-de-la-upo\/","title":{"rendered":"Vicente Guzm\u00e1n: \u201cLos estudios de Trabajo Social son una parte importante del desarrollo y el futuro de la UPO\u201d"},"content":{"rendered":"<figure id=\"attachment_25986888\" aria-describedby=\"caption-attachment-25986888\" style=\"width: 600px\" class=\"wp-caption aligncenter\"><a href=\"https:\/\/www.upo.es\/diario\/wp-content\/uploads\/2018\/03\/DiaTS_UPO_21032018_01.jpg\"><img loading=\"lazy\" decoding=\"async\" class=\"size-large wp-image-25986888\" alt=\"Julio Piedra, Vicente Guzm\u00e1n y Rosa D\u00edaz en la mesa inaugural del coloquio\" src=\"https:\/\/www.upo.es\/diario\/wp-content\/uploads\/2018\/03\/DiaTS_UPO_21032018_01-600x384.jpg\" width=\"600\" height=\"384\" \/><\/a><figcaption id=\"caption-attachment-25986888\" class=\"wp-caption-text\">Julio Piedra, Vicente Guzm\u00e1n y Rosa D\u00edaz en la mesa inaugural del coloquio<\/figcaption><\/figure>\n<p><span style=\"text-decoration: underline;\">El rector de la Universidad Pablo de Olavide, <b>Vicente Guzm\u00e1n Fluja<\/b>, ha presidido esta ma\u00f1ana el acto de conmemoraci\u00f3n del <b>D\u00eda Internacional del Trabajo Social<\/b> en el que se ha desarrollado el coloquio \u201c<b>El valor de la comunidad<\/b>\u201d.<\/span> El rector ha estado acompa\u00f1ado en la mesa inaugural por <b>Rosa D\u00edaz Jim\u00e9nez<\/b>, decana de la Facultad de Ciencias Sociales, y <b>Julio Piedra Crist\u00f3bal<\/b>, presidente del Consejo Andaluz de Colegios Profesionales de Trabajo Social.<\/p>\n<p><b>Vicente Guzm\u00e1n<\/b> ha recordado los inicios de los estudios de Trabajo Social en la Universidad Pablo de Olavide en su creaci\u00f3n. \u201cNuestro alumnado debe conocer el valor que tuvo la incorporaci\u00f3n a la UPO de Trabajo Social, que veinte a\u00f1os despu\u00e9s ha tenido un fruto espl\u00e9ndido con proyectoS de investigaci\u00f3n pioneros y punteros. Nuestros estudios en Trabajo Social son apreciados hoy en d\u00eda, algo que parec\u00eda estar en segundo plano en una universidad, se hizo una parte importante de nuestro desarrollo y nuestro futuro\u201d, ha se\u00f1alado el rector. Por otra parte, Guzm\u00e1n ha reivindicado la importancia del Trabajo Social \u201cporque incluso en una sociedad perfecta, seguir\u00eda siendo necesario ya que habr\u00eda personas vulnerables y con riesgos. Y no estamos en una sociedad perfecta. Los trabajadores sociales tienen en sus manos romper con el capitalismo salvajemente interpretado que es injusto y est\u00e1 creando y consolidando bolsas de pobreza. Ojal\u00e1 que llegue un a\u00f1o en que celebremos el D\u00eda Internacional del Trabajo Social en circunstancias mejores\u201d.<\/p>\n<p><b>Rosa D\u00edaz<\/b> ha recordado que \u201cesta fecha conmemora el compromiso de las y los profesionales de Trabajo Social, l\u00edderes de los cambios sociales, que son quienes han impulsado los derechos de la ciudadan\u00eda. Este d\u00eda hace visibles los roles del trabajador social para seguir afianzando la legitimidad de la profesi\u00f3n\u201d. La decana ha se\u00f1alado la importancia de la capacidad comunitaria para responder a los cambios ambientales y a los desastres naturales este a\u00f1o que se celebra el D\u00eda Internacional del Trabajo Social bajo el compromiso de la promoci\u00f3n de las comunidades en entornos sostenibles. Finalmente,\u00a0 D\u00edaz ha comentado que \u201cdebemos estar orgullosas de haber elegido esta profesi\u00f3n y esta disciplina gracias a la que las personas pueden rescatar la dignidad que la sociedad les roba\u201d.<\/p>\n<p>Por su parte, <b>Julio Piedra<\/b> ha se\u00f1alado la estrecha colaboraci\u00f3n del Consejo Andaluz con la Universidad Pablo de Olavide y ha calificado de privilegio el hecho de que un profesor de la UPO, <b>Jos\u00e9 Luis Sarasola<\/b>, sea el nuevo presidente del Colegio Profesional de Trabajo Social de Sevilla. \u201cNosotros celebramos el D\u00eda del Trabajo Social todos los d\u00edas pero es justo recordar el compromiso con la ciudadan\u00eda en defensa de los derechos sociales. Este a\u00f1o se quiere hacer \u00e9nfasis en la importancia del Trabajo Social para dinamizar a la comunidad con el objetivo de que ella misma demande sus derechos\u201d, ha comentado. El presidente ha concluido su intervenci\u00f3n reivindicando la ampliaci\u00f3n del personal de los servicios sociales y la dotaci\u00f3n de presupuesto para las acciones programadas de manera que puedan ser reales.<\/p>\n<p>A continuaci\u00f3n, el profesor de la Universidad Estatal de Arizona (Estados Unidos) <b>Flavio Marsiglia<\/b>, que se encuentra realizando una estancia en la Universidad Pablo de Olavide con una Beca Fulbright, ha pronunciado la conferencia \u201c<b>Desigualdades en salud: aportes de la investigaci\u00f3n desde el Trabajo Social<\/b>\u201d. Ha moderado el coloquio <b>Mar\u00eda Rosa Herrera<\/b>, directora del Departamento de Trabajo Social y Servicios Sociales de la UPO.<\/p>\n<p>El D\u00eda Internacional del Trabajo Social, que se conmemora este a\u00f1o bajo el lema \u201c<b>Promoviendo comunidades y entornos sostenibles<\/b>\u201d, se celebra el 20 de marzo con la mirada puesta en el tercer compromiso de la Agenda Global, cuyo objetivo es que los trabajadores y trabajadoras sociales de todo el mundo promuevan la sostenibilidad en sus comunidades y en el medioambiente. La <b><a href=\"https:\/\/www.upo.es\/fcs\/portada\">Facultad de Ciencias Sociales<\/a><\/b> y el <b><a href=\"https:\/\/www.upo.es\/tsss\/portada\">Departamento de Trabajo Social y Servicios Sociales<\/a><\/b> de la Universidad Pablo de Olavide han organizado este acto para celebrar los logros de la profesi\u00f3n y llevar el mensaje tem\u00e1tico a la sociedad con el objetivo de crear conciencia sobre las contribuciones del Trabajo Social y la necesidad de nuevas medidas.<\/p>\n<p><a title=\"Coloquio 'El valor de la comunidad'\" href=\"https:\/\/www.flickr.com\/photos\/pablodeolavide\/albums\/72157664904515597\" data-flickr-embed=\"true\" data-header=\"true\"><img loading=\"lazy\" decoding=\"async\" alt=\"Coloquio 'El valor de la comunidad'\" src=\"https:\/\/farm1.staticflickr.com\/804\/40044349485_5e110f6f06.jpg\" width=\"500\" height=\"333\" \/><\/a><script charset=\"utf-8\" type=\"text\/javascript\" src=\"\/\/embedr.flickr.com\/assets\/client-code.js\" async=\"\"><\/script><\/p>\n","protected":false},"excerpt":{"rendered":"<p>El rector de la Universidad Pablo de Olavide, Vicente Guzm\u00e1n Fluja, ha presidido esta ma\u00f1ana el acto de conmemoraci\u00f3n del D\u00eda Internacional del Trabajo Social en el que se ha desarrollado el coloquio \u201cEl valor de la comunidad\u201d. Vicente Guzm\u00e1n ha recordado los inicios de los estudios de Trabajo Social en la Universidad Pablo de Olavide en su creaci\u00f3n. \u201cNuestro alumnado debe conocer el valor que tuvo la incorporaci\u00f3n a la UPO de Trabajo Social, que veinte a\u00f1os despu\u00e9s ha tenido un fruto espl\u00e9ndido con proyectoS de investigaci\u00f3n pioneros y punteros.<\/p>\n","protected":false},"author":14,"featured_media":0,"comment_status":"closed","ping_status":"open","sticky":false,"template":"","format":"standard","meta":{"_monsterinsights_skip_tracking":false,"_monsterinsights_sitenote_active":false,"_monsterinsights_sitenote_note":"","_monsterinsights_sitenote_category":0,"footnotes":""},"categories":[6],"tags":[603,3405,3253,487,4719,38,103],"class_list":["post-25986887","post","type-post","status-publish","format-standard","hentry","category-institucional","tag-coloquio","tag-departamento-de-trabajo-social-y-servicios-sociales","tag-dia-internacional-del-trabajo-social","tag-facultad-ciencias-sociales","tag-flavio-marsiglia","tag-rector","tag-trabajo-social"],"_links":{"self":[{"href":"https:\/\/www.upo.es\/diario\/wp-json\/wp\/v2\/posts\/25986887","targetHints":{"allow":["GET"]}}],"collection":[{"href":"https:\/\/www.upo.es\/diario\/wp-json\/wp\/v2\/posts"}],"about":[{"href":"https:\/\/www.upo.es\/diario\/wp-json\/wp\/v2\/types\/post"}],"author":[{"embeddable":true,"href":"https:\/\/www.upo.es\/diario\/wp-json\/wp\/v2\/users\/14"}],"replies":[{"embeddable":true,"href":"https:\/\/www.upo.es\/diario\/wp-json\/wp\/v2\/comments?post=25986887"}],"version-history":[{"count":2,"href":"https:\/\/www.upo.es\/diario\/wp-json\/wp\/v2\/posts\/25986887\/revisions"}],"predecessor-version":[{"id":26007464,"href":"https:\/\/www.upo.es\/diario\/wp-json\/wp\/v2\/posts\/25986887\/revisions\/26007464"}],"wp:attachment":[{"href":"https:\/\/www.upo.es\/diario\/wp-json\/wp\/v2\/media?parent=25986887"}],"wp:term":[{"taxonomy":"category","embeddable":true,"href":"https:\/\/www.upo.es\/diario\/wp-json\/wp\/v2\/categories?post=25986887"},{"taxonomy":"post_tag","embeddable":true,"href":"https:\/\/www.upo.es\/diario\/wp-json\/wp\/v2\/tags?post=25986887"}],"curies":[{"name":"wp","href":"https:\/\/api.w.org\/{rel}","templated":true}]}}