{"id":2601785,"date":"2014-01-20T14:01:39","date_gmt":"2014-01-20T14:01:39","guid":{"rendered":"https:\/\/www.upo.es\/diario\/?p=2601785"},"modified":"2014-01-20T14:01:39","modified_gmt":"2014-01-20T14:01:39","slug":"reunion-de-los-socios-del-cei-cambio-para-impulsar-este-proyecto-sobre-el-cambio-global-y-sus-repercusiones","status":"publish","type":"post","link":"https:\/\/www.upo.es\/diario\/institucional\/2014\/01\/reunion-de-los-socios-del-cei-cambio-para-impulsar-este-proyecto-sobre-el-cambio-global-y-sus-repercusiones\/","title":{"rendered":"Reuni\u00f3n de los socios del CEI CamBio para impulsar este proyecto sobre el cambio global y sus repercusiones"},"content":{"rendered":"<figure id=\"attachment_2601787\" aria-describedby=\"caption-attachment-2601787\" style=\"width: 320px\" class=\"wp-caption alignright\"><a href=\"https:\/\/www.upo.es\/diario\/wp-content\/uploads\/2014\/01\/CEICamBio_17_01_2014.jpg\"><img loading=\"lazy\" decoding=\"async\" class=\"size-medium wp-image-2601787\" alt=\"Responsables de CEI CamBio reunidos en el rectorado de la UPO\" src=\"https:\/\/www.upo.es\/diario\/wp-content\/uploads\/2014\/01\/CEICamBio_17_01_2014-320x213.jpg\" width=\"320\" height=\"213\" srcset=\"https:\/\/www.upo.es\/diario\/wp-content\/uploads\/2014\/01\/CEICamBio_17_01_2014-320x213.jpg 320w, https:\/\/www.upo.es\/diario\/wp-content\/uploads\/2014\/01\/CEICamBio_17_01_2014-1024x682.jpg 1024w, https:\/\/www.upo.es\/diario\/wp-content\/uploads\/2014\/01\/CEICamBio_17_01_2014-600x400.jpg 600w\" sizes=\"auto, (max-width: 320px) 100vw, 320px\" \/><\/a><figcaption id=\"caption-attachment-2601787\" class=\"wp-caption-text\">El rector de la UPO ha abierto ha abierto la reuni\u00f3n con palabras de apoyo e impulso a esta nueva etapa que empieza a afrontar CEI CamBio<\/figcaption><\/figure>\n<p>Los socios del Campus de Excelencia Internacional de Medio Ambiente, Biodiversidad y Cambio Global, CEI CamBio, han mantenido una reuni\u00f3n en la Universidad Pablo de Olavide de Sevilla, coordinadora del proyecto, para debatir el estado actual del CEI con el objetivo de relanzarlo tras el reciente nombramiento de Javier Escalera Reyes como nuevo director.<\/p>\n<p>CEI CamBio es un proyecto estrat\u00e9gico, centrado en el desarrollo de la investigaci\u00f3n relacionada con el cambio global y sus repercusiones, tanto ecol\u00f3gicas como socioecon\u00f3micas, que a\u00fana los intereses de siete universidades p\u00fablicas andaluzas y del Consejo Superior de Investigaciones Cient\u00edficas. El proyecto CEI CamBio, del que forman parte las Universidades de Almer\u00eda, C\u00e1diz, C\u00f3rdoba, Huelva, Internacional de Andaluc\u00eda, Ja\u00e9n y Pablo de Olavide de Sevilla as\u00ed como el Consejo Superior de Investigaciones Cient\u00edficas, es un punto de encuentro en torno al Medio Ambiente, la Biodiversidad y el Cambio Global que participa en la consolidaci\u00f3n de Andaluc\u00eda como referente en estas \u00e1reas de conocimiento.<\/p>\n<p>Este encuentro ha servido para impulsar el proyecto y abordar cuestiones relativas al desarrollo de aquellas l\u00edneas de actuaci\u00f3n con mayor complejidad y dificultad de ejecuci\u00f3n.<\/p>\n<p>El rector de la UPO, Vicente Guzm\u00e1n, quien ha presidido la reuni\u00f3n en la UPO, ha abierto la reuni\u00f3n con palabras de apoyo e impulso a esta nueva etapa que empieza a afrontar CEI CamBio\u00a0 reafirmando su apuesta por el proyecto como instrumento fundamental dentro del contexto del \u201cHorizonte 2020\u201d destacando la fuerte capacidad del mismo para desarrollar las potencialidades en campos como la formaci\u00f3n, la investigaci\u00f3n, la transferencia y la internacionalizaci\u00f3n.<\/p>\n<p>En particular se han adquirido compromisos concretos para la constituci\u00f3n del Consorcio que gestione el Campus, para la puesta en marcha de las actividades de la Escuela Internacional de Doctorado en Estudios Medioambientales (EID-EMA), as\u00ed como de las distintas \u00e1reas de trabajo que coordinan las instituciones participantes: Excelencia y Coordinaci\u00f3n Acad\u00e9mica (UPO-CSIC), Creatividad e Innovaci\u00f3n (UHU), Internacionalizaci\u00f3n (UNIA-UCO), Emprendimiento y Empleo (UJA-UCA) y Sostenibilidad (UAL).<\/p>\n<p>Las instituciones que forman parte del CEI CamBio han manifestado su compromiso con la iniciativa y con la continuidad y el fortalecimiento de sus l\u00edneas estrat\u00e9gicas.<\/p>\n<p>&nbsp;<\/p>\n","protected":false},"excerpt":{"rendered":"<p>Los socios del Campus de Excelencia Internacional de Medio Ambiente, Biodiversidad y Cambio Global, CEI CamBio, han mantenido una reuni\u00f3n en la Universidad Pablo de Olavide de Sevilla, coordinadora del proyecto, para debatir el estado actual del CEI con el objetivo de relanzarlo tras el reciente nombramiento de Javier Escalera Reyes como nuevo director.<\/p>\n","protected":false},"author":6,"featured_media":0,"comment_status":"closed","ping_status":"open","sticky":false,"template":"","format":"standard","meta":{"_monsterinsights_skip_tracking":false,"_monsterinsights_sitenote_active":false,"_monsterinsights_sitenote_note":"","_monsterinsights_sitenote_category":0,"footnotes":""},"categories":[6],"tags":[190,224,45,733,925,56,933,38,39,106],"class_list":["post-2601785","post","type-post","status-publish","format-standard","hentry","category-institucional","tag-andalucia","tag-cei-cambio","tag-csic","tag-h2020","tag-internacionalizacion","tag-investigacion","tag-proyecto","tag-rector","tag-universidades","tag-vicente-c-guzman"],"_links":{"self":[{"href":"https:\/\/www.upo.es\/diario\/wp-json\/wp\/v2\/posts\/2601785","targetHints":{"allow":["GET"]}}],"collection":[{"href":"https:\/\/www.upo.es\/diario\/wp-json\/wp\/v2\/posts"}],"about":[{"href":"https:\/\/www.upo.es\/diario\/wp-json\/wp\/v2\/types\/post"}],"author":[{"embeddable":true,"href":"https:\/\/www.upo.es\/diario\/wp-json\/wp\/v2\/users\/6"}],"replies":[{"embeddable":true,"href":"https:\/\/www.upo.es\/diario\/wp-json\/wp\/v2\/comments?post=2601785"}],"version-history":[{"count":1,"href":"https:\/\/www.upo.es\/diario\/wp-json\/wp\/v2\/posts\/2601785\/revisions"}],"predecessor-version":[{"id":2601788,"href":"https:\/\/www.upo.es\/diario\/wp-json\/wp\/v2\/posts\/2601785\/revisions\/2601788"}],"wp:attachment":[{"href":"https:\/\/www.upo.es\/diario\/wp-json\/wp\/v2\/media?parent=2601785"}],"wp:term":[{"taxonomy":"category","embeddable":true,"href":"https:\/\/www.upo.es\/diario\/wp-json\/wp\/v2\/categories?post=2601785"},{"taxonomy":"post_tag","embeddable":true,"href":"https:\/\/www.upo.es\/diario\/wp-json\/wp\/v2\/tags?post=2601785"}],"curies":[{"name":"wp","href":"https:\/\/api.w.org\/{rel}","templated":true}]}}