{"id":26136706,"date":"2018-04-04T11:45:45","date_gmt":"2018-04-04T09:45:45","guid":{"rendered":"https:\/\/www.upo.es\/diario\/?p=26136706"},"modified":"2020-10-27T15:40:12","modified_gmt":"2020-10-27T14:40:12","slug":"el-consejo-de-gobierno-aprueba-la-nueva-politica-linguistica-de-la-universidad-pablo-de-olavide","status":"publish","type":"post","link":"https:\/\/www.upo.es\/diario\/institucional\/2018\/04\/el-consejo-de-gobierno-aprueba-la-nueva-politica-linguistica-de-la-universidad-pablo-de-olavide\/","title":{"rendered":"El Consejo de Gobierno aprueba la nueva Pol\u00edtica Ling\u00fc\u00edstica de la Universidad Pablo de Olavide"},"content":{"rendered":"<figure id=\"attachment_26137158\" aria-describedby=\"caption-attachment-26137158\" style=\"width: 320px\" class=\"wp-caption alignright\"><a href=\"https:\/\/www.upo.es\/diario\/wp-content\/uploads\/2018\/04\/Estudiantes-CUI.jpg\"><img loading=\"lazy\" decoding=\"async\" class=\"size-medium wp-image-26137158\" alt=\"Estudiantes del CUI\" src=\"https:\/\/www.upo.es\/diario\/wp-content\/uploads\/2018\/04\/Estudiantes-CUI-320x213.jpg\" width=\"320\" height=\"213\" \/><\/a><figcaption id=\"caption-attachment-26137158\" class=\"wp-caption-text\">Estudiantes del CUI<\/figcaption><\/figure>\n<p><span style=\"text-decoration: underline;\">El Consejo de Gobierno de la Universidad Pablo de Olavide, presidido por el rector <b>Vicente Guzm\u00e1n Fluja<\/b>, ha aprobado hoy mi\u00e9rcoles 4 de abril la nueva <b>Pol\u00edtica Ling\u00fc\u00edstica<\/b> para la promoci\u00f3n del pluriling\u00fcismo dentro de la comunidad universitaria.<\/span> En concreto, esta iniciativa contempla una comisi\u00f3n de pol\u00edtica ling\u00fc\u00edstica, as\u00ed como un plan de acci\u00f3n que abarca el marco temporal entre los a\u00f1os 2018 y 2020 para la promoci\u00f3n del pluriling\u00fcismo entre el alumnado, el personal docente e investigador (PDI) y el personal de administraci\u00f3n y servicios (PAS), as\u00ed como la promoci\u00f3n y ense\u00f1anza del espa\u00f1ol para el alumnado extranjero, reafirmando el trabajo que la UPO viene desarrollando desde su constituci\u00f3n.<\/p>\n<p>De esta forma, la Universidad Pablo de Olavide establece y desarrolla una pol\u00edtica ling\u00fc\u00edstica que facilita la internacionalizaci\u00f3n de su campus, de su formaci\u00f3n en grado y postgrado y fortalece las capacidades ling\u00fc\u00edsticas de su comunidad universitaria. Promover e incentivar la adquisici\u00f3n de competencias ling\u00fc\u00edsticas para el desarrollo personal y profesional es un componente estrat\u00e9gico de internacionalizaci\u00f3n, resultado de la mejora de calidad de la instituci\u00f3n universitaria. Por lo tanto, la nueva Pol\u00edtica Ling\u00fc\u00edstica de la Universidad Pablo de Olavide pretende ser una parte importante de su internacionalizaci\u00f3n dentro del \u00a0<b>Plan Estrat\u00e9gico<\/b>.<\/p>\n<p>Entre los objetivos generales que se marca la UPO con su Pol\u00edtica Ling\u00fc\u00edstica figuran: promover la ense\u00f1anza de la lengua espa\u00f1ola; incrementar las competencias ling\u00fc\u00edsticas del alumnado para mejorar su perfil profesional; impulsar el aprendizaje de otros idiomas entre el profesorado y el personal de administraci\u00f3n y servicios a trav\u00e9s de la formaci\u00f3n, la acreditaci\u00f3n y la innovaci\u00f3n; aumentar el n\u00famero de cr\u00e9ditos y titulaciones impartidas en lengua extranjera; y dotar a la Universidad de servicios de asesor\u00eda ling\u00fc\u00edstica.<\/p>\n<p>La Comisi\u00f3n de Pol\u00edtica Ling\u00fc\u00edstica de la Universidad Pablo de Olavide se conforma como un \u00f3rgano t\u00e9cnico vinculado al <b>Vicerrectorado de Internacionalizaci\u00f3n<\/b> entre cuyas funciones figuran la elaboraci\u00f3n y seguimiento del Plan de fomento del pluriling\u00fcismo y la difusi\u00f3n de la Pol\u00edtica Ling\u00fc\u00edstica y el Plan a todos los sectores de la comunidad universitaria. Adem\u00e1s, ser\u00e1 la encargada de la elaboraci\u00f3n del informe anual sobre el desarrollo del proyecto.<\/p>\n<p>La CRUE, en Asamblea General, ya aprob\u00f3 en mayo de 2017 el <b>Documento marco de pol\u00edtica ling\u00fc\u00edstica para la internacionalizaci\u00f3n del sistema universitario espa\u00f1ol<\/b>. Sin embargo, este impulso no es reciente y las universidades espa\u00f1olas no son ajenas a la necesidad de adaptarse a las demandas educativas y profesionales de un mercado global. Por ello, en todos los pa\u00edses europeos, las universidades, entre las que se incluye la UPO, ofrecen programas de instrucci\u00f3n a trav\u00e9s de ingl\u00e9s (EMI) o programas de integraci\u00f3n de contenido y lengua en la educaci\u00f3n superior (ICLHE).<\/p>\n<p>A nivel auton\u00f3mico, el <b>Plan Estrat\u00e9gico de Desarrollo de las Lenguas en Andaluc\u00eda Horizonte 2020<\/b> de la Consejer\u00eda de Educaci\u00f3n de la Junta de Andaluc\u00eda marca las l\u00edneas de actuaci\u00f3n para \u201cmejorar las pr\u00e1cticas docentes en los centros y la calidad de la ense\u00f1anza\u201d, as\u00ed como \u201capoyar la constituci\u00f3n de grupos de investigaci\u00f3n en todos los niveles educativos, con la colaboraci\u00f3n del profesorado universitario\u201d.<\/p>\n<figure id=\"attachment_26137159\" aria-describedby=\"caption-attachment-26137159\" style=\"width: 320px\" class=\"wp-caption alignright\"><a href=\"https:\/\/www.upo.es\/diario\/wp-content\/uploads\/2018\/04\/CG_04042018.jpg\"><img loading=\"lazy\" decoding=\"async\" class=\"size-medium wp-image-26137159\" alt=\"Consejo de Gobierno presidido por el rector\" src=\"https:\/\/www.upo.es\/diario\/wp-content\/uploads\/2018\/04\/CG_04042018-320x213.jpg\" width=\"320\" height=\"213\" \/><\/a><figcaption id=\"caption-attachment-26137159\" class=\"wp-caption-text\">Consejo de Gobierno presidido por el rector<\/figcaption><\/figure>\n<p>La Universidad Pablo de Olavide lleva a\u00f1os trabajando en la promoci\u00f3n del espa\u00f1ol y de otras lenguas. Desde el a\u00f1o 2002, cuenta con el Centro de Estudios para Extranjeros, pasando a denominarse <b>Centro Universitario Internacional<\/b>\u00a0(CUI) en 2010, que ofrece el Programa de Estudios Hisp\u00e1nicos de Lengua y Cultura Espa\u00f1ola entre otras actividades destinadas a facilitar el intercambio de estudiantes y de profesorado. De igual manera, el Centro de Estudios de Postgrado ofrece el <b>M\u00e1ster Oficial de Ense\u00f1anza del Espa\u00f1ol como Segunda Lengua <\/b>y la UPO organiza desde 2016 los <b>Cursos de Espa\u00f1ol para personas refugiadas e inmigrantes<\/b>. Asimismo, la Universidad ofrece el Grado en Administraci\u00f3n y Direcci\u00f3n de Empresas (ADE) en ingl\u00e9s, el Doble Grado en ADE en ingl\u00e9s y Derecho y el Doble Grado Internacional Derecho y Bachelor of Laws junto con la Universidad de Bayreuth (Alemania), el Grado Traducci\u00f3n e Interpretaci\u00f3n (Ingl\u00e9s, Franc\u00e9s y Alem\u00e1n) y el Doble Grado en Traducci\u00f3n e Interpretaci\u00f3n (Alem\u00e1n y Franc\u00e9s) y Relaciones Internacionales.<\/p>\n<p>Por otra parte, el <b>Servicio de Idiomas<\/b> de la Universidad Pablo de Olavide es centro examinador de ACLES, TOEIC, APTIS y de la Agencia Andaluza del Conocimiento y centro colaborador de la Universidad de Cambridge desde 2015, adem\u00e1s de ofrecer cursos de idiomas \u2013ingl\u00e9s, franc\u00e9s, alem\u00e1n, portugu\u00e9s, chino y japon\u00e9s- de diversa duraci\u00f3n y niveles.<\/p>\n<p>En cuanto al PDI, la UPO organiza <b>cursos de idiomas para el profesorado<\/b> que imparte cr\u00e9ditos en una lengua diferente del espa\u00f1ol, as\u00ed como cursos espec\u00edficos de \u201cTeaching in English\u201d en cuanto a competencias did\u00e1cticas. Adem\u00e1s, su personal investigador desarrolla trabajos en materia de pluriling\u00fcismo e innovaci\u00f3n docente en la ense\u00f1anza de segundas lenguas e imparte docencia en el <b>M\u00e1ster de Ense\u00f1anza Biling\u00fce<\/b>. Finalmente, se ha incluido en el plan de formaci\u00f3n del PAS una l\u00ednea formativa en ingl\u00e9s.<\/p>\n","protected":false},"excerpt":{"rendered":"<p>El Consejo de Gobierno de la Universidad Pablo de Olavide, presidido por el rector Vicente Guzm\u00e1n Fluja, ha aprobado la nueva Pol\u00edtica Ling\u00fc\u00edstica para la promoci\u00f3n del pluriling\u00fcismo dentro de la comunidad universitaria. En concreto, esta iniciativa contempla una comisi\u00f3n de pol\u00edtica ling\u00fc\u00edstica, as\u00ed como un plan de acci\u00f3n que abarca el marco temporal entre los a\u00f1os 2018 y 2020 para la promoci\u00f3n del pluriling\u00fcismo entre el alumnado, el personal docente e investigador (PDI) y el personal de administraci\u00f3n y servicios (PAS), as\u00ed como la promoci\u00f3n y ense\u00f1anza del espa\u00f1ol para el alumnado extranjero, reafirmando el trabajo que la UPO viene desarrollando desde su constituci\u00f3n.<\/p>\n","protected":false},"author":14,"featured_media":0,"comment_status":"closed","ping_status":"open","sticky":false,"template":"","format":"standard","meta":{"_monsterinsights_skip_tracking":false,"_monsterinsights_sitenote_active":false,"_monsterinsights_sitenote_note":"","_monsterinsights_sitenote_category":0,"footnotes":""},"categories":[6],"tags":[2702,2623,102,4874,35,682,1218,550,4873,4872,38],"class_list":["post-26136706","post","type-post","status-publish","format-standard","hentry","category-institucional","tag-alumnado","tag-comunidad-universitaria","tag-consejo-de-gobierno","tag-ensenanza-de-espanol","tag-idiomas","tag-pas","tag-pdi","tag-plan-estrategico","tag-plurilinguismo","tag-politica-linguistica","tag-rector"],"_links":{"self":[{"href":"https:\/\/www.upo.es\/diario\/wp-json\/wp\/v2\/posts\/26136706","targetHints":{"allow":["GET"]}}],"collection":[{"href":"https:\/\/www.upo.es\/diario\/wp-json\/wp\/v2\/posts"}],"about":[{"href":"https:\/\/www.upo.es\/diario\/wp-json\/wp\/v2\/types\/post"}],"author":[{"embeddable":true,"href":"https:\/\/www.upo.es\/diario\/wp-json\/wp\/v2\/users\/14"}],"replies":[{"embeddable":true,"href":"https:\/\/www.upo.es\/diario\/wp-json\/wp\/v2\/comments?post=26136706"}],"version-history":[{"count":1,"href":"https:\/\/www.upo.es\/diario\/wp-json\/wp\/v2\/posts\/26136706\/revisions"}],"predecessor-version":[{"id":30862853,"href":"https:\/\/www.upo.es\/diario\/wp-json\/wp\/v2\/posts\/26136706\/revisions\/30862853"}],"wp:attachment":[{"href":"https:\/\/www.upo.es\/diario\/wp-json\/wp\/v2\/media?parent=26136706"}],"wp:term":[{"taxonomy":"category","embeddable":true,"href":"https:\/\/www.upo.es\/diario\/wp-json\/wp\/v2\/categories?post=26136706"},{"taxonomy":"post_tag","embeddable":true,"href":"https:\/\/www.upo.es\/diario\/wp-json\/wp\/v2\/tags?post=26136706"}],"curies":[{"name":"wp","href":"https:\/\/api.w.org\/{rel}","templated":true}]}}