{"id":26141207,"date":"2018-04-05T04:40:26","date_gmt":"2018-04-05T04:40:26","guid":{"rendered":"https:\/\/www.upo.es\/diario\/?p=26141207"},"modified":"2018-04-06T13:10:47","modified_gmt":"2018-04-06T13:10:47","slug":"la-upo-organiza-unas-jornadas-de-sensibilizacion-sobre-la-lengua-de-signos-espanola","status":"publish","type":"post","link":"https:\/\/www.upo.es\/diario\/institucional\/2018\/04\/la-upo-organiza-unas-jornadas-de-sensibilizacion-sobre-la-lengua-de-signos-espanola\/","title":{"rendered":"La UPO organiza unas jornadas de sensibilizaci\u00f3n sobre la Lengua de Signos Espa\u00f1ola"},"content":{"rendered":"<figure id=\"attachment_26147921\" aria-describedby=\"caption-attachment-26147921\" style=\"width: 320px\" class=\"wp-caption alignright\"><a href=\"https:\/\/www.upo.es\/diario\/wp-content\/uploads\/2018\/04\/JLenguajeSignos5.jpg\"><img loading=\"lazy\" decoding=\"async\" class=\"size-medium wp-image-26147921\" alt=\"Participantes de las Jornadas en los talleres\" src=\"https:\/\/www.upo.es\/diario\/wp-content\/uploads\/2018\/04\/JLenguajeSignos5-320x213.jpg\" width=\"320\" height=\"213\" srcset=\"https:\/\/www.upo.es\/diario\/wp-content\/uploads\/2018\/04\/JLenguajeSignos5-320x213.jpg 320w, https:\/\/www.upo.es\/diario\/wp-content\/uploads\/2018\/04\/JLenguajeSignos5-600x400.jpg 600w\" sizes=\"auto, (max-width: 320px) 100vw, 320px\" \/><\/a><figcaption id=\"caption-attachment-26147921\" class=\"wp-caption-text\">Participantes de las Jornadas en los talleres<\/figcaption><\/figure>\n<p style=\"text-align: justify;\">Las <b>IV Jornadas de Lengua de Signos: Sensibilizaci\u00f3n y Docencia Universitaria<\/b> tienen lugar hoy jueves y ma\u00f1ana viernes 6 de abril en el campus de la UPO. Organizadas por la Asociaci\u00f3n Universitaria para el Estudio de las Lengua de Signos (AUELS_UPO), la Direcci\u00f3n General de Formaci\u00f3n e Innovaci\u00f3n Docente, el Departamento de Filolog\u00eda y Traducci\u00f3n y la Facultad de Humanidades de la Universidad Pablo de Olavide, as\u00ed como el Departamento de Lengua Espa\u00f1ola, Ling\u00fc\u00edstica y Teor\u00eda de la Literatura y la Facultad de Filolog\u00eda de la Universidad de Sevilla, las jornadas tienen como objetivos sensibilizar e impulsar el uso de la Lengua de Signos Espa\u00f1ola (LSE), as\u00ed como reflexionar sobre su situaci\u00f3n en la docencia universitaria.<\/p>\n<p style=\"text-align: justify;\">Para ello han sido programados talleres, cinef\u00f3rums, conferencias y coloquios con el fin de concienciar sobre la importancia que tiene, para las personas sordas y sordo-ciegas, que la sociedad tenga en cuenta la LSE para la mejora de su calidad de vida. Habr\u00e1 talleres por la ma\u00f1ana sobre la historia de la educaci\u00f3n de las personas sordas, los mitos y prejuicios que existen en la sociedad sobre esta lengua y c\u00f3mo combatirlos; sobre el uso del alfabeto dactilol\u00f3gico o alfabeto manual; y sobre c\u00f3mo comunicarse y guiar a personas sordo-ciegas.<\/p>\n<p style=\"text-align: justify;\">Las conferencias tendr\u00e1n lugar por la tarde, desde las 16 horas en la sala de grados de la Biblioteca. Expertos en LSE expondr\u00e1n los resultados de sus investigaciones en temas como la e-Inclusi\u00f3n para la formaci\u00f3n de personas sordas, las canciones como v\u00eda de normalizaci\u00f3n de las lenguas de signos o la importancia de la evaluaci\u00f3n de su desarrollo temprano. Las ponencias \u2018La lengua de signos como grado universitario: de utop\u00eda a realidad\u2019 y \u2018Experiencias del primer y \u00fanico m\u00e1ster oficial de LSE\u2019 abordar\u00e1n el lugar de estas lenguas en la educaci\u00f3n superior.<\/p>\n<p style=\"text-align: justify;\">Han colaborado en la organizaci\u00f3n de estas jornadas la Asociaci\u00f3n Cultural de Integraci\u00f3n Sordo-Oyente (ACISO); la Asociaci\u00f3n Espa\u00f1ola de Familias con Personas con Sordoceguera (APASCIDE); ESN-UPO; la Fundaci\u00f3n Andaluza Accesibilidad y Personas Sordas (FAAC); la Red Interuniversitaria para la Investigaci\u00f3n y la Docencia de la Lengua de Signos o Se\u00f1as (RIID) as\u00ed como las universidades de Alicante y Rey Juan Carlos.<\/p>\n<figure id=\"attachment_26141653\" aria-describedby=\"caption-attachment-26141653\" style=\"width: 320px\" class=\"wp-caption aligncenter\"><a href=\"https:\/\/www.upo.es\/diario\/wp-content\/uploads\/2018\/04\/14106362725_ff8fe1db83_z.jpg\"><img loading=\"lazy\" decoding=\"async\" class=\"size-medium wp-image-26141653\" alt=\"La palabra 'Amigo' en varias lenguas de signos (ingl\u00e9s, espa\u00f1ol, franc\u00e9s y catal\u00e1n)\" src=\"https:\/\/www.upo.es\/diario\/wp-content\/uploads\/2018\/04\/14106362725_ff8fe1db83_z-320x65.jpg\" width=\"320\" height=\"65\" srcset=\"https:\/\/www.upo.es\/diario\/wp-content\/uploads\/2018\/04\/14106362725_ff8fe1db83_z-320x65.jpg 320w, https:\/\/www.upo.es\/diario\/wp-content\/uploads\/2018\/04\/14106362725_ff8fe1db83_z-600x122.jpg 600w, https:\/\/www.upo.es\/diario\/wp-content\/uploads\/2018\/04\/14106362725_ff8fe1db83_z.jpg 640w\" sizes=\"auto, (max-width: 320px) 100vw, 320px\" \/><\/a><figcaption id=\"caption-attachment-26141653\" class=\"wp-caption-text\">La palabra &#8216;Amigo&#8217; en varias lenguas de signos (ingl\u00e9s, espa\u00f1ol, franc\u00e9s y catal\u00e1n) \/ Marina del Castell<\/figcaption><\/figure>\n<ul>\n<li><a href=\"https:\/\/www.upo.es\/upo_opencms\/export\/sites\/upo\/Galerias\/Descargas\/InfoEstudiantes\/programa-lengua-signos.pdf\">IV Jornadas de Lengua de Signos: Sensibilizaci\u00f3n y Docencia Universitaria \u2013 Programa (pdf)<\/a><\/li>\n<\/ul>\n<p><a title=\"IV Jornadas de Lengua de Signos: Sensibilizaci\u00f3n y Docencia Universitaria\" href=\"https:\/\/www.flickr.com\/photos\/pablodeolavide\/albums\/72157693509075321\" data-flickr-embed=\"true\" data-header=\"true\"><img loading=\"lazy\" decoding=\"async\" alt=\"IV Jornadas de Lengua de Signos: Sensibilizaci\u00f3n y Docencia Universitaria\" src=\"https:\/\/farm1.staticflickr.com\/881\/27378166568_99941b436c_z.jpg\" width=\"640\" height=\"427\" \/><\/a><script charset=\"utf-8\" type=\"text\/javascript\" src=\"\/\/embedr.flickr.com\/assets\/client-code.js\" async=\"\"><\/script><\/p>\n","protected":false},"excerpt":{"rendered":"<p>Organizadas por la Asociaci\u00f3n Universitaria para el Estudio de las Lengua de Signos (AUELS_UPO), la Direcci\u00f3n General de Formaci\u00f3n e Innovaci\u00f3n Docente, el Departamento de Filolog\u00eda y Traducci\u00f3n y la Facultad de Humanidades de la Universidad Pablo de Olavide, as\u00ed como el Departamento de Lengua Espa\u00f1ola, Ling\u00fc\u00edstica y Teor\u00eda de la Literatura y la Facultad de Filolog\u00eda de la Universidad de Sevilla, las jornadas tienen como objetivos sensibilizar e impulsar el uso de la Lengua de Signos Espa\u00f1ola (LSE) y reflexionar sobre su situaci\u00f3n en la docencia universitaria.  <\/p>\n","protected":false},"author":6,"featured_media":0,"comment_status":"closed","ping_status":"open","sticky":false,"template":"","format":"standard","meta":{"_monsterinsights_skip_tracking":false,"_monsterinsights_sitenote_active":false,"_monsterinsights_sitenote_note":"","_monsterinsights_sitenote_category":0,"footnotes":""},"categories":[6],"tags":[],"class_list":["post-26141207","post","type-post","status-publish","format-standard","hentry","category-institucional"],"_links":{"self":[{"href":"https:\/\/www.upo.es\/diario\/wp-json\/wp\/v2\/posts\/26141207","targetHints":{"allow":["GET"]}}],"collection":[{"href":"https:\/\/www.upo.es\/diario\/wp-json\/wp\/v2\/posts"}],"about":[{"href":"https:\/\/www.upo.es\/diario\/wp-json\/wp\/v2\/types\/post"}],"author":[{"embeddable":true,"href":"https:\/\/www.upo.es\/diario\/wp-json\/wp\/v2\/users\/6"}],"replies":[{"embeddable":true,"href":"https:\/\/www.upo.es\/diario\/wp-json\/wp\/v2\/comments?post=26141207"}],"version-history":[{"count":8,"href":"https:\/\/www.upo.es\/diario\/wp-json\/wp\/v2\/posts\/26141207\/revisions"}],"predecessor-version":[{"id":26148829,"href":"https:\/\/www.upo.es\/diario\/wp-json\/wp\/v2\/posts\/26141207\/revisions\/26148829"}],"wp:attachment":[{"href":"https:\/\/www.upo.es\/diario\/wp-json\/wp\/v2\/media?parent=26141207"}],"wp:term":[{"taxonomy":"category","embeddable":true,"href":"https:\/\/www.upo.es\/diario\/wp-json\/wp\/v2\/categories?post=26141207"},{"taxonomy":"post_tag","embeddable":true,"href":"https:\/\/www.upo.es\/diario\/wp-json\/wp\/v2\/tags?post=26141207"}],"curies":[{"name":"wp","href":"https:\/\/api.w.org\/{rel}","templated":true}]}}