{"id":26191367,"date":"2018-04-09T23:22:13","date_gmt":"2018-04-09T23:22:13","guid":{"rendered":"https:\/\/www.upo.es\/diario\/?p=26191367"},"modified":"2020-10-27T13:36:45","modified_gmt":"2020-10-27T12:36:45","slug":"la-universidad-pablo-de-olavide-comienza-hoy-en-roma-la-sexta-campana-de-excavaciones-en-villa-adriana","status":"publish","type":"post","link":"https:\/\/www.upo.es\/diario\/institucional\/2018\/04\/la-universidad-pablo-de-olavide-comienza-hoy-en-roma-la-sexta-campana-de-excavaciones-en-villa-adriana\/","title":{"rendered":"La Universidad Pablo de Olavide comienza en Roma la sexta campa\u00f1a de excavaciones en Villa Adriana"},"content":{"rendered":"<figure id=\"attachment_26191368\" aria-describedby=\"caption-attachment-26191368\" style=\"width: 320px\" class=\"wp-caption alignright\"><a href=\"https:\/\/www.upo.es\/diario\/wp-content\/uploads\/2018\/04\/excavacion-Palazzo-Villa_Adriana.jpg\"><img loading=\"lazy\" decoding=\"async\" class=\"size-medium wp-image-26191368\" alt=\"Excavaci\u00f3n en el &quot;Palazzo&quot; de Villa Adriana\" src=\"https:\/\/www.upo.es\/diario\/wp-content\/uploads\/2018\/04\/excavacion-Palazzo-Villa_Adriana-320x212.jpg\" width=\"320\" height=\"212\" \/><\/a><figcaption id=\"caption-attachment-26191368\" class=\"wp-caption-text\">Excavaci\u00f3n en el \u00abPalazzo\u00bb de Villa Adriana<\/figcaption><\/figure>\n<p><span style=\"text-decoration: underline;\">El <b><a href=\"https:\/\/www.upo.es\/arqueologia\/villa_adriana\/\">Seminario de Arqueolog\u00eda<\/a><\/b> de la Universidad Pablo de Olavide ha iniciado hoy lunes, 9 de abril, una nueva campa\u00f1a de excavaci\u00f3n arqueol\u00f3gica en <b>Villa Adriana (T\u00edvoli, Roma<\/b>) que se prolongar\u00e1 hasta el 26 de abril en la sexta campa\u00f1a de excavaciones en el \u201cPalazzo\u201d, primer palacio construido por el emperador Adriano en la Villa romana.<\/span> De esta forma, se retoma el proyecto internacional de investigaci\u00f3n sobre Villa Adriana que el Seminario emprendi\u00f3 en el a\u00f1o 2003 a petici\u00f3n y en colaboraci\u00f3n con la <i>Soprintendenza per i Beni Archeologici del Lazio<\/i> del Ministerio de Cultura de Italia gracias a un nuevo acuerdo de colaboraci\u00f3n con el Instituto de Villa Adriana y Villa d\u00b4Este.<\/p>\n<p>El equipo responsable de los trabajos de la campa\u00f1a de 2018 est\u00e1 integrado por personal de investigaci\u00f3n del Seminario de Arqueolog\u00eda y por estudiantes de grado, m\u00e1ster y doctorado de la Facultad de Humanidades de la Universidad Pablo de Olavide. Adem\u00e1s, cuenta con la colaboraci\u00f3n de personal investigador de otras universidades espa\u00f1olas y de la <b>Escuela Espa\u00f1ola de Historia y Arqueolog\u00eda de Roma (CSIC)<\/b>, as\u00ed como de expertos italianos adscritos a la <b>Universidad de Tor Vergata<\/b> y de la <b>Sapienza de Roma<\/b>, seg\u00fan indica el director de este proyecto y profesor de Arqueolog\u00eda de la UPO, <b>Rafael Hidalgo Prieto<\/b>.<\/p>\n<p>La campa\u00f1a que ahora se inicia parte de la experiencia previa de m\u00e1s de diez a\u00f1os de investigaci\u00f3n centrada en el estudio del Teatro Greco de Villa Adriana, que ha proporcionado como resultado cient\u00edfico una monograf\u00eda sobre las primeras campa\u00f1as de excavaci\u00f3n y diversos trabajos espec\u00edficos sobre este importante monumento, recuperado gracias al trabajo del equipo de investigaci\u00f3n de la UPO.<\/p>\n<p>El \u201cPalazzo\u201d de Villa Adriana constituye un complejo de gran inter\u00e9s para el conocimiento de este importante enclave arqueol\u00f3gico. Se trata de la primera zona residencial con que cont\u00f3 el emperador en la Villa, que se mantuvo en uso durante toda la vida del conjunto y en la que adem\u00e1s se asienta la llamada \u201cvilla republicana\u201d, un edificio preexistente que fue en parte respetado por el emperador y englobado en la nueva edificaci\u00f3n. <span style=\"text-decoration: underline;\">En concreto en esta campa\u00f1a, la excavaci\u00f3n arqueol\u00f3gica se centrar\u00e1 en ajustar la definici\u00f3n arquitect\u00f3nica de dos de los grandes patios porticados con que contaba el conjunto: en uno de ellos se excavar\u00e1 un estanque perimetral que circunda al menos tres de los cuatro lados del patio y que se mantiene en uso desde la primigenia villa republicana; y, por otra parte, se definir\u00e1 el patrio contiguo, conocido por la cartograf\u00eda hist\u00f3rica de la villa pero del que no queda nada pr\u00e1cticamente a la vista en la actualidad.<\/span><\/p>\n<p>El Ministerio de Cultura, con la participaci\u00f3n de la Facultad de Humanidades y los proyectos de investigaci\u00f3n del Seminario de Arqueolog\u00eda de la UPO financian estos trabajos, prueba del compromiso y apuesta de esta Universidad por la investigaci\u00f3n de calidad y excelencia.<\/p>\n<p>Este proyecto es el \u00fanico en que un equipo espa\u00f1ol trabaja en Villa Adriana, uno de los m\u00e1s importantes yacimientos existentes en Roma, declarado Patrimonio de la Humanidad. Adem\u00e1s, se trata del \u00fanico equipo extranjero que en la actualidad mantiene un proyecto de excavaci\u00f3n arqueol\u00f3gica consolidado en esta Villa.<\/p>\n","protected":false},"excerpt":{"rendered":"<p>El Seminario de Arqueolog\u00eda de la Universidad Pablo de Olavide ha iniciado una nueva campa\u00f1a de excavaci\u00f3n arqueol\u00f3gica en Villa Adriana (T\u00edvoli, Roma) que se prolongar\u00e1 hasta el 26 de abril en la sexta campa\u00f1a de excavaciones en el \u201cPalazzo\u201d, primer palacio construido por el emperador Adriano en la Villa romana. El equipo responsable de los trabajos est\u00e1 integrado por personal de investigaci\u00f3n del Seminario de Arqueolog\u00eda y por estudiantes de grado, m\u00e1ster y doctorado de la Facultad de Humanidades de la UPO.<\/p>\n","protected":false},"author":14,"featured_media":0,"comment_status":"closed","ping_status":"open","sticky":false,"template":"","format":"standard","meta":{"_monsterinsights_skip_tracking":false,"_monsterinsights_sitenote_active":false,"_monsterinsights_sitenote_note":"","_monsterinsights_sitenote_category":0,"footnotes":""},"categories":[6],"tags":[2240,4893,4367,96,4894,1262,1770,1768],"class_list":["post-26191367","post","type-post","status-publish","format-standard","hentry","category-institucional","tag-adriano","tag-escuela-espanola-de-historia-y-arqueologia-de-roma","tag-excavacion-arqueologica","tag-facultad-de-humanidades","tag-rafael-hidalgo-prieto","tag-roma","tag-seminario-de-arqueologia","tag-villa-adriana-de-tivoli"],"_links":{"self":[{"href":"https:\/\/www.upo.es\/diario\/wp-json\/wp\/v2\/posts\/26191367","targetHints":{"allow":["GET"]}}],"collection":[{"href":"https:\/\/www.upo.es\/diario\/wp-json\/wp\/v2\/posts"}],"about":[{"href":"https:\/\/www.upo.es\/diario\/wp-json\/wp\/v2\/types\/post"}],"author":[{"embeddable":true,"href":"https:\/\/www.upo.es\/diario\/wp-json\/wp\/v2\/users\/14"}],"replies":[{"embeddable":true,"href":"https:\/\/www.upo.es\/diario\/wp-json\/wp\/v2\/comments?post=26191367"}],"version-history":[{"count":2,"href":"https:\/\/www.upo.es\/diario\/wp-json\/wp\/v2\/posts\/26191367\/revisions"}],"predecessor-version":[{"id":26201315,"href":"https:\/\/www.upo.es\/diario\/wp-json\/wp\/v2\/posts\/26191367\/revisions\/26201315"}],"wp:attachment":[{"href":"https:\/\/www.upo.es\/diario\/wp-json\/wp\/v2\/media?parent=26191367"}],"wp:term":[{"taxonomy":"category","embeddable":true,"href":"https:\/\/www.upo.es\/diario\/wp-json\/wp\/v2\/categories?post=26191367"},{"taxonomy":"post_tag","embeddable":true,"href":"https:\/\/www.upo.es\/diario\/wp-json\/wp\/v2\/tags?post=26191367"}],"curies":[{"name":"wp","href":"https:\/\/api.w.org\/{rel}","templated":true}]}}