{"id":26191371,"date":"2018-04-10T00:02:01","date_gmt":"2018-04-09T22:02:01","guid":{"rendered":"https:\/\/www.upo.es\/diario\/?p=26191371"},"modified":"2020-10-27T15:40:39","modified_gmt":"2020-10-27T14:40:39","slug":"la-upo-organiza-manana-martes-las-jornadas-conflictos-armados-y-reparacion-a-las-victimas","status":"publish","type":"post","link":"https:\/\/www.upo.es\/diario\/institucional\/2018\/04\/la-upo-organiza-manana-martes-las-jornadas-conflictos-armados-y-reparacion-a-las-victimas\/","title":{"rendered":"La UPO organiza las Jornadas \u201cConflictos armados y reparaci\u00f3n a las v\u00edctimas\u201d"},"content":{"rendered":"<p><a href=\"https:\/\/www.upo.es\/diario\/wp-content\/uploads\/2018\/04\/Jorn-Conflictos-Armados_2018_04_10_27.jpg\"><img loading=\"lazy\" decoding=\"async\" class=\"aligncenter size-large wp-image-26201313\" alt=\"Jorn-Conflictos-Armados_2018_04_10_27\" src=\"https:\/\/www.upo.es\/diario\/wp-content\/uploads\/2018\/04\/Jorn-Conflictos-Armados_2018_04_10_27-600x400.jpg\" width=\"600\" height=\"400\" srcset=\"https:\/\/www.upo.es\/diario\/wp-content\/uploads\/2018\/04\/Jorn-Conflictos-Armados_2018_04_10_27-600x400.jpg 600w, https:\/\/www.upo.es\/diario\/wp-content\/uploads\/2018\/04\/Jorn-Conflictos-Armados_2018_04_10_27-320x213.jpg 320w\" sizes=\"auto, (max-width: 600px) 100vw, 600px\" \/><\/a>La vicerrectora de Internacionalizaci\u00f3n de la Universidad Pablo de Olavide, <b>Isabel Victoria Lucena Cid<\/b>, ha inaugurado hoy martes en la Sala de Grados de la Biblioteca las <b>Jornadas \u201cConflictos armados y reparaci\u00f3n a las v\u00edctimas\u201d<\/b> que se desarrollan en el marco del Proyecto \u201cColombia: Postconflicto con las FARC y reparaci\u00f3n integral del da\u00f1o causado a las mujeres v\u00edctimas en el marco de los Derechos Humanos\u201d que subvenciona la <b>Agencia Andaluza de Cooperaci\u00f3n Internacional para el Desarrollo<\/b> (AACID).<\/p>\n<p><a href=\"https:\/\/www.upo.es\/diario\/wp-content\/uploads\/2018\/04\/D\u00edptico_Jornadas_Conflictos_Reparaci\u00f3n_P\u00e1gina_1.jpg\"><img loading=\"lazy\" decoding=\"async\" class=\"alignright size-medium wp-image-26191372\" alt=\"D\u00edptico_Jornadas_Conflictos_Reparaci\u00f3n_P\u00e1gina_1\" src=\"https:\/\/www.upo.es\/diario\/wp-content\/uploads\/2018\/04\/D\u00edptico_Jornadas_Conflictos_Reparaci\u00f3n_P\u00e1gina_1-226x320.jpg\" width=\"226\" height=\"320\" \/><\/a>Estas jornadas, organizadas por la Universidad Pablo de Olavide y la <b>Universidad Pontificia Bolivariana<\/b> (Colombia) adem\u00e1s de la AACID y con la colaboraci\u00f3n del <b>Instituto Joaqu\u00edn Herrera Flores<\/b>, se centrar\u00e1n en cuestiones relativas a los contextos de los conflictos armados y c\u00f3mo estos afectan a la poblaci\u00f3n m\u00e1s cercana. Bajo la consideraci\u00f3n de que en toda confrontaci\u00f3n armada interna, la primera v\u00edctima es la poblaci\u00f3n civil, que sufre m\u00faltiples formas de violaci\u00f3n de sus derechos, este foro analizar\u00e1 la condici\u00f3n de toda guerra de conocer su comienzo pero de la que nadie puede asegurar c\u00f3mo va a terminar y cu\u00e1l ser\u00e1 la condici\u00f3n de sus v\u00edctimas, a\u00fan menos qui\u00e9n responder\u00e1 por los da\u00f1os causados, tanto en sus bienes materiales como en la integridad de las personas supervivientes.<\/p>\n<p>Los coordinadores de las Jornadas son los profesores <b>Antonio I\u00e1\u00f1ez Dom\u00ednguez<\/b> y <b>Ra\u00fal \u00c1lvarez P\u00e9rez<\/b> del Departamento de Trabajo Social y Servicios Sociales de la Universidad Pablo de Olavide, que han planteado este foro como un espacio de reflexi\u00f3n para dar a conocer la experiencia de lo ocurrido en cuanto a la reparaci\u00f3n a las v\u00edctimas, pasados siete a\u00f1os de la publicaci\u00f3n de la Ley 1448 de 2011 y la negociaci\u00f3n en La Habana con la guerrilla m\u00e1s antigua de Am\u00e9rica \u2013FARC-. Sin duda, el debate ser\u00e1 enriquecido por el conocimiento y la experiencia que aporta la perspectiva de g\u00e9nero, imprescindible para saber qu\u00e9 ha pasado con las mujeres v\u00edctimas y cu\u00e1les son las demandas particulares para su reparaci\u00f3n integral.<\/p>\n<p>El proyecto \u201cColombia: Postconflicto con las FARC y reparaci\u00f3n integral del da\u00f1o causado a las mujeres v\u00edctimas en el marco de los Derechos Humanos\u201d, cuyo investigador principal es el profesor Antonio I\u00e1\u00f1ez Dom\u00ednguez, pretende evaluar el impacto de la pol\u00edtica de reparaci\u00f3n integral en un grupo de mujeres v\u00edctimas del desplazamiento forzado como consecuencia de las acciones ejercidas por las FARC.<\/p>\n<ul>\n<li>Programa completo de las <a href=\"https:\/\/joaquinherreraflores.org\/content\/noticias\/sevilla-jornadas-conflictos-armados-y-reparacion-las-victimas-en-la-upo\">Jornadas \u201cConflictos armadas y reparaci\u00f3n a las v\u00edctimas\u201d<\/a>.<\/li>\n<\/ul>\n","protected":false},"excerpt":{"rendered":"<p>Estas jornadas, organizadas por la Universidad Pablo de Olavide y la Universidad Pontificia Bolivariana (Colombia) adem\u00e1s de la AACID y con la colaboraci\u00f3n del Instituto Joaqu\u00edn Herrera Flores, se centran en cuestiones relativas a los contextos de los conflictos armados y c\u00f3mo estos afectan a la poblaci\u00f3n m\u00e1s cercana. <\/p>\n","protected":false},"author":14,"featured_media":0,"comment_status":"closed","ping_status":"open","sticky":false,"template":"","format":"standard","meta":{"_monsterinsights_skip_tracking":false,"_monsterinsights_sitenote_active":false,"_monsterinsights_sitenote_note":"","_monsterinsights_sitenote_category":0,"footnotes":""},"categories":[6],"tags":[4507,4898,125,946,4895,92,4896,4641,84,1053,4897],"class_list":["post-26191371","post","type-post","status-publish","format-standard","hentry","category-institucional","tag-aacid","tag-antonio-ianez-dominguez","tag-biblioteca","tag-colombia","tag-conflictos-armados","tag-derechos-humanos","tag-farc","tag-instituto-joaquin-herrera-flores","tag-jornadas","tag-mujeres","tag-universidad-pontificia-bolivariana"],"_links":{"self":[{"href":"https:\/\/www.upo.es\/diario\/wp-json\/wp\/v2\/posts\/26191371","targetHints":{"allow":["GET"]}}],"collection":[{"href":"https:\/\/www.upo.es\/diario\/wp-json\/wp\/v2\/posts"}],"about":[{"href":"https:\/\/www.upo.es\/diario\/wp-json\/wp\/v2\/types\/post"}],"author":[{"embeddable":true,"href":"https:\/\/www.upo.es\/diario\/wp-json\/wp\/v2\/users\/14"}],"replies":[{"embeddable":true,"href":"https:\/\/www.upo.es\/diario\/wp-json\/wp\/v2\/comments?post=26191371"}],"version-history":[{"count":5,"href":"https:\/\/www.upo.es\/diario\/wp-json\/wp\/v2\/posts\/26191371\/revisions"}],"predecessor-version":[{"id":30862431,"href":"https:\/\/www.upo.es\/diario\/wp-json\/wp\/v2\/posts\/26191371\/revisions\/30862431"}],"wp:attachment":[{"href":"https:\/\/www.upo.es\/diario\/wp-json\/wp\/v2\/media?parent=26191371"}],"wp:term":[{"taxonomy":"category","embeddable":true,"href":"https:\/\/www.upo.es\/diario\/wp-json\/wp\/v2\/categories?post=26191371"},{"taxonomy":"post_tag","embeddable":true,"href":"https:\/\/www.upo.es\/diario\/wp-json\/wp\/v2\/tags?post=26191371"}],"curies":[{"name":"wp","href":"https:\/\/api.w.org\/{rel}","templated":true}]}}