{"id":26193644,"date":"2018-04-11T01:01:20","date_gmt":"2018-04-11T01:01:20","guid":{"rendered":"https:\/\/www.upo.es\/diario\/?p=26193644"},"modified":"2018-04-12T07:21:08","modified_gmt":"2018-04-12T07:21:08","slug":"manana-comienza-la-vii-edicion-de-las-jornadas-nuestros-nombres-nuestra-historia","status":"publish","type":"post","link":"https:\/\/www.upo.es\/diario\/institucional\/2018\/04\/manana-comienza-la-vii-edicion-de-las-jornadas-nuestros-nombres-nuestra-historia\/","title":{"rendered":"El alumnado del Aula Abierta de Mayores asiste a las Jornadas \u2018Nuestros nombres, nuestra historia\u2019"},"content":{"rendered":"<figure id=\"attachment_26222178\" aria-describedby=\"caption-attachment-26222178\" style=\"width: 600px\" class=\"wp-caption aligncenter\"><a href=\"https:\/\/www.upo.es\/diario\/wp-content\/uploads\/2018\/04\/Jorn-Culturales-AAM_2018.jpg\"><img loading=\"lazy\" decoding=\"async\" class=\"size-large wp-image-26222178\" alt=\"Asistentes a las Jornadas en el Paraninfo\" src=\"https:\/\/www.upo.es\/diario\/wp-content\/uploads\/2018\/04\/Jorn-Culturales-AAM_2018-600x400.jpg\" width=\"600\" height=\"400\" srcset=\"https:\/\/www.upo.es\/diario\/wp-content\/uploads\/2018\/04\/Jorn-Culturales-AAM_2018-600x400.jpg 600w, https:\/\/www.upo.es\/diario\/wp-content\/uploads\/2018\/04\/Jorn-Culturales-AAM_2018-320x213.jpg 320w\" sizes=\"auto, (max-width: 600px) 100vw, 600px\" \/><\/a><figcaption id=\"caption-attachment-26222178\" class=\"wp-caption-text\">Exposici\u00f3n de &#8216;Un Paseo por la historia de la Puebla de Cazalla&#8217;<\/figcaption><\/figure>\n<p>Alumnos y alumnas de las diecinueve sedes que el Aula Abierta de Mayores de la Universidad Pablo de Olavide tiene en la provincia de Sevilla asisten, hasta ma\u00f1ana jueves 12 de abril en el Paraninfo, a la <b>s\u00e9ptima edici\u00f3n de las Jornadas Culturales \u2018Nuestros nombres, nuestra historia\u2019<\/b>. Durante esta semana han sido programados en el campus, adem\u00e1s de las presentaciones sobre el an\u00e1lisis de los nombres y denominaciones de lugares de especial relevancia en los pueblos de Sevilla, actividades culturales en horario de tarde, con la participaci\u00f3n de la Orquesta Barroca \u201cCrist\u00f3bal de Morales\u201d, la compa\u00f1\u00eda Gurumb\u00e9 y los grupos \u201cLa Cortes\u00eda\u201d y South Gospel de Sevilla.<\/p>\n<p>El alumnado del Aula Abierta de Mayores ser\u00e1 el protagonista de estas Jornadas, ya que ser\u00e1n representantes de cada sede quienes expondr\u00e1n los trabajos realizados sobre la geograf\u00eda y la historia de sus municipios al resto de compa\u00f1eros y compa\u00f1eras. Estas Jornadas se sit\u00faan en el marco del \u201cPrograma de Envejecimiento Activo y Solidaridad Intergeneracional\u201d y tienen como objetivo dotar de un espacio com\u00fan a las sedes del Aula Abierta de Mayores de la UPO, facilitando la convivencia y el intercambio de experiencias, adem\u00e1s de fomentar acciones culturales para la promoci\u00f3n de la participaci\u00f3n social e intergeneracional.<\/p>\n<p>El <b>Aula Abierta de Mayores<\/b> de la Universidad Pablo de Olavide, impulsada por el Vicerrectorado de Cultura y Compromiso Social, es un programa de intervenci\u00f3n socioeducativa que fomenta el acceso a la formaci\u00f3n permanente de los mayores de 50 a\u00f1os, para el que no se necesita titulaci\u00f3n previa. Con el lema \u2018Aprender es vivir, nunca dejes de aprender\u2019, cuenta con la colaboraci\u00f3n de la Diputaci\u00f3n de Sevilla, la Consejer\u00eda de Igualdad y Pol\u00edticas Sociales de la Junta de Andaluc\u00eda, Obra Social \u201cLa Caixa\u201d y los ayuntamientos donde tiene lugar dicho programa. En el actual curso acad\u00e9mico cuenta con 843 alumnas y alumnos de diecinueve sedes municipales: Alcal\u00e1 de Guada\u00edra, Almensilla, Aznalc\u00f3llar, Bormujos, Castilleja de la Cuesta, Gerena, Gilena, Gines, Herrera, La Algaba, La Puebla del R\u00edo, La Puebla de Cazalla, Lebrija, Mairena del Alcor, Pedrera, Pilas, Salteras, Santiponce y Tomares<\/p>\n<p><a href=\"https:\/\/www.upo.es\/aula-mayores\/export\/sites\/aula_abierta_mayores\/documentos\/2017-18\/2018_aam_jornadas_triptico.pdf\">VII Jornadas Culturales \u2018Nuestros nombres, nuestra historia\u2019 &#8211; Programa en PDF<\/a><\/p>\n","protected":false},"excerpt":{"rendered":"<p>Alumnos y alumnas de las diecinueve sedes que el Aula Abierta de Mayores de la Universidad Pablo de Olavide tiene en la provincia de Sevilla asisten, hasta ma\u00f1ana jueves 12 de abril en el Paraninfo, a la s\u00e9ptima edici\u00f3n de las Jornadas Culturales \u2018Nuestros nombres, nuestra historia\u2019. <\/p>\n","protected":false},"author":6,"featured_media":0,"comment_status":"closed","ping_status":"open","sticky":false,"template":"","format":"standard","meta":{"_monsterinsights_skip_tracking":false,"_monsterinsights_sitenote_active":false,"_monsterinsights_sitenote_note":"","_monsterinsights_sitenote_category":0,"footnotes":""},"categories":[6],"tags":[2702,52,53,2052,161,2667],"class_list":["post-26193644","post","type-post","status-publish","format-standard","hentry","category-institucional","tag-alumnado","tag-aula-abierta-de-mayores","tag-mayores","tag-municipios","tag-sevilla","tag-vicerrectorado-de-cultura-y-compromiso-social"],"_links":{"self":[{"href":"https:\/\/www.upo.es\/diario\/wp-json\/wp\/v2\/posts\/26193644","targetHints":{"allow":["GET"]}}],"collection":[{"href":"https:\/\/www.upo.es\/diario\/wp-json\/wp\/v2\/posts"}],"about":[{"href":"https:\/\/www.upo.es\/diario\/wp-json\/wp\/v2\/types\/post"}],"author":[{"embeddable":true,"href":"https:\/\/www.upo.es\/diario\/wp-json\/wp\/v2\/users\/6"}],"replies":[{"embeddable":true,"href":"https:\/\/www.upo.es\/diario\/wp-json\/wp\/v2\/comments?post=26193644"}],"version-history":[{"count":4,"href":"https:\/\/www.upo.es\/diario\/wp-json\/wp\/v2\/posts\/26193644\/revisions"}],"predecessor-version":[{"id":26199942,"href":"https:\/\/www.upo.es\/diario\/wp-json\/wp\/v2\/posts\/26193644\/revisions\/26199942"}],"wp:attachment":[{"href":"https:\/\/www.upo.es\/diario\/wp-json\/wp\/v2\/media?parent=26193644"}],"wp:term":[{"taxonomy":"category","embeddable":true,"href":"https:\/\/www.upo.es\/diario\/wp-json\/wp\/v2\/categories?post=26193644"},{"taxonomy":"post_tag","embeddable":true,"href":"https:\/\/www.upo.es\/diario\/wp-json\/wp\/v2\/tags?post=26193644"}],"curies":[{"name":"wp","href":"https:\/\/api.w.org\/{rel}","templated":true}]}}