{"id":2620652,"date":"2014-01-22T12:58:17","date_gmt":"2014-01-22T12:58:17","guid":{"rendered":"https:\/\/www.upo.es\/diario\/?p=2620652"},"modified":"2014-01-23T08:08:00","modified_gmt":"2014-01-23T08:08:00","slug":"jornada-de-puertas-abiertas-en-la-upo-para-los-estudiantes-de-fp","status":"publish","type":"post","link":"https:\/\/www.upo.es\/diario\/institucional\/2014\/01\/jornada-de-puertas-abiertas-en-la-upo-para-los-estudiantes-de-fp\/","title":{"rendered":"Jornada de Puertas Abiertas en la UPO para los estudiantes de FP"},"content":{"rendered":"<figure id=\"attachment_2620657\" aria-describedby=\"caption-attachment-2620657\" style=\"width: 320px\" class=\"wp-caption alignright\"><a href=\"https:\/\/www.upo.es\/diario\/wp-content\/uploads\/2014\/01\/puertas_abiertas_fp1.jpg\"><img loading=\"lazy\" decoding=\"async\" class=\"size-medium wp-image-2620657 \" alt=\"Recorrido por el campus de la UPO, acompa\u00f1ados por estudiantes de la propia universidad \" src=\"https:\/\/www.upo.es\/diario\/wp-content\/uploads\/2014\/01\/puertas_abiertas_fp1-320x213.jpg\" width=\"320\" height=\"213\" srcset=\"https:\/\/www.upo.es\/diario\/wp-content\/uploads\/2014\/01\/puertas_abiertas_fp1-320x213.jpg 320w, https:\/\/www.upo.es\/diario\/wp-content\/uploads\/2014\/01\/puertas_abiertas_fp1-1024x682.jpg 1024w, https:\/\/www.upo.es\/diario\/wp-content\/uploads\/2014\/01\/puertas_abiertas_fp1-600x400.jpg 600w\" sizes=\"auto, (max-width: 320px) 100vw, 320px\" \/><\/a><figcaption id=\"caption-attachment-2620657\" class=\"wp-caption-text\">Recorrido por el campus de la UPO, acompa\u00f1ados por estudiantes de la propia universidad<\/figcaption><\/figure>\n<p style=\"text-align: justify;\">Un total de <strong>342 alumnos de Ciclos Formativos de Grado Superior de 10 centros de Sevilla y provincia<\/strong> han asistido hoy mi\u00e9rcoles a las <strong>Jornadas de Puertas Abiertas<\/strong> que la Universidad Pablo de Olavide organiza para estudiantes de Formaci\u00f3n Profesional, con la finalidad de darles a conocer la oferta de estudios y las instalaciones de esta Universidad.<\/p>\n<p style=\"text-align: justify;\">Los alumnos de Ciclos Formativos de Grado Superior proceden de 10 centros de formaci\u00f3n: IES El Majuelo, IES Torre de los Herberos, IES Isbilya, IES Crist\u00f3bal de Monroy, IES Carmen Laffon, IES Heli\u00f3polis, IES Alixar, CDP Oscus San Pablo, IES Juan de Mairena y IES Pablo Picasso.<\/p>\n<p style=\"text-align: justify;\">En estas Jornadas de Puertas Abiertas, organizadas por la Direcci\u00f3n de Acceso, Difusi\u00f3n y Captaci\u00f3n a trav\u00e9s del \u00c1rea de Estudiantes, la UPO informa y orienta a los estudiantes sobre la oferta de estudios de esta Universidad, el acceso desde los ciclos formativos, el perfil de las titulaciones impartidas y tambi\u00e9n les da a conocer sus instalaciones y las posibilidades que las mismas brindan para su formaci\u00f3n.<\/p>\n<figure id=\"attachment_2620655\" aria-describedby=\"caption-attachment-2620655\" style=\"width: 320px\" class=\"wp-caption alignleft\"><a href=\"https:\/\/www.upo.es\/diario\/wp-content\/uploads\/2014\/01\/puertas_abiertas_fp.jpg\"><img loading=\"lazy\" decoding=\"async\" class=\"size-medium wp-image-2620655 \" alt=\"Un total de 342 alumnos de FP de 10 centros de Sevilla y provincia han asistido  a las Jornadas de Puertas Abiertas\" src=\"https:\/\/www.upo.es\/diario\/wp-content\/uploads\/2014\/01\/puertas_abiertas_fp-320x213.jpg\" width=\"320\" height=\"213\" srcset=\"https:\/\/www.upo.es\/diario\/wp-content\/uploads\/2014\/01\/puertas_abiertas_fp-320x213.jpg 320w, https:\/\/www.upo.es\/diario\/wp-content\/uploads\/2014\/01\/puertas_abiertas_fp-1024x682.jpg 1024w, https:\/\/www.upo.es\/diario\/wp-content\/uploads\/2014\/01\/puertas_abiertas_fp-600x400.jpg 600w\" sizes=\"auto, (max-width: 320px) 100vw, 320px\" \/><\/a><figcaption id=\"caption-attachment-2620655\" class=\"wp-caption-text\">Un total de 342 alumnos de FP de 10 centros de Sevilla y provincia han asistido a las Jornadas de Puertas Abiertas<\/figcaption><\/figure>\n<p style=\"text-align: justify;\">As\u00ed, las Jornadas se organizan en torno a dos actividades que se han celebrado a lo largo de la ma\u00f1ana. Por un lado, en el Paraninfo de la Universidad, ha tenido lugar el acto de bienvenida a los estudiantes a los que se les ha hecho una presentaci\u00f3n global de la UPO y posteriormente cada Facultad informa a los estudiantes sobre los grados que se imparten en su centro as\u00ed como el perfil de las titulaciones impartidas. Por \u00faltimo, los alumnos de FP realizan un recorrido por el campus de la UPO, acompa\u00f1ados por estudiantes de la propia universidad p\u00fablica sevillana.<\/p>\n<p style=\"text-align: justify;\">La Universidad Pablo de Olavide oferta un total de <strong>31 grados europeos para el pr\u00f3ximo curso 2014\/2015<\/strong>. Las titulaciones ofertadas por la UPO son:<\/p>\n<ul>\n<li><strong>Grados:<\/strong> Humanidades, Traducci\u00f3n e Interpretaci\u00f3n (Ingl\u00e9s, Franc\u00e9s y Alem\u00e1n), Geograf\u00eda e Historia, Derecho, Relaciones Laborales y Recursos Humanos, Ciencias Pol\u00edticas y de la Administraci\u00f3n, Administraci\u00f3n y Direcci\u00f3n de Empresas en espa\u00f1ol y en ingl\u00e9s, Finanzas y Contabilidad, Criminolog\u00eda, An\u00e1lisis Econ\u00f3mico, Trabajo Social, Educaci\u00f3n Social, Ciencias de la Actividad F\u00edsica y del Deporte, Sociolog\u00eda, Biotecnolog\u00eda, Ciencias Ambientales, Ingenier\u00eda Inform\u00e1tica en Sistemas de la Informaci\u00f3n y Nutrici\u00f3n Humana y Diet\u00e9tica.<\/li>\n<li><strong>Dobles grados:<\/strong> Humanidades y Traducci\u00f3n e Interpretaci\u00f3n, Administraci\u00f3n y Direcci\u00f3n de Empresas y Derecho (en espa\u00f1ol y con ADE en ingl\u00e9s), Derecho y Finanzas y Contabilidad, Derecho y Ciencias Pol\u00edticas y de la Administraci\u00f3n, Derecho y Criminolog\u00eda, Derecho y Relaciones Laborales y Recursos Humanos, Ciencias Pol\u00edticas y de la Administraci\u00f3n y Sociolog\u00eda, Trabajo Social y Educaci\u00f3n Social, y el nuevo doble grado en Trabajo Social y Sociolog\u00eda.<\/li>\n<\/ul>\n","protected":false},"excerpt":{"rendered":"<p>Un total de 342 alumnos de Ciclos Formativos de Grado Superior de 10 centros de Sevilla y provincia han asistido a las Jornadas de Puertas Abiertas que la Universidad Pablo de Olavide organiza para estudiantes de Formaci\u00f3n Profesional, con la finalidad de darles a conocer la oferta de estudios y las instalaciones de esta Universidad.<\/p>\n","protected":false},"author":4,"featured_media":0,"comment_status":"closed","ping_status":"open","sticky":false,"template":"","format":"standard","meta":{"_monsterinsights_skip_tracking":false,"_monsterinsights_sitenote_active":false,"_monsterinsights_sitenote_note":"","_monsterinsights_sitenote_category":0,"footnotes":""},"categories":[6],"tags":[501,107,21,1109,140,84,376,297],"class_list":["post-2620652","post","type-post","status-publish","format-standard","hentry","category-institucional","tag-acceso","tag-campus","tag-estudiantes","tag-formacion-profesional","tag-fp","tag-jornadas","tag-puertas-abiertas","tag-visita"],"_links":{"self":[{"href":"https:\/\/www.upo.es\/diario\/wp-json\/wp\/v2\/posts\/2620652","targetHints":{"allow":["GET"]}}],"collection":[{"href":"https:\/\/www.upo.es\/diario\/wp-json\/wp\/v2\/posts"}],"about":[{"href":"https:\/\/www.upo.es\/diario\/wp-json\/wp\/v2\/types\/post"}],"author":[{"embeddable":true,"href":"https:\/\/www.upo.es\/diario\/wp-json\/wp\/v2\/users\/4"}],"replies":[{"embeddable":true,"href":"https:\/\/www.upo.es\/diario\/wp-json\/wp\/v2\/comments?post=2620652"}],"version-history":[{"count":5,"href":"https:\/\/www.upo.es\/diario\/wp-json\/wp\/v2\/posts\/2620652\/revisions"}],"predecessor-version":[{"id":2628266,"href":"https:\/\/www.upo.es\/diario\/wp-json\/wp\/v2\/posts\/2620652\/revisions\/2628266"}],"wp:attachment":[{"href":"https:\/\/www.upo.es\/diario\/wp-json\/wp\/v2\/media?parent=2620652"}],"wp:term":[{"taxonomy":"category","embeddable":true,"href":"https:\/\/www.upo.es\/diario\/wp-json\/wp\/v2\/categories?post=2620652"},{"taxonomy":"post_tag","embeddable":true,"href":"https:\/\/www.upo.es\/diario\/wp-json\/wp\/v2\/tags?post=2620652"}],"curies":[{"name":"wp","href":"https:\/\/api.w.org\/{rel}","templated":true}]}}