{"id":26224034,"date":"2018-04-12T11:10:23","date_gmt":"2018-04-12T09:10:23","guid":{"rendered":"https:\/\/www.upo.es\/diario\/?p=26224034"},"modified":"2020-10-27T15:41:47","modified_gmt":"2020-10-27T14:41:47","slug":"hoy-jueves-recapacicla-dia-del-reciclaje-en-la-semana-verde-de-la-universidad-pablo-de-olavide","status":"publish","type":"post","link":"https:\/\/www.upo.es\/diario\/institucional\/2018\/04\/hoy-jueves-recapacicla-dia-del-reciclaje-en-la-semana-verde-de-la-universidad-pablo-de-olavide\/","title":{"rendered":"\u201cRECAPACICLA\u201d, d\u00eda del reciclaje en la Semana Verde de la Universidad Pablo de Olavide"},"content":{"rendered":"<figure id=\"attachment_26224035\" aria-describedby=\"caption-attachment-26224035\" style=\"width: 600px\" class=\"wp-caption aligncenter\"><a href=\"https:\/\/www.upo.es\/diario\/wp-content\/uploads\/2018\/04\/Recapacicla_2018_04_12_03.jpg\"><img loading=\"lazy\" decoding=\"async\" class=\"size-large wp-image-26224035\" alt=\"RECAPACICLA en la UPO\" src=\"https:\/\/www.upo.es\/diario\/wp-content\/uploads\/2018\/04\/Recapacicla_2018_04_12_03-600x400.jpg\" width=\"600\" height=\"400\" \/><\/a><figcaption id=\"caption-attachment-26224035\" class=\"wp-caption-text\">RECAPACICLA en la UPO<\/figcaption><\/figure>\n<p><span style=\"text-decoration: underline;\">Hoy jueves 12 de abril se ha celebrado el <b>D\u00eda del Reciclaje<\/b> de la <b>Semana Verde<\/b> de la Universidad Pablo de Olavide. Bajo el lema <b>RECAPACICLA<\/b>, el <b>Vicerrectorado de Cultura y Compromiso Social<\/b> ha organizado una jornada que se ha desarrollado en el Pasaje de la Ilustraci\u00f3n, en la que se ha podido visitar el stand-exposici\u00f3n \u201c<b>Reto LIPASAM<\/b>\u201d.<\/span> Posteriormente, la profesora Macarena Hern\u00e1ndez del \u00c1rea de Antropolog\u00eda Social ha impartido su conferencia sobre el \u201cUso de la bicicleta en la UPO\u201d y Lourdes Nogales ha dirigido un taller de elaboraci\u00f3n de compost en los Huertos de la Universidad.<\/p>\n<figure id=\"attachment_26224036\" aria-describedby=\"caption-attachment-26224036\" style=\"width: 320px\" class=\"wp-caption alignright\"><a href=\"https:\/\/www.upo.es\/diario\/wp-content\/uploads\/2018\/04\/Recapacicla_2018_04_12_10.jpg\"><img loading=\"lazy\" decoding=\"async\" class=\"size-medium wp-image-26224036\" alt=\"Taller de la Semana Verde de la UPO\" src=\"https:\/\/www.upo.es\/diario\/wp-content\/uploads\/2018\/04\/Recapacicla_2018_04_12_10-320x213.jpg\" width=\"320\" height=\"213\" \/><\/a><figcaption id=\"caption-attachment-26224036\" class=\"wp-caption-text\">Taller de la Semana Verde de la UPO<\/figcaption><\/figure>\n<p>La <b>Semana Verde <\/b>de la UPO<b>,<\/b> que comenz\u00f3 el pasado martes 10 de abril, ocupa varios d\u00edas de actividades y encuentros sobre sensibilizaci\u00f3n en materia de biodiversidad, espacios naturales y educaci\u00f3n ambiental con actividades gratuitas y abiertas a cualquier persona interesada del entorno universitario. Estas jornadas se enmarcan en el proyecto <b><a href=\"https:\/\/www.juntadeandalucia.es\/medioambiente\/site\/portalweb\/menuitem.7e1cf46ddf59bb227a9ebe205510e1ca\/?vgnextoid=facefdd3e8edd210VgnVCM1000001325e50aRCRD&amp;vgnextchannel=2bef3b8e686e4310VgnVCM2000000624e50aRCRD\">Andaluc\u00eda Ecocampus<\/a> <\/b>de la <b>Junta de Andaluc\u00eda<\/b> y las universidades p\u00fablicas andaluzas para reforzar la conexi\u00f3n del alumnado con la realidad del emergente sector del empleo verde y la sostenibilidad ambiental.<\/p>\n<p>Rutas ecol\u00f3gicas para conocer los ecosistemas del campus, talleres en los Huertos y Jard\u00edn de plantas arom\u00e1ticas y medicinales de la UPO y un itinerario guiado de pajareo, adem\u00e1s de diferentes conferencias sobre tem\u00e1tica ecol\u00f3gica, han sido algunas de las actividades desarrolladas hasta hoy. La Semana Verde concluir\u00e1 el <b>s\u00e1bado 14<\/b> con la <b>construcci\u00f3n de una charca para anfibios<\/b> en el campus de la Universidad Pablo de Olavide, que se desarrollar\u00e1 desde las 9:30 horas y tiene como objetivo fomentar la participaci\u00f3n de la comunidad universitaria en la conservaci\u00f3n de la biodiversidad en el campus y sensibilizar sobre su importancia y sus principales amenazas.<\/p>\n","protected":false},"excerpt":{"rendered":"<p>Bajo el lema RECAPACICLA, el Vicerrectorado de Cultura y Compromiso Social ha organizado una jornada que se ha desarrollado en el Pasaje de la Ilustraci\u00f3n, en la que se ha podido visitar el stand-exposici\u00f3n \u201cReto LIPASAM\u201d. La Semana Verde concluir\u00e1 el s\u00e1bado 14 con la construcci\u00f3n de una charca para anfibios en el campus de la Universidad Pablo de Olavide, que se desarrollar\u00e1 desde las 9:30 horas.<\/p>\n","protected":false},"author":14,"featured_media":0,"comment_status":"closed","ping_status":"open","sticky":false,"template":"","format":"standard","meta":{"_monsterinsights_skip_tracking":false,"_monsterinsights_sitenote_active":false,"_monsterinsights_sitenote_note":"","_monsterinsights_sitenote_category":0,"footnotes":""},"categories":[6],"tags":[814,1183,74,4933,3316,447,441,2667],"class_list":["post-26224034","post","type-post","status-publish","format-standard","hentry","category-institucional","tag-biodiversidad","tag-educacion-ambiental","tag-exposiciones","tag-lipasam","tag-recapacicla","tag-reciclaje","tag-semana-verde","tag-vicerrectorado-de-cultura-y-compromiso-social"],"_links":{"self":[{"href":"https:\/\/www.upo.es\/diario\/wp-json\/wp\/v2\/posts\/26224034","targetHints":{"allow":["GET"]}}],"collection":[{"href":"https:\/\/www.upo.es\/diario\/wp-json\/wp\/v2\/posts"}],"about":[{"href":"https:\/\/www.upo.es\/diario\/wp-json\/wp\/v2\/types\/post"}],"author":[{"embeddable":true,"href":"https:\/\/www.upo.es\/diario\/wp-json\/wp\/v2\/users\/14"}],"replies":[{"embeddable":true,"href":"https:\/\/www.upo.es\/diario\/wp-json\/wp\/v2\/comments?post=26224034"}],"version-history":[{"count":2,"href":"https:\/\/www.upo.es\/diario\/wp-json\/wp\/v2\/posts\/26224034\/revisions"}],"predecessor-version":[{"id":30862460,"href":"https:\/\/www.upo.es\/diario\/wp-json\/wp\/v2\/posts\/26224034\/revisions\/30862460"}],"wp:attachment":[{"href":"https:\/\/www.upo.es\/diario\/wp-json\/wp\/v2\/media?parent=26224034"}],"wp:term":[{"taxonomy":"category","embeddable":true,"href":"https:\/\/www.upo.es\/diario\/wp-json\/wp\/v2\/categories?post=26224034"},{"taxonomy":"post_tag","embeddable":true,"href":"https:\/\/www.upo.es\/diario\/wp-json\/wp\/v2\/tags?post=26224034"}],"curies":[{"name":"wp","href":"https:\/\/api.w.org\/{rel}","templated":true}]}}