{"id":26224501,"date":"2018-04-12T12:37:18","date_gmt":"2018-04-12T12:37:18","guid":{"rendered":"https:\/\/www.upo.es\/diario\/?p=26224501"},"modified":"2018-04-19T10:16:25","modified_gmt":"2018-04-19T10:16:25","slug":"la-universidad-pablo-de-olavide-adelanta-a-junio-la-decimosexta-edicion-de-los-cursos-de-verano-en-carmona","status":"publish","type":"post","link":"https:\/\/www.upo.es\/diario\/institucional\/2018\/04\/la-universidad-pablo-de-olavide-adelanta-a-junio-la-decimosexta-edicion-de-los-cursos-de-verano-en-carmona\/","title":{"rendered":"La Universidad Pablo de Olavide adelanta a junio la decimosexta edici\u00f3n de los Cursos de Verano en Carmona"},"content":{"rendered":"<figure id=\"attachment_26224502\" aria-describedby=\"caption-attachment-26224502\" style=\"width: 600px\" class=\"wp-caption aligncenter\"><a href=\"https:\/\/www.upo.es\/diario\/wp-content\/uploads\/2018\/04\/present-Cursos-Verano-UPO-2018.jpg\"><img loading=\"lazy\" decoding=\"async\" class=\"size-large wp-image-26224502\" alt=\"Amparo Rubiales Torrej\u00f3n, Fernando Rodr\u00edguez Villalobos, Vicente Guzm\u00e1n Fluja, Juan \u00c1vila Guti\u00e9rrez y Luis Miguel Pons Moriche\" src=\"https:\/\/www.upo.es\/diario\/wp-content\/uploads\/2018\/04\/present-Cursos-Verano-UPO-2018-600x400.jpg\" width=\"600\" height=\"400\" srcset=\"https:\/\/www.upo.es\/diario\/wp-content\/uploads\/2018\/04\/present-Cursos-Verano-UPO-2018-600x400.jpg 600w, https:\/\/www.upo.es\/diario\/wp-content\/uploads\/2018\/04\/present-Cursos-Verano-UPO-2018-320x213.jpg 320w\" sizes=\"auto, (max-width: 600px) 100vw, 600px\" \/><\/a><figcaption id=\"caption-attachment-26224502\" class=\"wp-caption-text\">Amparo Rubiales Torrej\u00f3n, Fernando Rodr\u00edguez Villalobos, Vicente Guzm\u00e1n Fluja, Juan \u00c1vila Guti\u00e9rrez y Luis Miguel Pons Moriche en la presentaci\u00f3n de los Cursos de Verano 2018<\/figcaption><\/figure>\n<p>Los <b>Cursos de Verano de la Universidad Pablo de Olavide<\/b> se celebrar\u00e1n nuevamente en su sede de Carmona, si bien en la XVI edici\u00f3n se adelantan al mes de junio, <b>comenzando el d\u00eda 18 y prolong\u00e1ndose hasta el 10 de agosto<\/b>. Organizados por la UPO en colaboraci\u00f3n con el Ayuntamiento de esta ciudad, la <b>Casa Palacio de Los Briones<\/b>, sede permanente de la Universidad Pablo de Olavide en Carmona, acoger\u00e1 por decimosexto a\u00f1o consecutivo un total de <b>37 cursos<\/b>.<\/p>\n<p>En los Cursos de Verano 2018 se abordar\u00e1n diversos temas, como el terrorismo yihadista, los desaf\u00edos a la Constituci\u00f3n de 1978, la verdad y la mentira en el periodismo, el <i>coaching<\/i>, la comunicaci\u00f3n y el liderazgo, la alimentaci\u00f3n infantil, los vinos de Andaluc\u00eda, la ciberdelincuencia de g\u00e9nero, la violencia filioparental, el nuevo marco de urbanismo sostenible en Andaluc\u00eda, el derecho deportivo, el porqu\u00e9 del flamenco, los riesgos y amenazas en el ciberespacio, la rehabilitaci\u00f3n del patrimonio, la historia y cultura de los jud\u00edos de Sefarad o la m\u00fasica europea en tiempos de Murillo, entre otros, en los que participar\u00e1n diferentes especialistas nacionales e internacionales.<\/p>\n<p>El rector de la Universidad Pablo de Olavide, <b>Vicente Guzm\u00e1n Fluja<\/b>, ha presidido esta ma\u00f1ana en la Sede de Sevilla de la UPO el acto de presentaci\u00f3n de estos seminarios, acompa\u00f1ado por el presidente de la Diputaci\u00f3n Provincial de Sevilla, <b>Fernando Rodr\u00edguez Villalobos<\/b>; el alcalde de Carmona, <b>Juan \u00c1vila Guti\u00e9rrez<\/b>; la presidenta del Consejo Social de la UPO, <b>Amparo Rubiales Torrej\u00f3n<\/b>; y el subdirector de Acci\u00f3n Social de la Fundaci\u00f3n Cajasol, <b>Luis Miguel Pons Moriche<\/b>, quienes han coincidido en destacar la actualidad de los temas objeto de los cursos de este pr\u00f3ximo verano y la relevancia de los ponentes que intervendr\u00e1n en los mismos.<\/p>\n<p>Asimismo, en dicho evento han participado el vicerrector de Postgrado y Formaci\u00f3n Permanente de la Universidad Pablo de Olavide, <b>Miguel \u00c1ngel Gual Font<\/b>; el vicepresidente ejecutivo de la Fundaci\u00f3n Universidad Pablo de Olavide, <b>David Naranjo Gil<\/b> y el director de la Sede Olavide en Carmona\u2013Rectora Rosario Valpuesta, <b>Francisco Hidalgo Rosendo<\/b>, entre otras autoridades acad\u00e9micas y civiles.<\/p>\n<p>Durante el acto de presentaci\u00f3n, el rector ha destacado que \u201cla misi\u00f3n de las universidades es acercar el conocimiento a las personas, trabajando siempre en beneficio de estas para conseguir que la sociedad sea un lugar mejor\u201d. En esta l\u00ednea, Vicente Guzm\u00e1n ha declarado que las universidades \u201cmarcan el destino de un pa\u00eds porque crean y transmiten el conocimiento de forma cr\u00edtica\u201d, si bien ha advertido que, frente al \u201cmomento delicado\u201d que vivimos, la universidad tiene que liderar la respuesta a las nuevas exigencias de \u201cla digitalizaci\u00f3n y la inteligencia artificial\u201d.<\/p>\n<p>Por su parte, Villalobos ha asegurado que \u201cel 80 por ciento de los j\u00f3venes espa\u00f1oles de entre 20 y 30 a\u00f1os trabajar\u00e1n en profesiones reci\u00e9n nacidas o en gestaci\u00f3n\u201d, por lo que ha defendido que \u201cla principal raz\u00f3n de ser de la universidad es canalizar el talento para moldear los perfiles competitivos que reclama el mercado laboral\u201d.<\/p>\n<p>El alcalde de Carmona ha reiterado el compromiso del Ayuntamiento de la ciudad con este proyecto universitario, al tiempo que ha a\u00f1adido que \u201caunque el \u00e9xito est\u00e1 encima de la mesa, la ilusi\u00f3n no se puede perder nunca y hay que seguir mejorando\u201d.<\/p>\n<p>En esta nueva edici\u00f3n de los cursos, gestionados por la Fundaci\u00f3n Universidad Pablo de Olavide, los seminarios se celebrar\u00e1n entre el 18 de junio y el 13 de julio, mientras que del 16 de julio al 10 de agosto se impartir\u00e1 un curso pr\u00e1ctico destinado a realizar intervenciones arqueol\u00f3gicas de campo. Adem\u00e1s de los tradicionales cursos de cinco d\u00edas, en esta edici\u00f3n se ha vuelto a apostar por la inclusi\u00f3n en el programa estival de seminarios de tres y dos d\u00edas, dirigidos sobre todo al reciclaje de profesionales para que puedan compaginar la formaci\u00f3n con su actividad laboral.<\/p>\n<p>Adem\u00e1s, es destacable que por quinto a\u00f1o consecutivo se hayan vuelto a incluir en la programaci\u00f3n estival dos cursos de verano coordinados por el Centro Adscrito San Isidoro (CEADE) en virtud del convenio suscrito entre la Universidad Pablo de Olavide y esta instituci\u00f3n. En concreto, se trata de los cursos \u201cModa e innovaci\u00f3n: explorando los l\u00edmites de la creatividad\u201d y \u201cI Seminario de formaci\u00f3n deportiva: metodolog\u00eda de la ense\u00f1anza en los deportes de equipo\u201d.<\/p>\n<p>El plazo de matr\u00edcula para inscribirse en los Cursos de Verano 2018 de la Universidad Pablo de Olavide se abrir\u00e1 el 13 de abril y permanecer\u00e1 abierto mientras queden plazas disponibles. Los estudiantes que as\u00ed lo deseen podr\u00e1n realizar su matr\u00edcula a trav\u00e9s de Internet mediante la p\u00e1gina web <a href=\"file:\/\/\/G:\/AppData\/Local\/Temp\/www.upo.es\/olavideencarmona\">www.upo.es\/olavideencarmona<\/a>. En cada curso se reserva un 10 por ciento de las plazas para estudiantes becados.<\/p>\n<p>Estos cursos obtendr\u00e1n el reconocimiento de cr\u00e9ditos para los estudiantes de todas las universidades p\u00fablicas de Andaluc\u00eda y de los centros concertados de la UNED que lo soliciten. Asimismo, los Cursos de Verano de la UPO se desarrollan en colaboraci\u00f3n con la <b>Consejer\u00eda de Educaci\u00f3n de la Junta de Andaluc\u00eda<\/b>, que los inscribir\u00e1 en el Registro de Actividades de Formaci\u00f3n Permanente del Profesorado, con lo cual sirven de m\u00e9rito para el profesorado que as\u00ed lo requiera.<\/p>\n<p><b>Ponentes<\/b><\/p>\n<p>Los Cursos de Verano de este a\u00f1o ofrecen un programa multidisciplinar en el que participar\u00e1n m\u00e1s de 300 ponentes y conferenciantes. Adem\u00e1s, se espera la participaci\u00f3n de unos 800 estudiantes. Con respecto a los ponentes, hay que destacar la presencia en los Cursos de Verano de la ex presidenta del Tribunal Constitucional, <b>Mar\u00eda Emilia Casa<\/b>; de la senadora del PSOE y ex ministra de Cultura, <b>Carmen Alborch<\/b>; del secretario general de CCOO, <b>Unai Sordo<\/b>; del Defensor del Menor de Andaluc\u00eda, <b>Jes\u00fas Maeztu<\/b>; del consejero de Medio Ambiente y Ordenaci\u00f3n del Territorio de la Junta de Andaluc\u00eda, <b>Jos\u00e9 Fiscal<\/b>; de las escritoras <b>Laura Restrepo<\/b> y <b>Laura Freixas<\/b>; de la cantaora <b>Esperanza Fern\u00e1ndez<\/b>; as\u00ed como de la periodista de la cadena SER <b>Pepa Bueno<\/b>, directora del programa \u2018Hoy por hoy\u2019.<\/p>\n<p>Tambi\u00e9n participar\u00e1n otros periodistas como <b>Fran Llorente<\/b>, ex director de Informativos de TVE; <b>\u00c0ngels Barcel\u00f3<\/b>, directora del programa \u2018Hora 25\u2019 de la cadena SER; <b>Soledad Gallego-D\u00edaz<\/b>, columnista de El Pa\u00eds y de la cadena SER; <b>Jes\u00fas Mara\u00f1a<\/b>, editor de Infolibre; <b>Joaqu\u00edn Estefan\u00eda<\/b>, escritor, economista y director de publicaciones del Grupo Prisa desde 1993 a 1996 y director del diario El Pa\u00eds entre los a\u00f1os 1988 y 1993; <b>Jes\u00fas Quintero<\/b>, director y presentador de programas de radio y televisi\u00f3n; <b>Luc\u00eda M\u00e9ndez<\/b>, redactora jefe de opini\u00f3n de El Mundo; <b>Manuel Castillo<\/b>, director del diario Sur de M\u00e1laga; <b>Antonio Y\u00e9lamo<\/b>, director de la cadena SER en Andaluc\u00eda; <b>Pilar Vergara<\/b>, directora operativa de Canal Sur Radio y TV; <b>Javier Bauluz<\/b>, fotoperiodista, director de Periodismo Humano y premio Pulitzer de periodismo en 1995; <b>Juanlu S\u00e1nchez<\/b>, subdirector de eldiario.es; y <b>Rafael Cremades<\/b>, presentador del programa \u201cAqu\u00ed estamos\u201d de Canal Sur Radio.<\/p>\n<p>La abogada <b>Ana Mar\u00eda Ruiz Tagle<\/b>, ex diputada constituyente y presidenta de la Asociaci\u00f3n Rosario Valpuesta, tambi\u00e9n participar\u00e1 en los Cursos de Verano de Olavide en Carmona, as\u00ed como el juez <b>Francisco Serrano<\/b>; <b>Fernando Reinares<\/b>, catedr\u00e1tico de Ciencia Pol\u00edtica de la Universidad Rey Juan Carlos e investigador principal del Real Instituto Elcano; <b>Manuel Navarrete<\/b>, coronel de la Guardia Civil y director del Centro Europeo Contra Terrorismo de Europol; <b>Ignacio Gabald\u00f3n<\/b>, coronel del Ej\u00e9rcito de Tierra; o <b>Federico Aznar<\/b>, capit\u00e1n de fragata de la Armada y analista principal del Instituto Espa\u00f1ol de Estudios Estrat\u00e9gicos (IEEE).<\/p>\n<p>Asimismo, tambi\u00e9n se contar\u00e1 con la participaci\u00f3n de <b>Joaqu\u00edn Ur\u00edas<\/b>, profesor de Derecho Constitucional y ex letrado del Tribunal Constitucional; <b>Nuria L\u00f3pez<\/b>, secretaria general de CCOO de Andaluc\u00eda; <b>Juantxo L\u00f3pez Uralde<\/b>, diputado de Unidos Podemos en el Congreso y coportavoz federal de EQUO; <b>Eva Garc\u00eda Sempere<\/b>, diputada de Unidos Podemos en el Congreso y coordinadora del \u00c1rea Federal de Medio Ambiente de Izquierda Unida; <b>Elena Ruiz \u00c1ngel<\/b>, directora del Instituto Andaluz de la Mujer; o <b>Fernando Villanueva Lazo<\/b>, subdirector de la Direcci\u00f3n General de Urbanismo de la Consejer\u00eda de Medio Ambiente y Ordenaci\u00f3n del Territorio de la Junta de Andaluc\u00eda.<\/p>\n<p>Destaca adem\u00e1s la participaci\u00f3n del dise\u00f1ador de moda <b>Ernesto Naranjo<\/b>; de los directores de cine <b>Paco Cabezas<\/b>, <b>Alberto Rodr\u00edguez Librero<\/b> y <b>Miguel \u00c1ngel Vivas<\/b>; del m\u00fasico <b>Diego Amador<\/b>; y de la cantaora y bailaora <b>Ana Salazar<\/b>.<\/p>\n<p>Esta nueva edici\u00f3n de los Cursos de Verano de la Universidad Pablo de Olavide cuenta con la colaboraci\u00f3n de 78 entidades p\u00fablicas y privadas.<\/p>\n<p>M\u00e1s informaci\u00f3n en <a href=\"http:\/\/www.upo.es\/olavideencarmona\/cursos_de_verano\/\">www.upo.es\/olavideencarmona\/cursos_de_verano\/<\/a><\/p>\n","protected":false},"excerpt":{"rendered":"<p>Los Cursos de Verano de la Universidad Pablo de Olavide se celebrar\u00e1n nuevamente en su sede de Carmona, si bien en la XVI edici\u00f3n se adelantan al mes de junio, comenzando el d\u00eda 18 y prolong\u00e1ndose hasta el 10 de agosto. Organizados por la UPO en colaboraci\u00f3n con el Ayuntamiento de esta ciudad, la Casa Palacio de Los Briones, sede permanente de la Universidad Pablo de Olavide en Carmona, acoger\u00e1 por decimosexto a\u00f1o consecutivo un total de 37 cursos. <\/p>\n","protected":false},"author":6,"featured_media":0,"comment_status":"closed","ping_status":"open","sticky":false,"template":"","format":"standard","meta":{"_monsterinsights_skip_tracking":false,"_monsterinsights_sitenote_active":false,"_monsterinsights_sitenote_note":"","_monsterinsights_sitenote_category":0,"footnotes":""},"categories":[6],"tags":[1529,22,2474],"class_list":["post-26224501","post","type-post","status-publish","format-standard","hentry","category-institucional","tag-cursos","tag-cursos-de-verano","tag-fundacion-universidad-pablo-de-olavide"],"_links":{"self":[{"href":"https:\/\/www.upo.es\/diario\/wp-json\/wp\/v2\/posts\/26224501","targetHints":{"allow":["GET"]}}],"collection":[{"href":"https:\/\/www.upo.es\/diario\/wp-json\/wp\/v2\/posts"}],"about":[{"href":"https:\/\/www.upo.es\/diario\/wp-json\/wp\/v2\/types\/post"}],"author":[{"embeddable":true,"href":"https:\/\/www.upo.es\/diario\/wp-json\/wp\/v2\/users\/6"}],"replies":[{"embeddable":true,"href":"https:\/\/www.upo.es\/diario\/wp-json\/wp\/v2\/comments?post=26224501"}],"version-history":[{"count":2,"href":"https:\/\/www.upo.es\/diario\/wp-json\/wp\/v2\/posts\/26224501\/revisions"}],"predecessor-version":[{"id":26224504,"href":"https:\/\/www.upo.es\/diario\/wp-json\/wp\/v2\/posts\/26224501\/revisions\/26224504"}],"wp:attachment":[{"href":"https:\/\/www.upo.es\/diario\/wp-json\/wp\/v2\/media?parent=26224501"}],"wp:term":[{"taxonomy":"category","embeddable":true,"href":"https:\/\/www.upo.es\/diario\/wp-json\/wp\/v2\/categories?post=26224501"},{"taxonomy":"post_tag","embeddable":true,"href":"https:\/\/www.upo.es\/diario\/wp-json\/wp\/v2\/tags?post=26224501"}],"curies":[{"name":"wp","href":"https:\/\/api.w.org\/{rel}","templated":true}]}}