{"id":2630281,"date":"2014-01-23T13:24:41","date_gmt":"2014-01-23T13:24:41","guid":{"rendered":"https:\/\/www.upo.es\/diario\/?p=2630281"},"modified":"2014-01-27T12:18:51","modified_gmt":"2014-01-27T12:18:51","slug":"la-caida-en-la-poblacion-activa-y-el-empleo-temporal-hacen-que-la-tasa-de-paro-deje-de-crecer","status":"publish","type":"post","link":"https:\/\/www.upo.es\/diario\/institucional\/2014\/01\/la-caida-en-la-poblacion-activa-y-el-empleo-temporal-hacen-que-la-tasa-de-paro-deje-de-crecer\/","title":{"rendered":"La ca\u00edda en la poblaci\u00f3n activa y el empleo temporal hacen que la tasa de paro deje de crecer"},"content":{"rendered":"<figure id=\"attachment_2630282\" aria-describedby=\"caption-attachment-2630282\" style=\"width: 320px\" class=\"wp-caption alignright\"><a href=\"https:\/\/www.upo.es\/diario\/wp-content\/uploads\/2014\/01\/variacion-interanual-empleados.png\"><img loading=\"lazy\" decoding=\"async\" class=\"size-medium wp-image-2630282\" alt=\"Gr\u00e1fico de la variaci\u00f3n interanual de empleados en el cuarto trimestre (2002\/2013)\" src=\"https:\/\/www.upo.es\/diario\/wp-content\/uploads\/2014\/01\/variacion-interanual-empleados-320x213.png\" width=\"320\" height=\"213\" srcset=\"https:\/\/www.upo.es\/diario\/wp-content\/uploads\/2014\/01\/variacion-interanual-empleados-320x213.png 320w, https:\/\/www.upo.es\/diario\/wp-content\/uploads\/2014\/01\/variacion-interanual-empleados.png 600w\" sizes=\"auto, (max-width: 320px) 100vw, 320px\" \/><\/a><figcaption id=\"caption-attachment-2630282\" class=\"wp-caption-text\">El empleo en el sector privado est\u00e1 ya pr\u00f3ximo a pasar de cifras\u00a0negativas a positivas en el conjunto de Espa\u00f1a<\/figcaption><\/figure>\n<p>La C\u00e1tedra BBVA de An\u00e1lisis Econ\u00f3mico de la Universidad Pablo de Olavide, dirigida por el profesor Jos\u00e9 Ignacio Garc\u00eda P\u00e9rez, ha realizado el an\u00e1lisis del mercado de trabajo de Espa\u00f1a y Andaluc\u00eda de acuerdo a los datos ofrecidos por la Encuesta de Poblaci\u00f3n Activa (EPA) del cuarto trimestre de 2013. La econom\u00eda espa\u00f1ola ha destruido 65.000 empleos en los \u00faltimos tres\u00a0 meses, tras el leve repunte del verano, por lo que el balance de 2013 es de casi 200.000 empleos perdidos. No obstante, 2013 ha terminado con 69.000 desempleados menos. Es <b>la primera vez, tras seis a\u00f1os de crisis, que la tasa de paro no crece<\/b> (sigue instalada en el 26% que mostraba a finales de 2012). En Andaluc\u00eda la tasa de paro ha crecido levemente en el \u00faltimo a\u00f1o hasta llegar al 36,3% de la poblaci\u00f3n activa.<\/p>\n<p>Este leve decrecimiento del desempleo se debe, en su totalidad, a una ca\u00edda en el n\u00famero de personas que buscan empleo: a finales de 2013 <b>hay casi 268.000 personas menos en la Poblaci\u00f3n Activa en Espa\u00f1a (30.000 menos en Andaluc\u00eda)<\/b>. La causa fundamental de esta ca\u00edda es la salida de Espa\u00f1a de m\u00e1s de 160.000 extranjeros.<\/p>\n<p>Por el contrario, la <b>aparente marcha de mano de obra nativa no es tan importante como pudiera parecer<\/b>: la poblaci\u00f3n nativa de entre 16 y 64 a\u00f1os ha disminuido en el \u00faltimo a\u00f1o en 48.300 personas, lo cual puede dar una pista sobre el orden de magnitud de los flujos migratorios de dicha poblaci\u00f3n, mucho menos importantes que los que ha experimentado la poblaci\u00f3n extranjera.<\/p>\n<p><b>El empleo en el sector privado en Espa\u00f1a est\u00e1 pr\u00f3ximo a mostrar tasas positivas de crecimiento<\/b>, tras 6 a\u00f1os cayendo de manera abultada. Sin embargo, la totalidad del poco empleo creado en los \u00faltimos meses es empleo temporal. Por el contrario, el empleo p\u00fablico sigue cayendo al 4% en el conjunto de Espa\u00f1a (al 3% en Andaluc\u00eda).<\/p>\n<p>Corremos, por tanto, el peligro de empezar a crecer con el mismo modelo de creaci\u00f3n de empleo que nos trajo hasta aqu\u00ed: la tasa de temporalidad no deja de crecer y es hoy ya casi el 24% del total del empleo asalariado. En Andaluc\u00eda la temporalidad se acerca ya al 34% del total de asalariados.<\/p>\n<p><b>AN\u00c1LISIS A NIVEL PROVINCIAL DEL MERCADO DE TRABAJO ANDALUZ<\/b><\/p>\n<p>En este informe aportamos un <b>nuevo an\u00e1lisis a nivel provincial del mercado de trabajo andaluz<\/b>. <b>El empleo est\u00e1 ya creciendo a tasas positivas en Granada, M\u00e1laga, Ja\u00e9n y Huelva<\/b>, aunque como se dec\u00eda antes, es todo empleo temporal el que est\u00e1 creciendo.<\/p>\n<p>Los flujos de <b>salida de inmigrantes son especialmente importantes en Almer\u00eda y C\u00e1diz,<\/b> mientras que es la poblaci\u00f3n aut\u00f3ctona de Granada, Huelva y C\u00f3rdoba la que sale de Espa\u00f1a a mayores tasas.<\/p>\n<p>Aunque la recuperaci\u00f3n empiece pr\u00f3ximamente, <b>el problema fundamental de nuestro mercado de trabajo es ahora el paro de larga duraci\u00f3n<\/b>: casi 3,6 millones de desempleados lleva m\u00e1s de un a\u00f1o sin trabajar. Este es el principal reto de nuestra sociedad: es vital conseguir que la mayor proporci\u00f3n de parados de larga duraci\u00f3n trabaje y se forme cuanto antes si no queremos perder para mucho tiempo a tantos millones de ciudadanos.<\/p>\n<p><b>Informe completo disponible en: <\/b><br \/>\n<a href=\"https:\/\/www.upo.es\/econ\/master\/documentos\/informe_epa_2013T3.pdf\">https:\/\/www.upo.es\/econ\/master\/documentos\/informe_epa_2013T4.pdf<\/a><\/p>\n","protected":false},"excerpt":{"rendered":"<p>La C\u00e1tedra BBVA de An\u00e1lisis Econ\u00f3mico de la Universidad Pablo de Olavide, dirigida por el profesor Jos\u00e9 Ignacio Garc\u00eda P\u00e9rez, ha realizado el an\u00e1lisis del mercado de trabajo de Espa\u00f1a y Andaluc\u00eda de acuerdo a los datos ofrecidos por la Encuesta de Poblaci\u00f3n Activa (EPA) del cuarto trimestre de 2013. La econom\u00eda espa\u00f1ola ha destruido 65.000 empleos en los \u00faltimos tres  meses, tras el leve repunte del verano, por lo que el balance de 2013 es de casi 200.000 empleos perdidos. No obstante, 2013 ha terminado con 69.000 desempleados menos. Es la primera vez, tras seis a\u00f1os de crisis, que la tasa de paro no crece.<\/p>\n","protected":false},"author":6,"featured_media":0,"comment_status":"closed","ping_status":"open","sticky":false,"template":"","format":"standard","meta":{"_monsterinsights_skip_tracking":false,"_monsterinsights_sitenote_active":false,"_monsterinsights_sitenote_note":"","_monsterinsights_sitenote_category":0,"footnotes":""},"categories":[6],"tags":[553,190,552,688,191,63,438,238,285,731,567],"class_list":["post-2630281","post","type-post","status-publish","format-standard","hentry","category-institucional","tag-analisis-economico","tag-andalucia","tag-catedra-bbva","tag-creacion-de-empleo","tag-desempleo","tag-economia","tag-empleo","tag-encuesta","tag-espana","tag-informe","tag-mercado-laboral"],"_links":{"self":[{"href":"https:\/\/www.upo.es\/diario\/wp-json\/wp\/v2\/posts\/2630281","targetHints":{"allow":["GET"]}}],"collection":[{"href":"https:\/\/www.upo.es\/diario\/wp-json\/wp\/v2\/posts"}],"about":[{"href":"https:\/\/www.upo.es\/diario\/wp-json\/wp\/v2\/types\/post"}],"author":[{"embeddable":true,"href":"https:\/\/www.upo.es\/diario\/wp-json\/wp\/v2\/users\/6"}],"replies":[{"embeddable":true,"href":"https:\/\/www.upo.es\/diario\/wp-json\/wp\/v2\/comments?post=2630281"}],"version-history":[{"count":5,"href":"https:\/\/www.upo.es\/diario\/wp-json\/wp\/v2\/posts\/2630281\/revisions"}],"predecessor-version":[{"id":2669566,"href":"https:\/\/www.upo.es\/diario\/wp-json\/wp\/v2\/posts\/2630281\/revisions\/2669566"}],"wp:attachment":[{"href":"https:\/\/www.upo.es\/diario\/wp-json\/wp\/v2\/media?parent=2630281"}],"wp:term":[{"taxonomy":"category","embeddable":true,"href":"https:\/\/www.upo.es\/diario\/wp-json\/wp\/v2\/categories?post=2630281"},{"taxonomy":"post_tag","embeddable":true,"href":"https:\/\/www.upo.es\/diario\/wp-json\/wp\/v2\/tags?post=2630281"}],"curies":[{"name":"wp","href":"https:\/\/api.w.org\/{rel}","templated":true}]}}