{"id":26345645,"date":"2018-04-23T10:04:33","date_gmt":"2018-04-23T08:04:33","guid":{"rendered":"https:\/\/www.upo.es\/diario\/?p=26345645"},"modified":"2020-10-27T15:45:01","modified_gmt":"2020-10-27T14:45:01","slug":"el-rector-da-la-bienvenida-a-los-representantes-de-las-universidades-de-la-i-international-staff-week-de-la-upo","status":"publish","type":"post","link":"https:\/\/www.upo.es\/diario\/institucional\/2018\/04\/el-rector-da-la-bienvenida-a-los-representantes-de-las-universidades-de-la-i-international-staff-week-de-la-upo\/","title":{"rendered":"El rector da la bienvenida a los representantes de las universidades de la \u201cI International Staff Week\u201d de la UPO"},"content":{"rendered":"<figure id=\"attachment_26345646\" aria-describedby=\"caption-attachment-26345646\" style=\"width: 600px\" class=\"wp-caption aligncenter\"><a href=\"https:\/\/www.upo.es\/diario\/wp-content\/uploads\/2018\/04\/Int-Staff-Week_2018.jpg\"><img loading=\"lazy\" decoding=\"async\" class=\"size-large wp-image-26345646\" alt=\"El rector entre los representantes de la UPO de las otras universidades europeas que participan en la I International Staff Week\" src=\"https:\/\/www.upo.es\/diario\/wp-content\/uploads\/2018\/04\/Int-Staff-Week_2018-600x337.jpg\" width=\"600\" height=\"337\" \/><\/a><figcaption id=\"caption-attachment-26345646\" class=\"wp-caption-text\">El rector entre los representantes de la UPO de las otras universidades europeas que participan en la I International Staff Week<\/figcaption><\/figure>\n<p><span style=\"text-decoration: underline;\">El rector de la Universidad Pablo de Olavide <b>Vicente Guzm\u00e1n Fluja<\/b>, acompa\u00f1ado por la vicerrectora de Internacionalizaci\u00f3n <b>Isabel Victoria Lucena Cid, <\/b>la directora general de Idiomas y Estudiantes Extranjeros<b> Ver\u00f3nica Pacheco Costa<\/b> y el director del \u00c1rea de Relaciones Internacionales y Cooperaci\u00f3n <b>Miguel \u00c1ngel Herrera S\u00e1nchez<\/b>, ha dado la bienvenida esta ma\u00f1ana en el Rectorado a los participantes en la <b>I International Staff Week<\/b> que organiza la UPO.<\/span><\/p>\n<p>Vicente Guzm\u00e1n ha mostrado su satisfacci\u00f3n por el inter\u00e9s de otras universidades en la Pablo de Olavide y ha destacado la orientaci\u00f3n de la entidad hacia la internacionalizaci\u00f3n. \u201cCreemos que esta es la mejor forma de trabajar con otras universidades y estoy seguro que esta Semana Internacional consolidar\u00e1 parte del trabajo que ya venimos desarrollando en este campo\u201d, ha se\u00f1alado.<\/p>\n<p>Igualmente se ha pronunciado la vicerrectora Isabel Victoria Lucena que\u00a0\u00a0\u00a0 ha se\u00f1alado que la UPO ha recibido m\u00e1s de cien solicitudes cuando las plazas ofertadas para la <i>Staff Week<\/i> estaban limitadas a veinte para poder desarrollar el trabajo de toda la semana sin complicaciones. Por su parte, Ver\u00f3nica Pacheco ha recordado los beneficios de los programas Erasmus para toda la comunidad universitaria y c\u00f3mo suponen para sus participantes una manera de mejorar su empleabilidad y su carrera profesional. Por su parte, Miguel \u00c1ngel Herrera ha insistido en los beneficios de la internacionalizaci\u00f3n para el trabajo que se desarrolla en la Universidad Pablo de Olavide y ha deseado a los participantes de la <i>I International Staff Week<\/i> de la UPO una semana muy productiva tanto en la Universidad como en la ciudad.<\/p>\n<p>De esta forma, desde hoy lunes 23 hasta el viernes 27 de abril, la Universidad Pablo de Olavide acoge a 20 representantes de universidades europeas, tanto personal de administraci\u00f3n y servicios como docente, para quienes se ha organizado un programa de actividades de manera que puedan conocer la instituci\u00f3n y los servicios que presta a la comunidad universitaria y a la sociedad en general.<\/p>\n<p>Esta semana internacional supone para la Universidad Pablo de Olavide la oportunidad de consolidar colaboraciones e iniciar otras nuevas orientadas a promover espacios de encuentro para compartir buenas pr\u00e1cticas y experiencias en eventos como este. Participan en la <i>I International Staff Week<\/i> de la UPO personal universitario de: University College of Teacher Education (<b>Austria<\/b>); University of Veliko Tarnovo (<b>Bulgaria<\/b>); University of Life Sciences (<b>Estonia<\/b>); University of Tartu (<b>Estonia<\/b>); Universit\u00e9 de Picardie Jules Verne (<b>Francia<\/b>); Universit\u00e9 Paris Diderot (<b>Francia<\/b>); Evangelische Hochschulre Rheinland-Westfalen-Lippe Bochum (<b>Alemania<\/b>); Friedrich Alexander Universit\u00e4t Erlangen-N\u00fcrnberg (<b>Alemania<\/b>); Hochschule Bremen (<b>Alemania<\/b>); Piraeus University (<b>Grecia<\/b>); University of Genoa (<b>Italia<\/b>); Gdansk University of Techology (<b>Polonia<\/b>); University of Silesia in Katowice (<b>Polonia<\/b>); University of Ljubljana (<b>Eslovenia<\/b>); Amsterdam School of International Business (<b>Holanda<\/b>); y Bogazici University (<b>Turqu\u00eda<\/b>).<\/p>\n<p>Talleres sobre las Relaciones Internacionales de la UPO o exposiciones sobre el Servicio de Deportes, el Servicio de Idiomas, la Biblioteca, la Atenci\u00f3n a la Diversidad o Cultura y Participaci\u00f3n Social son algunas de las propuestas para estos d\u00edas. Durante estas jornadas, los participantes tambi\u00e9n conocer\u00e1n el centro hist\u00f3rico de la ciudad de Sevilla, la sede Olavide en Carmona, la Residencia Universitaria Flora Trist\u00e1n y se iniciar\u00e1n en el idioma espa\u00f1ol. Por otra parte, los representantes de las universidades socias presentar\u00e1n sus entidades en un acto que estar\u00e1 abierto para los alumnos y alumnas seleccionadas para esos destinos el pr\u00f3ximo curso, as\u00ed como para miembros de las facultades interesadas.<\/p>\n","protected":false},"excerpt":{"rendered":"<p>El rector de la Universidad Pablo de Olavide Vicente Guzm\u00e1n Fluja, acompa\u00f1ado por la vicerrectora de Internacionalizaci\u00f3n Isabel Victoria Lucena Cid, la directora general de Idiomas y Estudiantes Extranjeros Ver\u00f3nica Pacheco Costa y el director del \u00c1rea de Relaciones Internacionales y Cooperaci\u00f3n Miguel \u00c1ngel Herrera S\u00e1nchez, ha dado la bienvenida en el Rectorado a los participantes en la I International Staff Week que organiza la UPO. <\/p>\n","protected":false},"author":14,"featured_media":0,"comment_status":"closed","ping_status":"open","sticky":false,"template":"","format":"standard","meta":{"_monsterinsights_skip_tracking":false,"_monsterinsights_sitenote_active":false,"_monsterinsights_sitenote_note":"","_monsterinsights_sitenote_category":0,"footnotes":""},"categories":[6],"tags":[847,3951,925,4954,38,39,3620],"class_list":["post-26345645","post","type-post","status-publish","format-standard","hentry","category-institucional","tag-aric","tag-direccion-general-de-idiomas","tag-internacionalizacion","tag-international-staff-week","tag-rector","tag-universidades","tag-vicerrectorado-de-internacionalizacion"],"_links":{"self":[{"href":"https:\/\/www.upo.es\/diario\/wp-json\/wp\/v2\/posts\/26345645","targetHints":{"allow":["GET"]}}],"collection":[{"href":"https:\/\/www.upo.es\/diario\/wp-json\/wp\/v2\/posts"}],"about":[{"href":"https:\/\/www.upo.es\/diario\/wp-json\/wp\/v2\/types\/post"}],"author":[{"embeddable":true,"href":"https:\/\/www.upo.es\/diario\/wp-json\/wp\/v2\/users\/14"}],"replies":[{"embeddable":true,"href":"https:\/\/www.upo.es\/diario\/wp-json\/wp\/v2\/comments?post=26345645"}],"version-history":[{"count":1,"href":"https:\/\/www.upo.es\/diario\/wp-json\/wp\/v2\/posts\/26345645\/revisions"}],"predecessor-version":[{"id":30862847,"href":"https:\/\/www.upo.es\/diario\/wp-json\/wp\/v2\/posts\/26345645\/revisions\/30862847"}],"wp:attachment":[{"href":"https:\/\/www.upo.es\/diario\/wp-json\/wp\/v2\/media?parent=26345645"}],"wp:term":[{"taxonomy":"category","embeddable":true,"href":"https:\/\/www.upo.es\/diario\/wp-json\/wp\/v2\/categories?post=26345645"},{"taxonomy":"post_tag","embeddable":true,"href":"https:\/\/www.upo.es\/diario\/wp-json\/wp\/v2\/tags?post=26345645"}],"curies":[{"name":"wp","href":"https:\/\/api.w.org\/{rel}","templated":true}]}}